{"id":48292,"date":"2014-08-18T15:46:32","date_gmt":"2014-08-18T18:46:32","guid":{"rendered":"http:\/\/www.unicap.br\/assecom1\/?p=48292"},"modified":"2014-08-18T15:46:32","modified_gmt":"2014-08-18T18:46:32","slug":"7o-congresso-internacional-de-fisioterapia-em-pernambuco","status":"publish","type":"post","link":"https:\/\/www1.unicap.br\/assecom1\/7o-congresso-internacional-de-fisioterapia-em-pernambuco\/","title":{"rendered":"7\u00ba Congresso Internacional de Fisioterapia em Pernambuco"},"content":{"rendered":"<p><strong>Com informa\u00e7\u00f5es da Assessoria do evento\u00a0<\/strong><\/p>\n<p>Com o tema\u00a0<em>Movimento \u00e9 Vida<\/em>, o\u00a0<strong>7\u00ba Congresso Internacional de Fisioterapia<\/strong>\u00a0abordar\u00e1 a profiss\u00e3o em seus mais diversos segmentos, com confer\u00eancias e workshops ministrados por grandes nomes da Fisioterapia Mundial e os maiores \u00edcones da Fisioterapia Nacional. O evento ser\u00e1 realizado no Centro de Conven\u00e7\u00f5es do Hotel Arma\u00e7\u00e3o, em Porto de Galinhas, Pernambuco, de 11 a 14 de setembro.<\/p>\n<p>O Congresso \u00e9 voltado para estudantes e profissionais da Fisioterapia e objetiva discutir, de forma cient\u00edfica, o que h\u00e1 de mais atual em termos de abordagens terap\u00eauticas e diagn\u00f3sticas no mundo. O evento permitir\u00e1 apresentar a abrang\u00eancia da Fisioterapia e as possibilidades de atua\u00e7\u00e3o dos profissionais, destacando a import\u00e2ncia da profiss\u00e3o para a sociedade. A programa\u00e7\u00e3o das confer\u00eancias \u00e9 segmentada, sendo dividida em: Diagn\u00f3stico Cinesiol\u00f3gico Funcional, Fisioterapia Musculoesquel\u00e9tica, Fisioterapia Intertegumentar, Fisioterapia Neuromuscular e Fisioterapia Cardiopulmonar. Al\u00e9m disso, conta tamb\u00e9m com palestras ministradas por conferencistas estrangeiros, debates de temas cl\u00ednicos e mini-cursos.<\/p>\n<p>O\u00a0<strong>7\u00ba Congresso Internacional de Fisioterapia<\/strong>\u00a0\u00e9 promovido pela Sociedade Brasileira de Fisioterapia (SBF) e conta com o fisioterapeuta Rog\u00e9rio Antunes como presidente. As inscri\u00e7\u00f5es podem ser realizadas no site da SBF, atrav\u00e9s do link:\u00a0<a href=\"http:\/\/www.sbf.org.br\/2014\/congresso-inscricoes\/\">http:\/\/www.sbf.org.br\/2014\/congresso-inscricoes\/<\/a>. A data para o envio de trabalhos cient\u00edficos foi prorrogada at\u00e9 o dia 15 de agosto. Mais informa\u00e7\u00f5es no site: \u00a0<a href=\"http:\/\/www.sbf.org.br\/2014\/congresso-programacao\/\">http:\/\/www.sbf.org.br\/2014\/congresso-programacao\/<\/a><\/p>\n","protected":false},"excerpt":{"rendered":"<p>Com informa\u00e7\u00f5es da Assessoria do evento\u00a0 Com o tema\u00a0Movimento \u00e9 Vida, o\u00a07\u00ba Congresso Internacional de Fisioterapia\u00a0abordar\u00e1 a profiss\u00e3o em seus mais diversos segmentos, com confer\u00eancias e workshops ministrados por grandes nomes da Fisioterapia Mundial e os maiores \u00edcones da Fisioterapia Nacional. O evento ser\u00e1 realizado no Centro de Conven\u00e7\u00f5es do Hotel Arma\u00e7\u00e3o, em Porto de [&hellip;]<\/p>\n","protected":false},"author":60,"featured_media":48293,"comment_status":"open","ping_status":"open","sticky":false,"template":"","format":"standard","meta":[],"categories":[4],"tags":[],"jetpack-related-posts":[],"_links":{"self":[{"href":"https:\/\/www1.unicap.br\/assecom1\/wp-json\/wp\/v2\/posts\/48292"}],"collection":[{"href":"https:\/\/www1.unicap.br\/assecom1\/wp-json\/wp\/v2\/posts"}],"about":[{"href":"https:\/\/www1.unicap.br\/assecom1\/wp-json\/wp\/v2\/types\/post"}],"author":[{"embeddable":true,"href":"https:\/\/www1.unicap.br\/assecom1\/wp-json\/wp\/v2\/users\/60"}],"replies":[{"embeddable":true,"href":"https:\/\/www1.unicap.br\/assecom1\/wp-json\/wp\/v2\/comments?post=48292"}],"version-history":[{"count":2,"href":"https:\/\/www1.unicap.br\/assecom1\/wp-json\/wp\/v2\/posts\/48292\/revisions"}],"predecessor-version":[{"id":48352,"href":"https:\/\/www1.unicap.br\/assecom1\/wp-json\/wp\/v2\/posts\/48292\/revisions\/48352"}],"wp:featuredmedia":[{"embeddable":true,"href":"https:\/\/www1.unicap.br\/assecom1\/wp-json\/wp\/v2\/media\/48293"}],"wp:attachment":[{"href":"https:\/\/www1.unicap.br\/assecom1\/wp-json\/wp\/v2\/media?parent=48292"}],"wp:term":[{"taxonomy":"category","embeddable":true,"href":"https:\/\/www1.unicap.br\/assecom1\/wp-json\/wp\/v2\/categories?post=48292"},{"taxonomy":"post_tag","embeddable":true,"href":"https:\/\/www1.unicap.br\/assecom1\/wp-json\/wp\/v2\/tags?post=48292"}],"curies":[{"name":"wp","href":"https:\/\/api.w.org\/{rel}","templated":true}]}}