{"id":48150,"date":"2014-08-06T12:35:35","date_gmt":"2014-08-06T15:35:35","guid":{"rendered":"http:\/\/www.unicap.br\/assecom1\/?p=48150"},"modified":"2014-08-06T16:09:58","modified_gmt":"2014-08-06T19:09:58","slug":"alianca-francesa-promove-sexta-feira-debate-com-medica-sobre-o-documentario-le-ventre-notre-deuxieme-cerveau","status":"publish","type":"post","link":"https:\/\/www1.unicap.br\/assecom1\/alianca-francesa-promove-sexta-feira-debate-com-medica-sobre-o-documentario-le-ventre-notre-deuxieme-cerveau\/","title":{"rendered":"Alian\u00e7a Francesa promove sexta-feira debate sobre o document\u00e1rio \u201cLe ventre, notre deuxi\u00e8me cerveau\u201d"},"content":{"rendered":"<p style=\"text-align: justify;\"><em><b style=\"font-size: large;\"><span style=\"text-align: justify; line-height: 18.399999618530273px;\">Na pr\u00f3xima sexta-feira, dia 08, a Alian\u00e7a Francesa ir\u00e1 exibir o document\u00e1rio \u201c<\/span><span style=\"text-align: justify; line-height: 18.399999618530273px;\">Le ventre, notre deuxi\u00e8me cerveau<\/span><i style=\"line-height: 14.720001220703125px; text-align: justify;\">\u201d,\u00a0<\/i><span style=\"line-height: 14.720001220703125px; text-align: justify;\">dirigido por<\/span><i style=\"line-height: 14.720001220703125px; text-align: justify;\">\u00a0<\/i><span style=\"text-align: justify; line-height: 18.399999618530273px;\">C\u00e9cile Denjean<\/span><i style=\"line-height: 14.720001220703125px; text-align: justify;\">.\u00a0<\/i><span style=\"text-align: justify; line-height: 18.399999618530273px;\">Destinado n\u00e3o s\u00f3 aos profissionais e estudantes de medicina, como a demais interessados no universo acad\u00eamico-cient\u00edfico, a sess\u00e3o ser\u00e1 na unidade Derby da Alian\u00e7a (Rua Amaro Bezerra, 466), nos idiomas franc\u00eas (19h30) e ingl\u00eas (21h), sem legendas. No intervalo, a cirurgi\u00e3\u00a0Anna Christina Cordeiro, mestre em Biologia e sa\u00fade pela Universidade de Nantes, comandar\u00e1 um bate-papo sobre o filme.\u00a0<\/span><\/b><br \/>\n<\/em><\/p>\n<p style=\"text-align: justify;\"><img loading=\"lazy\" src=\"https:\/\/ci4.googleusercontent.com\/proxy\/JUWZnH0ytV1dz6m-DOiBrzOCDvc-8K5dgoejZRcmmnwtKd5ArudWhiX3BcDFGpDCITpQAEULfxDAuI2dmxGsJsCBv7fRbIfyd9NvDNM0fyxpafJKXJQIXx4qepr-25xpKu0zza_ZkkSWKfrwOwI8lc5F6aefsQ=s0-d-e1-ft#http:\/\/af31.campanhasdemkt.net\/messageimages\/110418174343773477\/140733763150915700\/le_ventre.png\" alt=\"\" width=\"433\" height=\"433\" \/><\/p>\n","protected":false},"excerpt":{"rendered":"<p>Na pr\u00f3xima sexta-feira, dia 08, a Alian\u00e7a Francesa ir\u00e1 exibir o document\u00e1rio \u201cLe ventre, notre deuxi\u00e8me cerveau\u201d,\u00a0dirigido por\u00a0C\u00e9cile Denjean.\u00a0Destinado n\u00e3o s\u00f3 aos profissionais e estudantes de medicina, como a demais interessados no universo acad\u00eamico-cient\u00edfico, a sess\u00e3o ser\u00e1 na unidade Derby da Alian\u00e7a (Rua Amaro Bezerra, 466), nos idiomas franc\u00eas (19h30) e ingl\u00eas (21h), sem legendas. [&hellip;]<\/p>\n","protected":false},"author":2,"featured_media":48122,"comment_status":"open","ping_status":"open","sticky":false,"template":"","format":"standard","meta":[],"categories":[4],"tags":[],"jetpack-related-posts":[],"_links":{"self":[{"href":"https:\/\/www1.unicap.br\/assecom1\/wp-json\/wp\/v2\/posts\/48150"}],"collection":[{"href":"https:\/\/www1.unicap.br\/assecom1\/wp-json\/wp\/v2\/posts"}],"about":[{"href":"https:\/\/www1.unicap.br\/assecom1\/wp-json\/wp\/v2\/types\/post"}],"author":[{"embeddable":true,"href":"https:\/\/www1.unicap.br\/assecom1\/wp-json\/wp\/v2\/users\/2"}],"replies":[{"embeddable":true,"href":"https:\/\/www1.unicap.br\/assecom1\/wp-json\/wp\/v2\/comments?post=48150"}],"version-history":[{"count":2,"href":"https:\/\/www1.unicap.br\/assecom1\/wp-json\/wp\/v2\/posts\/48150\/revisions"}],"predecessor-version":[{"id":48167,"href":"https:\/\/www1.unicap.br\/assecom1\/wp-json\/wp\/v2\/posts\/48150\/revisions\/48167"}],"wp:featuredmedia":[{"embeddable":true,"href":"https:\/\/www1.unicap.br\/assecom1\/wp-json\/wp\/v2\/media\/48122"}],"wp:attachment":[{"href":"https:\/\/www1.unicap.br\/assecom1\/wp-json\/wp\/v2\/media?parent=48150"}],"wp:term":[{"taxonomy":"category","embeddable":true,"href":"https:\/\/www1.unicap.br\/assecom1\/wp-json\/wp\/v2\/categories?post=48150"},{"taxonomy":"post_tag","embeddable":true,"href":"https:\/\/www1.unicap.br\/assecom1\/wp-json\/wp\/v2\/tags?post=48150"}],"curies":[{"name":"wp","href":"https:\/\/api.w.org\/{rel}","templated":true}]}}