{"id":48119,"date":"2014-08-01T16:37:14","date_gmt":"2014-08-01T19:37:14","guid":{"rendered":"http:\/\/www.unicap.br\/assecom1\/?p=48119"},"modified":"2014-08-01T16:37:14","modified_gmt":"2014-08-01T19:37:14","slug":"em-nome-do-humanismo-parem-a-violencia-parem-o-massacre","status":"publish","type":"post","link":"https:\/\/www1.unicap.br\/assecom1\/em-nome-do-humanismo-parem-a-violencia-parem-o-massacre\/","title":{"rendered":"Em nome do humanismo: parem a viol\u00eancia, parem o massacre!"},"content":{"rendered":"<h5 style=\"text-align: right;\">(Um grito de indigna\u00e7\u00e3o de um professor humanista)<\/h5>\n<h5 style=\"text-align: right;\"><strong><span style=\"color: #000000;\">Por Artur Peregrino<a title=\"\" href=\"file:\/\/\/C:\/Users\/Carlos\/Downloads\/JUAZEIRO.%20CONC%C3%8DLIO%20DA%20NA%C3%87%C3%83O%20ROMEIRA%20(2).docx#_ftn1\"><span style=\"color: #000000;\">[<span style=\"color: #0000ff;\">1<\/span>]<\/span><\/a><\/span><\/strong><\/h5>\n<p><span style=\"color: #000000;\">\u201cNada \u00e9 mais vergonhoso do que matar crian\u00e7as dormindo\u201d. Assim reagiu o secret\u00e1rio-geral da ONU ao saber do massacre acontecido em uma escola de refugiados mantida pelo \u00f3rg\u00e3o na faixa de Gaza. \u201cFoi um ataque conden\u00e1vel. \u00c9 injustific\u00e1vel. E exige responsabiliza\u00e7\u00e3o e justi\u00e7a\u201d, disse ele. Foi uma cena vergonhosa. Crian\u00e7as morreram enquanto dormiam junto dos seus pais no ch\u00e3o de uma sala de aula. Elas estavam l\u00e1 para terem prote\u00e7\u00e3o e foram massacradas com um saldo de 19 mortes. O secret\u00e1rio-geral da ONU, Ban Ki-Moon, disse que \u201ca localiza\u00e7\u00e3o da escola foi comunicada 17 vezes \u00e0s autoridades militares israelenses, a \u00faltima vez horas antes do ataque\u201d. Que horror! Que terror!<\/span><\/p>\n<p><span style=\"color: #000000;\">Como acabar com esse banho de sangue em cima dos palestinos? J\u00e1 s\u00e3o mais de 1.330 palestinos e 53 israelenses mortos at\u00e9 hoje (31\/07\/14). \u00a0E devemos considerar que s\u00e3o n\u00fameros duvidosos. Junte-se a estes n\u00fameros mais 6 mil pessoas gravemente feridas e 220 mil palestinos que sa\u00edram de suas casas.<\/span><\/p>\n<p><span style=\"color: #000000;\">Por isso que a presidenta do Brasil, Dilma Rousseff, tem raz\u00e3o quando classifica de desproporcional a a\u00e7\u00e3o de Israel na faixa de Gaza e acusa o estado judeu de estar promovendo um \u201cmassacre ao atingir a popula\u00e7\u00e3o civil, principalmente mulheres e crian\u00e7as\u201d. E o n\u00famero de v\u00edtimas da palestina, na sua maioria esmagadora, s\u00e3o civis.<\/span><\/p>\n<p><span style=\"color: #000000;\">N\u00e3o \u00e9 humano, n\u00e3o \u00e9 moral, n\u00e3o \u00e9 aceit\u00e1vel, n\u00e3o \u00e9 normal assistir esse banho de sangue todo dia. Hoje leio na manchete de um jornal: \u201cGaza: mais de 100 mortos em um dia\u201d. E olhe que a grande m\u00eddia passa as not\u00edcias filtradas. J\u00e1 perceberam que a maioria dos correspondentes internacionais transmitem as not\u00edcias do conflito da faixa de Gaza ou dos EUA ou de Jerusal\u00e9m em companhia de soldados israelenses? Curioso. Lembro-me de Euclides da Cunha quando estava cobrindo a guerra de Canudos (1893 \u2013 1897) ao lado dos militares relatando o massacre em cima de pobres sertanejos no Nordeste do Brasil. Mesmo assim Euclides da Cunha n\u00e3o deixou escapar e disse: \u201co acontecido em Canudos n\u00e3o foi uma guerra, mas uma charqueada\u201d.<\/span><\/p>\n<p><span style=\"color: #000000;\">A onde vai chegar essa crise humanit\u00e1ria? Na guerra todos perdem. H\u00e1 um ditado sa\u00eddo das guerras do s\u00e9culo XX: \u201cTodas as guerras se parecem\u201d. Essa \u00e9 uma guerra pela guerra sem negocia\u00e7\u00e3o pol\u00edtica. Quem mediar\u00e1 esse conflito? Os Estados Unidos? Para se mediar um conflito desse porte tem que ter reconhecimento diante do mundo. E isso os Estados Unidos n\u00e3o tem. N\u00e3o se pode mediar um conflito estando de um lado. A alta comiss\u00e1ria das Na\u00e7\u00f5es Unidas para os Direitos Humanos, Navi Pillay, denunciou os Estados Unidos por proporcionar armamento ao Ex\u00e9rcito israelense e n\u00e3o fazer o suficiente para deter a ofensiva contra a Faixa de Gaza. &#8220;Os Estados Unidos n\u00e3o s\u00f3 fornecem a Israel artilharia pesada usada em Gaza, mas gastou quase US$ 1 bilh\u00e3o para proteger o pa\u00eds contra os foguetes palestinos. Uma prote\u00e7\u00e3o que os civis de Gaza n\u00e3o t\u00eam&#8221;, denunciou Pillay.<\/span><\/p>\n<p><span style=\"color: #000000;\">Nesses dias, aumenta a press\u00e3o internacional contra o Estado de Israel. A guerra diplom\u00e1tica Israel j\u00e1 perdeu, porque o mundo tem dado desaprova\u00e7\u00e3o ao massacre. O poderio de Israel \u00e9 infinitamente maior que o dos palestinos. Por isso o Estado de Israel, historicamente, tem ocupado militarmente o territ\u00f3rio dos palestinos, cujo direito \u00e0 terra j\u00e1 foi reconhecido pela ONU e pelos organismos internacionais. De fato, para se alcan\u00e7ar uma paz duradoura, a ocupa\u00e7\u00e3o israelense de terras palestinas, incluindo o cerco a Gaza, deve acabar.<\/span><\/p>\n<p><span style=\"color: #000000;\">Qual a sa\u00edda? O po\u00e7o est\u00e1 muito fundo. A cada momento se tomam decis\u00f5es que dificultam o t\u00e9rmino do conflito. H\u00e1 uma complexidade muito grande. H\u00e1 uma radicaliza\u00e7\u00e3o do conflito. Na regi\u00e3o, cen\u00e1rio da guerra, h\u00e1 um milh\u00e3o e seiscentas mil pessoas. \u00c9 um absurdo querer expulsar mais de um milh\u00e3o de pessoas. N\u00e3o \u00e9 poss\u00edvel continuar alimentando o \u00f3dio no meio da juventude desses povos. Mas, como dizia o poeta: \u201cno meio do caminho h\u00e1 uma pedra\u201d. O que fazer? Uma maioria quer a paz, mas a grande quest\u00e3o \u00e9 como fazer.<\/span><\/p>\n<p><span style=\"color: #000000;\">A sa\u00edda \u00e9 voltar \u00e0s ra\u00edzes do conflito e olhar para frente. A constru\u00e7\u00e3o de um mundo de paz vem pelo respeito aos direitos humanos. E para isso os dois lados t\u00eam que ceder. A m\u00e9dio e longo prazo s\u00f3 h\u00e1 um caminho: o di\u00e1logo. Pode ajudar muito voltar a 1947, ano que definiu a cria\u00e7\u00e3o de dois pa\u00edses soberanos. Essa \u00e9 uma luz no final do t\u00fanel. Isso \u00e9 poss\u00edvel. A Fran\u00e7a e a Alemanha foram inimigas em tr\u00eas guerras. Mas perseguiram a paz e atrav\u00e9s do di\u00e1logo encontraram uma sa\u00edda para o conflito.<\/span><\/p>\n<p><span style=\"color: #000000;\">A curto prazo, nesse momento, e em rela\u00e7\u00e3o \u00e0 situa\u00e7\u00e3o dram\u00e1tica que se vive na faixa de Gaza, todos os recursos pol\u00edticos e humanit\u00e1rios devem ser orientados para a garantia de um cessar fogo efetivo, com o fim do bloqueio e a abertura das fronteiras, a livre circula\u00e7\u00e3o de pessoas, a ajuda humanit\u00e1ria e entrada de produtos comerciais, a recupera\u00e7\u00e3o das infra-estruturas destru\u00eddas, uma investiga\u00e7\u00e3o independente sobre a pr\u00e1tica eventual de crimes de guerra e de crimes contra a humanidade.<\/span><\/p>\n<p><span style=\"color: #000000;\">Em nome do Deus da vida, \u00e9 urgente formar uma opini\u00e3o p\u00fablica que leve adiante uma bandeira, e voc\u00ea faz parte dessa corrente, solid\u00e1ria a essa causa da humanidade. Para que as crian\u00e7as possam dormir em paz junto a seus pais sonhando com um mundo colorido e cheio de vida. Unamo-nos ao papa Francisco que h\u00e1 dias atr\u00e1s, durante a tradicional ora\u00e7\u00e3o do \u00c2ngelus, deu um grito pela paz e pela justi\u00e7a na Palestina: \u201cEu imploro a voc\u00eas: parem! Eu pe\u00e7o do fundo do meu cora\u00e7\u00e3o. Por favor, parem!\u201d.\u00a0<\/span><\/p>\n<div>\n<p><span style=\"color: #000000;\">\u00a0<\/span><\/p>\n<hr align=\"left\" size=\"1\" width=\"33%\" \/>\n<div>\n<p><span style=\"color: #000000;\"><a href=\"http:\/\/www.unicap.br\/ihu\/?attachment_id=2651\" rel=\"attachment wp-att-2651\"><img loading=\"lazy\" class=\"alignleft  wp-image-2651\" src=\"https:\/\/i1.wp.com\/www.unicap.br\/ihu\/wp-content\/uploads\/2012\/08\/Artur_peregrino.jpg?resize=118%2C189\" alt=\"Artur_peregrino\" data-recalc-dims=\"1\" \/><\/a><\/span><a title=\"\" href=\"file:\/\/\/C:\/Users\/Carlos\/Downloads\/JUAZEIRO.%20CONC%C3%8DLIO%20DA%20NA%C3%87%C3%83O%20ROMEIRA%20(2).docx#_ftnref1\"><span style=\"color: #000000;\">[1]<\/span><\/a> Jos\u00e9 Artur Tavares de Brito \u00e9 Mestre em Antropologia Cultural pela Universidade Federal de Pernambuco (1999). Possui gradua\u00e7\u00e3o em Licenciatura em Filosofia pela Universidade Cat\u00f3lica de Pernambuco (1995), gradua\u00e7\u00e3o em Bacharelado em Filosofia pela Universidade Cat\u00f3lica de Pernambuco (1996), gradua\u00e7\u00e3o em Teologia pelo Instituto de Teologia do Recife (1987). Tem experi\u00eancia na \u00e1rea de Antropologia, com \u00eanfase em Antropologia da Religi\u00e3o, atua principalmente nos seguintes temas: teoria da complexidade, antropologia urbana, sistemas simb\u00f3licos, ritualidade, catolicismo, terra, sertanejo, contemporaneidade, religi\u00e3o, cidade e pastoral. \u00c9 integrante do grupo de pesquisa Transdisciplinaridade e Di\u00e1logo inter-religiosos. Atualmente \u00e9 Professor da Universidade Cat\u00f3lica de Pernambuco \u2013 UNICAP e colaborador do Instituto Humanitas Hunicap \u2013 IHU.\u00a0Email: arturperegrino@gmail.com<\/p>\n<\/div>\n<\/div>\n","protected":false},"excerpt":{"rendered":"<p>(Um grito de indigna\u00e7\u00e3o de um professor humanista) Por Artur Peregrino[1] \u201cNada \u00e9 mais vergonhoso do que matar crian\u00e7as dormindo\u201d. Assim reagiu o secret\u00e1rio-geral da ONU ao saber do massacre acontecido em uma escola de refugiados mantida pelo \u00f3rg\u00e3o na faixa de Gaza. \u201cFoi um ataque conden\u00e1vel. \u00c9 injustific\u00e1vel. E exige responsabiliza\u00e7\u00e3o e justi\u00e7a\u201d, disse [&hellip;]<\/p>\n","protected":false},"author":30,"featured_media":48127,"comment_status":"open","ping_status":"open","sticky":false,"template":"","format":"standard","meta":[],"categories":[4],"tags":[],"jetpack-related-posts":[],"_links":{"self":[{"href":"https:\/\/www1.unicap.br\/assecom1\/wp-json\/wp\/v2\/posts\/48119"}],"collection":[{"href":"https:\/\/www1.unicap.br\/assecom1\/wp-json\/wp\/v2\/posts"}],"about":[{"href":"https:\/\/www1.unicap.br\/assecom1\/wp-json\/wp\/v2\/types\/post"}],"author":[{"embeddable":true,"href":"https:\/\/www1.unicap.br\/assecom1\/wp-json\/wp\/v2\/users\/30"}],"replies":[{"embeddable":true,"href":"https:\/\/www1.unicap.br\/assecom1\/wp-json\/wp\/v2\/comments?post=48119"}],"version-history":[{"count":3,"href":"https:\/\/www1.unicap.br\/assecom1\/wp-json\/wp\/v2\/posts\/48119\/revisions"}],"predecessor-version":[{"id":48128,"href":"https:\/\/www1.unicap.br\/assecom1\/wp-json\/wp\/v2\/posts\/48119\/revisions\/48128"}],"wp:featuredmedia":[{"embeddable":true,"href":"https:\/\/www1.unicap.br\/assecom1\/wp-json\/wp\/v2\/media\/48127"}],"wp:attachment":[{"href":"https:\/\/www1.unicap.br\/assecom1\/wp-json\/wp\/v2\/media?parent=48119"}],"wp:term":[{"taxonomy":"category","embeddable":true,"href":"https:\/\/www1.unicap.br\/assecom1\/wp-json\/wp\/v2\/categories?post=48119"},{"taxonomy":"post_tag","embeddable":true,"href":"https:\/\/www1.unicap.br\/assecom1\/wp-json\/wp\/v2\/tags?post=48119"}],"curies":[{"name":"wp","href":"https:\/\/api.w.org\/{rel}","templated":true}]}}