{"id":4811,"date":"2010-05-27T21:56:02","date_gmt":"2010-05-28T00:56:02","guid":{"rendered":"http:\/\/www.unicap.br\/assecom1\/?p=4811"},"modified":"2010-05-27T21:56:02","modified_gmt":"2010-05-28T00:56:02","slug":"premio-nacional-de-educacao-em-direitos-humanos-recebe-inscricoes-ate-2-de-julho","status":"publish","type":"post","link":"https:\/\/www1.unicap.br\/assecom1\/premio-nacional-de-educacao-em-direitos-humanos-recebe-inscricoes-ate-2-de-julho\/","title":{"rendered":"Pr\u00eamio Nacional de Educa\u00e7\u00e3o em Direitos Humanos recebe inscri\u00e7\u00f5es at\u00e9 2 de julho"},"content":{"rendered":"<p>Com informa\u00e7\u00f5es da\u00a0Assessoria de Imprensa do Grupo SM<\/p>\n<p>A 2\u00aa edi\u00e7\u00e3o do Pr\u00eamio Nacional de Educa\u00e7\u00e3o em Direitos Humanos (PNEDH) foi lan\u00e7ado em mar\u00e7o deste ano e continua com inscri\u00e7\u00f5es abertas at\u00e9 o dia 2 de julho. O PNEDH \u00e9 bianual e foi criado em 2008 em comemora\u00e7\u00e3o aos 60 anos da Declara\u00e7\u00e3o Universal dos Direitos Humanos, com o objetivo de contribuir para a forma\u00e7\u00e3o de uma cultura que defenda valores, atitudes e pr\u00e1ticas sociais que respeitem os direitos dos cidad\u00e3os em todos os espa\u00e7os da sociedade. O Pr\u00eamio vai distribuir R$ 100 mil em pr\u00eamios.<\/p>\n<p>A primeira edi\u00e7\u00e3o do PNEDH (2008) recebeu mais de 350 inscri\u00e7\u00f5es, metade delas de escolas p\u00fablicas. A novidade da segunda edi\u00e7\u00e3o \u00e9 que o PNEDH vai contemplar o segmento da educa\u00e7\u00e3o n\u00e3o formal. Ser\u00e3o aceitos trabalhos nas seguintes categorias:<\/p>\n<p>\u2022 As Secretarias de Educa\u00e7\u00e3o na Constru\u00e7\u00e3o da Educa\u00e7\u00e3o em Direitos Humanos, na qual podem se inscrever Secretarias de Educa\u00e7\u00e3o Estaduais, Municipais e do Distrito Federal.<\/p>\n<p>Premia\u00e7\u00f5es:<br \/>\n1\u00ba lugar: R$ 15 mil<br \/>\n2\u00b0 lugar: R$ 5 mil<\/p>\n<p>\u2022 A Educa\u00e7\u00e3o em Direitos Humanos na Escola, na qual podem se inscrever Escolas P\u00fablicas e Privadas de Educa\u00e7\u00e3o B\u00e1sica, que ser\u00e3o avaliadas e premiadas em separado.<\/p>\n<p>Premia\u00e7\u00f5es:<br \/>\nEscola P\u00fablica:<br \/>\n1\u00ba lugar: R$ 15 mil<br \/>\n2\u00b0 lugar: R$ 5 mil<\/p>\n<p>Escola Privada:<br \/>\n1\u00ba lugar: R$ 15 mil<br \/>\n2\u00b0 lugar: R$ 5 mil<\/p>\n<p>\u2022 A Forma\u00e7\u00e3o, a Pesquisa e a Extens\u00e3o Universit\u00e1ria em Educa\u00e7\u00e3o em Direitos Humanos, na qual podem se inscrever: Institui\u00e7\u00f5es de Educa\u00e7\u00e3o Superior P\u00fablicas e Privadas.<\/p>\n<p>Premia\u00e7\u00f5es:<br \/>\n1\u00ba lugar: R$ 15 mil<br \/>\n2\u00b0 lugar: R$ 5 mil<\/p>\n<p>\u2022 A Sociedade na Educa\u00e7\u00e3o em Direitos Humanos, na qual podem se inscrever: Organiza\u00e7\u00f5es n\u00e3o-governamentais, institui\u00e7\u00f5es sociais, entidades civis, setores de educa\u00e7\u00e3o e cultura, empresas p\u00fablicas e privadas.<\/p>\n<p>Premia\u00e7\u00f5es:<br \/>\n1\u00ba lugar: R$ 15 mil<br \/>\n2\u00b0 lugar: R$ 5 mil<\/p>\n<p>A premia\u00e7\u00e3o \u00e9 uma iniciativa da Organiza\u00e7\u00e3o dos Estados Ibero-americanos para a Educa\u00e7\u00e3o, a Ci\u00eancia e a Cultura, em parceria com o Minist\u00e9rio da Educa\u00e7\u00e3o e a Secretaria Especial de Direitos Humanos da Presid\u00eancia da Rep\u00fablica, com o patroc\u00ednio e a execu\u00e7\u00e3o da Funda\u00e7\u00e3o SM.<\/p>\n<p>Para conhecer os trabalhos inscritos e premiados em 2008 e obter mais informa\u00e7\u00f5es para inscri\u00e7\u00e3o na segunda edi\u00e7\u00e3o, acesse: <a href=\"http:\/\/www.educacaoemdireitoshumanos.org.br\/\">www.educacaoemdireitoshumanos.org.br<\/a><\/p>\n<p>O Grupo SM \u00e9 um grupo de Educa\u00e7\u00e3o de refer\u00eancia na Espanha e na Am\u00e9rica Latina liderado pela Funda\u00e7\u00e3o SM. Responsabilidade social, inova\u00e7\u00e3o e proximidade \u00e0 escola pautam o trabalho da entidade, que tem como objetivo promover o desenvolvimento humano e a transforma\u00e7\u00e3o social para a constru\u00e7\u00e3o de uma sociedade mais competente, cr\u00edtica e justa.<\/p>\n<p>No Brasil, onde atua desde 2004, o Grupo SM oferece um amplo cat\u00e1logo de servi\u00e7os educacionais e conte\u00fados did\u00e1ticos e de literatura infantil e juvenil para a educa\u00e7\u00e3o b\u00e1sica elaborado por Edi\u00e7\u00f5es SM, e integrado a um projeto que inclui est\u00edmulo \u00e0 forma\u00e7\u00e3o continuada e \u00e0 valoriza\u00e7\u00e3o de professores, incentivo \u00e0 reflex\u00e3o sobre educa\u00e7\u00e3o, apoio a projetos socioculturais de diversas institui\u00e7\u00f5es, e fomento \u00e0 leitura e \u00e0 produ\u00e7\u00e3o liter\u00e1ria. Em parceria com o Minist\u00e9rio da Educa\u00e7\u00e3o, a Organiza\u00e7\u00e3o dos Estados Ibero-americanos e outras institui\u00e7\u00f5es educacionais, promove iniciativas como o Pr\u00eamio Nacional de Educa\u00e7\u00e3o em Direitos Humanos e o Pr\u00eamio Professores do Brasil. Destacam-se tamb\u00e9m o Pr\u00eamio Ibero-Americano SM de Literatura Infantil e Juvenil e o Pr\u00eamio Barco a Vapor, que se prop\u00f5em a despertar o prazer pela leitura entre crian\u00e7as e jovens e estimular a produ\u00e7\u00e3o liter\u00e1ria em espanhol e portugu\u00eas.<\/p>\n","protected":false},"excerpt":{"rendered":"<p>Com informa\u00e7\u00f5es da\u00a0Assessoria de Imprensa do Grupo SM A 2\u00aa edi\u00e7\u00e3o do Pr\u00eamio Nacional de Educa\u00e7\u00e3o em Direitos Humanos (PNEDH) foi lan\u00e7ado em mar\u00e7o deste ano e continua com inscri\u00e7\u00f5es abertas at\u00e9 o dia 2 de julho. O PNEDH \u00e9 bianual e foi criado em 2008 em comemora\u00e7\u00e3o aos 60 anos da Declara\u00e7\u00e3o Universal dos [&hellip;]<\/p>\n","protected":false},"author":3,"featured_media":0,"comment_status":"open","ping_status":"open","sticky":false,"template":"","format":"standard","meta":[],"categories":[4],"tags":[],"jetpack-related-posts":[],"_links":{"self":[{"href":"https:\/\/www1.unicap.br\/assecom1\/wp-json\/wp\/v2\/posts\/4811"}],"collection":[{"href":"https:\/\/www1.unicap.br\/assecom1\/wp-json\/wp\/v2\/posts"}],"about":[{"href":"https:\/\/www1.unicap.br\/assecom1\/wp-json\/wp\/v2\/types\/post"}],"author":[{"embeddable":true,"href":"https:\/\/www1.unicap.br\/assecom1\/wp-json\/wp\/v2\/users\/3"}],"replies":[{"embeddable":true,"href":"https:\/\/www1.unicap.br\/assecom1\/wp-json\/wp\/v2\/comments?post=4811"}],"version-history":[{"count":0,"href":"https:\/\/www1.unicap.br\/assecom1\/wp-json\/wp\/v2\/posts\/4811\/revisions"}],"wp:attachment":[{"href":"https:\/\/www1.unicap.br\/assecom1\/wp-json\/wp\/v2\/media?parent=4811"}],"wp:term":[{"taxonomy":"category","embeddable":true,"href":"https:\/\/www1.unicap.br\/assecom1\/wp-json\/wp\/v2\/categories?post=4811"},{"taxonomy":"post_tag","embeddable":true,"href":"https:\/\/www1.unicap.br\/assecom1\/wp-json\/wp\/v2\/tags?post=4811"}],"curies":[{"name":"wp","href":"https:\/\/api.w.org\/{rel}","templated":true}]}}