{"id":47808,"date":"2014-07-17T18:57:35","date_gmt":"2014-07-17T21:57:35","guid":{"rendered":"http:\/\/www.unicap.br\/assecom1\/?p=47808"},"modified":"2014-07-17T18:57:35","modified_gmt":"2014-07-17T21:57:35","slug":"coordenador-de-filosofia-autor-de-prefacio-em-obra-sobre-hegel-participa-de-debate-em-sao-paulo","status":"publish","type":"post","link":"https:\/\/www1.unicap.br\/assecom1\/coordenador-de-filosofia-autor-de-prefacio-em-obra-sobre-hegel-participa-de-debate-em-sao-paulo\/","title":{"rendered":"Coordenador de Filosofia, autor de pref\u00e1cio em obra sobre Hegel, participa de debate em S\u00e3o Paulo"},"content":{"rendered":"<p><img data-attachment-id=\"47809\" data-permalink=\"https:\/\/www1.unicap.br\/assecom1\/coordenador-de-filosofia-autor-de-prefacio-em-obra-sobre-hegel-participa-de-debate-em-sao-paulo\/attachment\/47809\/\" data-orig-file=\"https:\/\/i1.wp.com\/www1.unicap.br\/assecom1\/wp-content\/uploads\/2014\/07\/Danilo-Vaz-Curado.jpg?fit=860%2C852&amp;ssl=1\" data-orig-size=\"860,852\" data-comments-opened=\"1\" data-image-meta=\"{&quot;aperture&quot;:&quot;2.8&quot;,&quot;credit&quot;:&quot;&quot;,&quot;camera&quot;:&quot;&lt;KENOX S860  \\\/ Samsung S860&gt;&quot;,&quot;caption&quot;:&quot;&quot;,&quot;created_timestamp&quot;:&quot;1279008872&quot;,&quot;copyright&quot;:&quot;COPYRIGHT, 2007&quot;,&quot;focal_length&quot;:&quot;6.3&quot;,&quot;iso&quot;:&quot;100&quot;,&quot;shutter_speed&quot;:&quot;0.022222222222222&quot;,&quot;title&quot;:&quot;&lt;KENOX S860  \\\/ Samsung S860&gt;&quot;}\" data-image-title=\"&lt;KENOX S860  \/ Samsung S860&gt;\" data-image-description=\"\" data-medium-file=\"https:\/\/i1.wp.com\/www1.unicap.br\/assecom1\/wp-content\/uploads\/2014\/07\/Danilo-Vaz-Curado.jpg?fit=300%2C297&amp;ssl=1\" data-large-file=\"https:\/\/i1.wp.com\/www1.unicap.br\/assecom1\/wp-content\/uploads\/2014\/07\/Danilo-Vaz-Curado.jpg?fit=640%2C634&amp;ssl=1\" loading=\"lazy\" class=\"alignleft size-medium wp-image-47809\" src=\"https:\/\/i1.wp.com\/www1.unicap.br\/assecom1\/wp-content\/uploads\/2014\/07\/Danilo-Vaz-Curado.jpg?resize=300%2C297&#038;ssl=1\" alt=\"\" srcset=\"https:\/\/i1.wp.com\/www1.unicap.br\/assecom1\/wp-content\/uploads\/2014\/07\/Danilo-Vaz-Curado.jpg?resize=300%2C297&amp;ssl=1 300w, https:\/\/i1.wp.com\/www1.unicap.br\/assecom1\/wp-content\/uploads\/2014\/07\/Danilo-Vaz-Curado.jpg?resize=150%2C150&amp;ssl=1 150w, https:\/\/i1.wp.com\/www1.unicap.br\/assecom1\/wp-content\/uploads\/2014\/07\/Danilo-Vaz-Curado.jpg?w=860&amp;ssl=1 860w\" sizes=\"(max-width: 300px) 100vw, 300px\" data-recalc-dims=\"1\" \/>O coordenador do curso de Filosofia da Universidade Cat\u00f3lica de Pernambuco, Prof. Dr. Danilo Vaz-Curado participa de um debate sobre Hegel no dia 23 de julho, \u00e0s 20h, no Espa\u00e7o Cultural \u00c9 Realiza\u00e7\u00f5es, na Vila Mariana, em S\u00e3o Paulo. Participa, tamb\u00e9m, do debate o coordenador do Programa de P\u00f3s-gradua\u00e7\u00e3o em Filosofia da Pontif\u00edcia Universidade cat\u00f3lica do Rio Grande do Sul &#8211; PUCRS, Prof. Dr. Agemir Bavaresco.<\/p>\n<p>O debate faz parte do lan\u00e7amento do livro de Charles Taylor, \u201cHegel: Sistema, m\u00e9todo e estrutura\u201d, da Editora \u00c9 Realiza\u00e7\u00f5es. Os professores Danilo Vaz-Curado e Agemir Bavaresco s\u00e3o os prefaciadores da obra.<\/p>\n<p><a href=\"https:\/\/i1.wp.com\/www1.unicap.br\/assecom1\/wp-content\/uploads\/2014\/07\/image001.png?ssl=1\"><img data-attachment-id=\"47810\" data-permalink=\"https:\/\/www1.unicap.br\/assecom1\/coordenador-de-filosofia-autor-de-prefacio-em-obra-sobre-hegel-participa-de-debate-em-sao-paulo\/image001-4\/\" data-orig-file=\"https:\/\/i1.wp.com\/www1.unicap.br\/assecom1\/wp-content\/uploads\/2014\/07\/image001.png?fit=750%2C987&amp;ssl=1\" data-orig-size=\"750,987\" data-comments-opened=\"1\" data-image-meta=\"{&quot;aperture&quot;:&quot;0&quot;,&quot;credit&quot;:&quot;&quot;,&quot;camera&quot;:&quot;&quot;,&quot;caption&quot;:&quot;&quot;,&quot;created_timestamp&quot;:&quot;0&quot;,&quot;copyright&quot;:&quot;&quot;,&quot;focal_length&quot;:&quot;0&quot;,&quot;iso&quot;:&quot;0&quot;,&quot;shutter_speed&quot;:&quot;0&quot;,&quot;title&quot;:&quot;&quot;}\" data-image-title=\"image001\" data-image-description=\"\" data-medium-file=\"https:\/\/i1.wp.com\/www1.unicap.br\/assecom1\/wp-content\/uploads\/2014\/07\/image001.png?fit=227%2C300&amp;ssl=1\" data-large-file=\"https:\/\/i1.wp.com\/www1.unicap.br\/assecom1\/wp-content\/uploads\/2014\/07\/image001.png?fit=640%2C842&amp;ssl=1\" loading=\"lazy\" class=\"alignnone size-full wp-image-47810\" src=\"https:\/\/i1.wp.com\/www1.unicap.br\/assecom1\/wp-content\/uploads\/2014\/07\/image001.png?resize=640%2C842&#038;ssl=1\" alt=\"image001\" srcset=\"https:\/\/i1.wp.com\/www1.unicap.br\/assecom1\/wp-content\/uploads\/2014\/07\/image001.png?w=750&amp;ssl=1 750w, https:\/\/i1.wp.com\/www1.unicap.br\/assecom1\/wp-content\/uploads\/2014\/07\/image001.png?resize=227%2C300&amp;ssl=1 227w\" sizes=\"(max-width: 640px) 100vw, 640px\" data-recalc-dims=\"1\" \/><\/a><\/p>\n<p>&nbsp;<\/p>\n","protected":false},"excerpt":{"rendered":"<p>O coordenador do curso de Filosofia da Universidade Cat\u00f3lica de Pernambuco, Prof. Dr. Danilo Vaz-Curado participa de um debate sobre Hegel no dia 23 de julho, \u00e0s 20h, no Espa\u00e7o Cultural \u00c9 Realiza\u00e7\u00f5es, na Vila Mariana, em S\u00e3o Paulo. Participa, tamb\u00e9m, do debate o coordenador do Programa de P\u00f3s-gradua\u00e7\u00e3o em Filosofia da Pontif\u00edcia Universidade cat\u00f3lica [&hellip;]<\/p>\n","protected":false},"author":3,"featured_media":47809,"comment_status":"open","ping_status":"open","sticky":false,"template":"","format":"standard","meta":[],"categories":[4],"tags":[],"jetpack-related-posts":[],"_links":{"self":[{"href":"https:\/\/www1.unicap.br\/assecom1\/wp-json\/wp\/v2\/posts\/47808"}],"collection":[{"href":"https:\/\/www1.unicap.br\/assecom1\/wp-json\/wp\/v2\/posts"}],"about":[{"href":"https:\/\/www1.unicap.br\/assecom1\/wp-json\/wp\/v2\/types\/post"}],"author":[{"embeddable":true,"href":"https:\/\/www1.unicap.br\/assecom1\/wp-json\/wp\/v2\/users\/3"}],"replies":[{"embeddable":true,"href":"https:\/\/www1.unicap.br\/assecom1\/wp-json\/wp\/v2\/comments?post=47808"}],"version-history":[{"count":3,"href":"https:\/\/www1.unicap.br\/assecom1\/wp-json\/wp\/v2\/posts\/47808\/revisions"}],"predecessor-version":[{"id":47813,"href":"https:\/\/www1.unicap.br\/assecom1\/wp-json\/wp\/v2\/posts\/47808\/revisions\/47813"}],"wp:featuredmedia":[{"embeddable":true,"href":"https:\/\/www1.unicap.br\/assecom1\/wp-json\/wp\/v2\/media\/47809"}],"wp:attachment":[{"href":"https:\/\/www1.unicap.br\/assecom1\/wp-json\/wp\/v2\/media?parent=47808"}],"wp:term":[{"taxonomy":"category","embeddable":true,"href":"https:\/\/www1.unicap.br\/assecom1\/wp-json\/wp\/v2\/categories?post=47808"},{"taxonomy":"post_tag","embeddable":true,"href":"https:\/\/www1.unicap.br\/assecom1\/wp-json\/wp\/v2\/tags?post=47808"}],"curies":[{"name":"wp","href":"https:\/\/api.w.org\/{rel}","templated":true}]}}