{"id":47737,"date":"2014-06-26T18:00:02","date_gmt":"2014-06-26T21:00:02","guid":{"rendered":"http:\/\/www.unicap.br\/assecom1\/?p=47737"},"modified":"2014-06-27T13:59:21","modified_gmt":"2014-06-27T16:59:21","slug":"professor-de-filosofia-participa-de-congresso-sobre-nietzsche-em-paris","status":"publish","type":"post","link":"https:\/\/www1.unicap.br\/assecom1\/professor-de-filosofia-participa-de-congresso-sobre-nietzsche-em-paris\/","title":{"rendered":"Professor de Filosofia da Cat\u00f3lica participa de congresso sobre Nietzsche em Paris"},"content":{"rendered":"<p><a href=\"https:\/\/i2.wp.com\/www1.unicap.br\/assecom1\/wp-content\/uploads\/2014\/06\/Jo\u00e3o-Evangelista.jpg?ssl=1\"><img data-attachment-id=\"47742\" data-permalink=\"https:\/\/www1.unicap.br\/assecom1\/professor-de-filosofia-participa-de-congresso-sobre-nietzsche-em-paris\/joao-evangelista\/\" data-orig-file=\"https:\/\/i2.wp.com\/www1.unicap.br\/assecom1\/wp-content\/uploads\/2014\/06\/Jo\u00e3o-Evangelista.jpg?fit=2592%2C1944&amp;ssl=1\" data-orig-size=\"2592,1944\" data-comments-opened=\"1\" data-image-meta=\"{&quot;aperture&quot;:&quot;5&quot;,&quot;credit&quot;:&quot;&quot;,&quot;camera&quot;:&quot;DSC-W730&quot;,&quot;caption&quot;:&quot;&quot;,&quot;created_timestamp&quot;:&quot;1402392056&quot;,&quot;copyright&quot;:&quot;&quot;,&quot;focal_length&quot;:&quot;19.13&quot;,&quot;iso&quot;:&quot;800&quot;,&quot;shutter_speed&quot;:&quot;0.125&quot;,&quot;title&quot;:&quot;&quot;}\" data-image-title=\"Jo\u00e3o Evangelista\" data-image-description=\"\" data-medium-file=\"https:\/\/i2.wp.com\/www1.unicap.br\/assecom1\/wp-content\/uploads\/2014\/06\/Jo\u00e3o-Evangelista.jpg?fit=300%2C225&amp;ssl=1\" data-large-file=\"https:\/\/i2.wp.com\/www1.unicap.br\/assecom1\/wp-content\/uploads\/2014\/06\/Jo\u00e3o-Evangelista.jpg?fit=640%2C480&amp;ssl=1\" loading=\"lazy\" class=\"alignleft wp-image-47742 size-thumbnail\" src=\"https:\/\/i2.wp.com\/www1.unicap.br\/assecom1\/wp-content\/uploads\/2014\/06\/Jo\u00e3o-Evangelista-150x150.jpg?resize=150%2C150&#038;ssl=1\" alt=\"Jo\u00e3o Evangelista\" srcset=\"https:\/\/i2.wp.com\/www1.unicap.br\/assecom1\/wp-content\/uploads\/2014\/06\/Jo\u00e3o-Evangelista.jpg?resize=150%2C150&amp;ssl=1 150w, https:\/\/i2.wp.com\/www1.unicap.br\/assecom1\/wp-content\/uploads\/2014\/06\/Jo\u00e3o-Evangelista.jpg?zoom=2&amp;resize=150%2C150&amp;ssl=1 300w, https:\/\/i2.wp.com\/www1.unicap.br\/assecom1\/wp-content\/uploads\/2014\/06\/Jo\u00e3o-Evangelista.jpg?zoom=3&amp;resize=150%2C150&amp;ssl=1 450w\" sizes=\"(max-width: 150px) 100vw, 150px\" data-recalc-dims=\"1\" \/><\/a><strong>O professor do curso de Filosofia da Universidade Cat\u00f3lica de Pernambuco Jo\u00e3o Tude de Melo Neto participou nos dias 9, 10 e 11 de junho do VII Congresso do Grupo Internacional de Pesquisas sobre Nietzsche (GIRN)<span style=\"margin: 0pt; padding: 0pt; color: #000000; font-family: Arial,Helvetica,sans-serif; font-size: 16px; line-height: 16px;\">,<\/span> realizado na Universit\u00e9 de Paris Ouest Nanterre La D\u00e9fense, em Paris.\u00a0No dia 10, o professor Jo\u00e3o Neto apresentou sua confer\u00eancia:<\/strong> &#8220;<span style=\"font-family: 'Times New Roman',serif; font-size: 12pt; line-height: 115%;\">Inversion du po\u00e8me parm\u00e9nidien\u00a0: de la critique du jeune Nietzsche sur la pens\u00e9e de Parm\u00e9nide&#8221; (Invertendo o poema parmen\u00eddico: a cr\u00edtica do jovem Nietzsche ao pensamento de Parm\u00eanides). <\/span> <span style=\"font-family: 'Times New Roman',serif; font-size: 12pt; line-height: 115%;\">N<\/span><span style=\"font-family: 'Times New Roman',serif; font-size: 16px; line-height: 18.399999618530273px;\">o que concerne \u00e0 filosofia de Nietzsche, o\u00a0<\/span><span style=\"font-family: 'Times New Roman',serif; font-size: 16px; line-height: 18.399999618530273px;\">\u00a0GIRN \u00e9 considerado o gru<\/span><span style=\"font-family: 'Times New Roman',serif; font-size: 12pt; line-height: 115%;\">po de pesquisa mais importante da Europa. Participam do grupo pesquisadores da Fran\u00e7a, Alemanha, Portugal, Espanha, Inglaterra e It\u00e1lia. Fora da Europa h\u00e1 membros do Jap\u00e3o e do Brasil. Esse congresso acontece anualmente e, neste ano, teve como tema os primeiros textos do jovem Nietzsche.<\/span><\/p>\n","protected":false},"excerpt":{"rendered":"<p>O professor do curso de Filosofia da Universidade Cat\u00f3lica de Pernambuco Jo\u00e3o Tude de Melo Neto participou nos dias 9, 10 e 11 de junho do VII Congresso do Grupo Internacional de Pesquisas sobre Nietzsche (GIRN), realizado na Universit\u00e9 de Paris Ouest Nanterre La D\u00e9fense, em Paris.\u00a0No dia 10, o professor Jo\u00e3o Neto apresentou sua [&hellip;]<\/p>\n","protected":false},"author":2,"featured_media":0,"comment_status":"open","ping_status":"open","sticky":false,"template":"","format":"standard","meta":[],"categories":[4],"tags":[],"jetpack-related-posts":[],"_links":{"self":[{"href":"https:\/\/www1.unicap.br\/assecom1\/wp-json\/wp\/v2\/posts\/47737"}],"collection":[{"href":"https:\/\/www1.unicap.br\/assecom1\/wp-json\/wp\/v2\/posts"}],"about":[{"href":"https:\/\/www1.unicap.br\/assecom1\/wp-json\/wp\/v2\/types\/post"}],"author":[{"embeddable":true,"href":"https:\/\/www1.unicap.br\/assecom1\/wp-json\/wp\/v2\/users\/2"}],"replies":[{"embeddable":true,"href":"https:\/\/www1.unicap.br\/assecom1\/wp-json\/wp\/v2\/comments?post=47737"}],"version-history":[{"count":8,"href":"https:\/\/www1.unicap.br\/assecom1\/wp-json\/wp\/v2\/posts\/47737\/revisions"}],"predecessor-version":[{"id":47746,"href":"https:\/\/www1.unicap.br\/assecom1\/wp-json\/wp\/v2\/posts\/47737\/revisions\/47746"}],"wp:attachment":[{"href":"https:\/\/www1.unicap.br\/assecom1\/wp-json\/wp\/v2\/media?parent=47737"}],"wp:term":[{"taxonomy":"category","embeddable":true,"href":"https:\/\/www1.unicap.br\/assecom1\/wp-json\/wp\/v2\/categories?post=47737"},{"taxonomy":"post_tag","embeddable":true,"href":"https:\/\/www1.unicap.br\/assecom1\/wp-json\/wp\/v2\/tags?post=47737"}],"curies":[{"name":"wp","href":"https:\/\/api.w.org\/{rel}","templated":true}]}}