{"id":47727,"date":"2014-06-25T17:44:15","date_gmt":"2014-06-25T20:44:15","guid":{"rendered":"http:\/\/www.unicap.br\/assecom1\/?p=47727"},"modified":"2014-06-25T17:44:15","modified_gmt":"2014-06-25T20:44:15","slug":"catolica-divulga-normas-procedimentos-e-calendario-de-matricula-dos-veteranos-2014-2","status":"publish","type":"post","link":"https:\/\/www1.unicap.br\/assecom1\/catolica-divulga-normas-procedimentos-e-calendario-de-matricula-dos-veteranos-2014-2\/","title":{"rendered":"Cat\u00f3lica divulga normas, procedimentos e calend\u00e1rio de matr\u00edcula dos veteranos 2014.2"},"content":{"rendered":"<p>A Universidade Cat\u00f3lica de Pernambuco divulgou na tarde desta quarta-feira, dia 25, as normas, procedimentos e calend\u00e1rio de Matr\u00edcula dos alunos veteranos &#8211; 2014.2.<\/p>\n<p>&nbsp;<\/p>\n<p>Normas e Procedimentos para Matr\u00edcula<\/p>\n<p><a href=\"http:\/\/www.unicap.br\/home\/wp-content\/uploads\/2014\/06\/CONV-INST-MATR-2014.2.pdf\" target=\"_blank\">Convoca\u00e7\u00e3o e Instru\u00e7\u00e3o de Matr\u00edcula<\/a><\/p>\n<p>&nbsp;<\/p>\n<p>Dias, hor\u00e1rios e locais para a Matr\u00edcula<\/p>\n<p><a href=\"http:\/\/www.unicap.br\/home\/wp-content\/uploads\/2014\/06\/TAB1.1CICLO.2014.2.1.aluno_.pdf\" target=\"_blank\">1\u00ba Ciclo<\/a><\/p>\n<p><a href=\"http:\/\/www.unicap.br\/home\/wp-content\/uploads\/2014\/06\/TAB1.CCBS_.2014.2.1.aluno_.pdf\" target=\"_blank\">CCBS<\/a><\/p>\n<p><a href=\"http:\/\/www.unicap.br\/home\/wp-content\/uploads\/2014\/06\/TAB1.CCJ_.2014.2-1.aluno_.pdf\" target=\"_blank\">CCJ<\/a><\/p>\n<p><a href=\"http:\/\/www.unicap.br\/home\/wp-content\/uploads\/2014\/06\/TAB1.CCS_.2014.2.1.aluno_.pdf\" target=\"_blank\">CCS<\/a><\/p>\n<p><a href=\"http:\/\/www.unicap.br\/home\/wp-content\/uploads\/2014\/06\/TAB1.CCT_.2014.2.aluno_.pdf\" target=\"_blank\">CCT<\/a><\/p>\n<p><a href=\"http:\/\/www.unicap.br\/home\/wp-content\/uploads\/2014\/06\/TAB.CTCH_.2014.2.1.aluno_.pdf\" target=\"_blank\">CTCH<\/a><\/p>\n<p style=\"color: #555555;\"><strong>Informa\u00e7\u00f5es: \u00a0<\/strong><strong>(81) 2119-4132<\/strong><\/p>\n","protected":false},"excerpt":{"rendered":"<p>A Universidade Cat\u00f3lica de Pernambuco divulgou na tarde desta quarta-feira, dia 25, as normas, procedimentos e calend\u00e1rio de Matr\u00edcula dos alunos veteranos &#8211; 2014.2. &nbsp; Normas e Procedimentos para Matr\u00edcula Convoca\u00e7\u00e3o e Instru\u00e7\u00e3o de Matr\u00edcula &nbsp; Dias, hor\u00e1rios e locais para a Matr\u00edcula 1\u00ba Ciclo CCBS CCJ CCS CCT CTCH Informa\u00e7\u00f5es: \u00a0(81) 2119-4132<\/p>\n","protected":false},"author":3,"featured_media":47728,"comment_status":"open","ping_status":"open","sticky":false,"template":"","format":"standard","meta":[],"categories":[4],"tags":[],"jetpack-related-posts":[],"_links":{"self":[{"href":"https:\/\/www1.unicap.br\/assecom1\/wp-json\/wp\/v2\/posts\/47727"}],"collection":[{"href":"https:\/\/www1.unicap.br\/assecom1\/wp-json\/wp\/v2\/posts"}],"about":[{"href":"https:\/\/www1.unicap.br\/assecom1\/wp-json\/wp\/v2\/types\/post"}],"author":[{"embeddable":true,"href":"https:\/\/www1.unicap.br\/assecom1\/wp-json\/wp\/v2\/users\/3"}],"replies":[{"embeddable":true,"href":"https:\/\/www1.unicap.br\/assecom1\/wp-json\/wp\/v2\/comments?post=47727"}],"version-history":[{"count":1,"href":"https:\/\/www1.unicap.br\/assecom1\/wp-json\/wp\/v2\/posts\/47727\/revisions"}],"predecessor-version":[{"id":47729,"href":"https:\/\/www1.unicap.br\/assecom1\/wp-json\/wp\/v2\/posts\/47727\/revisions\/47729"}],"wp:featuredmedia":[{"embeddable":true,"href":"https:\/\/www1.unicap.br\/assecom1\/wp-json\/wp\/v2\/media\/47728"}],"wp:attachment":[{"href":"https:\/\/www1.unicap.br\/assecom1\/wp-json\/wp\/v2\/media?parent=47727"}],"wp:term":[{"taxonomy":"category","embeddable":true,"href":"https:\/\/www1.unicap.br\/assecom1\/wp-json\/wp\/v2\/categories?post=47727"},{"taxonomy":"post_tag","embeddable":true,"href":"https:\/\/www1.unicap.br\/assecom1\/wp-json\/wp\/v2\/tags?post=47727"}],"curies":[{"name":"wp","href":"https:\/\/api.w.org\/{rel}","templated":true}]}}