{"id":47537,"date":"2014-06-06T14:03:29","date_gmt":"2014-06-06T17:03:29","guid":{"rendered":"http:\/\/www.unicap.br\/assecom1\/?p=47537"},"modified":"2014-06-06T15:54:24","modified_gmt":"2014-06-06T18:54:24","slug":"curso-de-historia-realiza-viagem-para-conhecer-tribo-indigena-no-interior-do-estado","status":"publish","type":"post","link":"https:\/\/www1.unicap.br\/assecom1\/curso-de-historia-realiza-viagem-para-conhecer-tribo-indigena-no-interior-do-estado\/","title":{"rendered":"Curso de Hist\u00f3ria realiza viagem para conhecer tribo ind\u00edgena no interior do estado"},"content":{"rendered":"<p><a href=\"https:\/\/i1.wp.com\/www1.unicap.br\/assecom1\/wp-content\/uploads\/2014\/06\/tribo.jpg?ssl=1\"><img data-attachment-id=\"47538\" data-permalink=\"https:\/\/www1.unicap.br\/assecom1\/curso-de-historia-realiza-viagem-para-conhecer-tribo-indigena-no-interior-do-estado\/tribo\/\" data-orig-file=\"https:\/\/i1.wp.com\/www1.unicap.br\/assecom1\/wp-content\/uploads\/2014\/06\/tribo.jpg?fit=466%2C350&amp;ssl=1\" data-orig-size=\"466,350\" data-comments-opened=\"1\" data-image-meta=\"{&quot;aperture&quot;:&quot;0&quot;,&quot;credit&quot;:&quot;&quot;,&quot;camera&quot;:&quot;&quot;,&quot;caption&quot;:&quot;&quot;,&quot;created_timestamp&quot;:&quot;0&quot;,&quot;copyright&quot;:&quot;&quot;,&quot;focal_length&quot;:&quot;0&quot;,&quot;iso&quot;:&quot;0&quot;,&quot;shutter_speed&quot;:&quot;0&quot;,&quot;title&quot;:&quot;&quot;}\" data-image-title=\"\" data-image-description=\"\" data-medium-file=\"https:\/\/i1.wp.com\/www1.unicap.br\/assecom1\/wp-content\/uploads\/2014\/06\/tribo.jpg?fit=300%2C225&amp;ssl=1\" data-large-file=\"https:\/\/i1.wp.com\/www1.unicap.br\/assecom1\/wp-content\/uploads\/2014\/06\/tribo.jpg?fit=466%2C350&amp;ssl=1\" loading=\"lazy\" class=\"alignleft size-medium wp-image-47538\" src=\"https:\/\/i1.wp.com\/www1.unicap.br\/assecom1\/wp-content\/uploads\/2014\/06\/tribo.jpg?resize=300%2C225&#038;ssl=1\" alt=\"\" srcset=\"https:\/\/i1.wp.com\/www1.unicap.br\/assecom1\/wp-content\/uploads\/2014\/06\/tribo.jpg?resize=300%2C225&amp;ssl=1 300w, https:\/\/i1.wp.com\/www1.unicap.br\/assecom1\/wp-content\/uploads\/2014\/06\/tribo.jpg?w=466&amp;ssl=1 466w\" sizes=\"(max-width: 300px) 100vw, 300px\" data-recalc-dims=\"1\" \/><\/a>O curso de Hist\u00f3ria da Universidade Cat\u00f3lica de Pernambuco promoveu no \u00faltimo dia 17 de maio uma viagem para conhecer uma tribo ind\u00edgena no interior do estado de Pernambuco. Quinze alunos da gradua\u00e7\u00e3o foram acompanhados do professor Tiago da Silva C\u00e9sar numa viagem at\u00e9 a cidade de Pesqueira, no Agreste pernambucano.<\/p>\n<p>L\u00e1, os estudantes visitaram a tribo dos Xucurus e tiveram a oportunidade de conhecer comunidades ind\u00edgenas de outras partes do estado, j\u00e1 que no dia da viagem se realizava uma Assembleia sobre a import\u00e2ncia da \u00e1gua para as tribos.<\/p>\n<p>O tema da Assembleia foi <em>A \u00e1gua \u00e9 o sangue da Terra <\/em>\u00a0e nomeou a XIV Assembleia do povo Xucuru, que ocorreu na Aldeia de Pedra D&#8217;\u00e1gua. &#8220;<span style=\"color: #222222;\">Os alunos puderam ver\u00a0<\/span><span style=\"color: #222222;\">n\u00e3o s\u00f3 a articula\u00e7\u00e3o do povo Xucuru do Ororub\u00e1,\u00a0como tamb\u00e9m tiveram a oportunidade de observar os usos, costumes e a mobiliza\u00e7\u00e3o sociocultural de preserva\u00e7\u00e3o de sua cultura&#8221;, disse o professor Tiago C\u00e9sar.<\/span><\/p>\n<p>&nbsp;<\/p>\n<p>&nbsp;<\/p>\n","protected":false},"excerpt":{"rendered":"<p>O curso de Hist\u00f3ria da Universidade Cat\u00f3lica de Pernambuco promoveu no \u00faltimo dia 17 de maio uma viagem para conhecer uma tribo ind\u00edgena no interior do estado de Pernambuco. Quinze alunos da gradua\u00e7\u00e3o foram acompanhados do professor Tiago da Silva C\u00e9sar numa viagem at\u00e9 a cidade de Pesqueira, no Agreste pernambucano. L\u00e1, os estudantes visitaram [&hellip;]<\/p>\n","protected":false},"author":52,"featured_media":47538,"comment_status":"open","ping_status":"open","sticky":false,"template":"","format":"standard","meta":[],"categories":[286,4],"tags":[],"jetpack-related-posts":[],"_links":{"self":[{"href":"https:\/\/www1.unicap.br\/assecom1\/wp-json\/wp\/v2\/posts\/47537"}],"collection":[{"href":"https:\/\/www1.unicap.br\/assecom1\/wp-json\/wp\/v2\/posts"}],"about":[{"href":"https:\/\/www1.unicap.br\/assecom1\/wp-json\/wp\/v2\/types\/post"}],"author":[{"embeddable":true,"href":"https:\/\/www1.unicap.br\/assecom1\/wp-json\/wp\/v2\/users\/52"}],"replies":[{"embeddable":true,"href":"https:\/\/www1.unicap.br\/assecom1\/wp-json\/wp\/v2\/comments?post=47537"}],"version-history":[{"count":3,"href":"https:\/\/www1.unicap.br\/assecom1\/wp-json\/wp\/v2\/posts\/47537\/revisions"}],"predecessor-version":[{"id":47547,"href":"https:\/\/www1.unicap.br\/assecom1\/wp-json\/wp\/v2\/posts\/47537\/revisions\/47547"}],"wp:featuredmedia":[{"embeddable":true,"href":"https:\/\/www1.unicap.br\/assecom1\/wp-json\/wp\/v2\/media\/47538"}],"wp:attachment":[{"href":"https:\/\/www1.unicap.br\/assecom1\/wp-json\/wp\/v2\/media?parent=47537"}],"wp:term":[{"taxonomy":"category","embeddable":true,"href":"https:\/\/www1.unicap.br\/assecom1\/wp-json\/wp\/v2\/categories?post=47537"},{"taxonomy":"post_tag","embeddable":true,"href":"https:\/\/www1.unicap.br\/assecom1\/wp-json\/wp\/v2\/tags?post=47537"}],"curies":[{"name":"wp","href":"https:\/\/api.w.org\/{rel}","templated":true}]}}