{"id":47501,"date":"2014-06-05T14:08:16","date_gmt":"2014-06-05T17:08:16","guid":{"rendered":"http:\/\/www.unicap.br\/assecom1\/?p=47501"},"modified":"2014-06-06T15:45:02","modified_gmt":"2014-06-06T18:45:02","slug":"culto-ecumenico-celebra-a-semana-da-uniao-dos-cristaos","status":"publish","type":"post","link":"https:\/\/www1.unicap.br\/assecom1\/culto-ecumenico-celebra-a-semana-da-uniao-dos-cristaos\/","title":{"rendered":"Culto ecum\u00eanico celebra a Semana da Uni\u00e3o dos Crist\u00e3os"},"content":{"rendered":"<p><a href=\"https:\/\/i0.wp.com\/www1.unicap.br\/assecom1\/wp-content\/uploads\/2014\/06\/DSC_2609-e1401922228655.jpg?ssl=1\"><img data-attachment-id=\"47503\" data-permalink=\"https:\/\/www1.unicap.br\/assecom1\/culto-ecumenico-celebra-a-semana-da-uniao-dos-cristaos\/dsc_2609\/\" data-orig-file=\"https:\/\/i0.wp.com\/www1.unicap.br\/assecom1\/wp-content\/uploads\/2014\/06\/DSC_2609-e1401922228655.jpg?fit=700%2C465&amp;ssl=1\" data-orig-size=\"700,465\" data-comments-opened=\"1\" data-image-meta=\"{&quot;aperture&quot;:&quot;3.5&quot;,&quot;credit&quot;:&quot;&quot;,&quot;camera&quot;:&quot;NIKON D5000&quot;,&quot;caption&quot;:&quot;&quot;,&quot;created_timestamp&quot;:&quot;1253915747&quot;,&quot;copyright&quot;:&quot;&quot;,&quot;focal_length&quot;:&quot;18&quot;,&quot;iso&quot;:&quot;800&quot;,&quot;shutter_speed&quot;:&quot;0.05&quot;,&quot;title&quot;:&quot;&quot;}\" data-image-title=\"DSC_2609\" data-image-description=\"\" data-medium-file=\"https:\/\/i0.wp.com\/www1.unicap.br\/assecom1\/wp-content\/uploads\/2014\/06\/DSC_2609-e1401922228655.jpg?fit=300%2C199&amp;ssl=1\" data-large-file=\"https:\/\/i0.wp.com\/www1.unicap.br\/assecom1\/wp-content\/uploads\/2014\/06\/DSC_2609-e1401922228655.jpg?fit=640%2C425&amp;ssl=1\" loading=\"lazy\" class=\"alignleft wp-image-47503 size-medium\" src=\"https:\/\/i0.wp.com\/www1.unicap.br\/assecom1\/wp-content\/uploads\/2014\/06\/DSC_2609.jpg?resize=300%2C199&#038;ssl=1\" alt=\"DSC_2609\" data-recalc-dims=\"1\" \/><\/a><\/p>\n<p>Promovida pelo Conselho Nacional de Igrejas Crist\u00e3s do Brasil, a Semana da Uni\u00e3o dos Crist\u00e3os foi celebrada na capela da Universidade Cat\u00f3lica de Pernambuco, na noite desta quarta-feira (04), \u00e0s 18h. O frei Tito, que realizou\u00a0 a celebra\u00e7\u00e3o, falou sobre a import\u00e2ncia do evento. \u201c Todos n\u00f3s, independentemente de religi\u00e3o,\u00a0 devemos respeitar as diversidades e procurar praticar o evangelho. Buscar a paz e a solidariedade\u201d, enfatizou. Ele ainda completou afirmando que ao mesmo tempo que temos nossas diferen\u00e7as, temos algo em comum, que \u00e9 o batismo. \u201cComo pregou o ap\u00f3stolo Paulo: por um s\u00f3 senhor, uma s\u00f3 f\u00e9 e um s\u00f3 batismo\u201d, disse. O culto foi encerrado com uma can\u00e7\u00e3o, preces e agradecimentos.<\/p>\n","protected":false},"excerpt":{"rendered":"<p>Promovida pelo Conselho Nacional de Igrejas Crist\u00e3s do Brasil, a Semana da Uni\u00e3o dos Crist\u00e3os foi celebrada na capela da Universidade Cat\u00f3lica de Pernambuco, na noite desta quarta-feira (04), \u00e0s 18h. O frei Tito, que realizou\u00a0 a celebra\u00e7\u00e3o, falou sobre a import\u00e2ncia do evento. \u201c Todos n\u00f3s, independentemente de religi\u00e3o,\u00a0 devemos respeitar as diversidades e [&hellip;]<\/p>\n","protected":false},"author":59,"featured_media":47503,"comment_status":"open","ping_status":"open","sticky":false,"template":"","format":"standard","meta":[],"categories":[4],"tags":[],"jetpack-related-posts":[],"_links":{"self":[{"href":"https:\/\/www1.unicap.br\/assecom1\/wp-json\/wp\/v2\/posts\/47501"}],"collection":[{"href":"https:\/\/www1.unicap.br\/assecom1\/wp-json\/wp\/v2\/posts"}],"about":[{"href":"https:\/\/www1.unicap.br\/assecom1\/wp-json\/wp\/v2\/types\/post"}],"author":[{"embeddable":true,"href":"https:\/\/www1.unicap.br\/assecom1\/wp-json\/wp\/v2\/users\/59"}],"replies":[{"embeddable":true,"href":"https:\/\/www1.unicap.br\/assecom1\/wp-json\/wp\/v2\/comments?post=47501"}],"version-history":[{"count":7,"href":"https:\/\/www1.unicap.br\/assecom1\/wp-json\/wp\/v2\/posts\/47501\/revisions"}],"predecessor-version":[{"id":47554,"href":"https:\/\/www1.unicap.br\/assecom1\/wp-json\/wp\/v2\/posts\/47501\/revisions\/47554"}],"wp:featuredmedia":[{"embeddable":true,"href":"https:\/\/www1.unicap.br\/assecom1\/wp-json\/wp\/v2\/media\/47503"}],"wp:attachment":[{"href":"https:\/\/www1.unicap.br\/assecom1\/wp-json\/wp\/v2\/media?parent=47501"}],"wp:term":[{"taxonomy":"category","embeddable":true,"href":"https:\/\/www1.unicap.br\/assecom1\/wp-json\/wp\/v2\/categories?post=47501"},{"taxonomy":"post_tag","embeddable":true,"href":"https:\/\/www1.unicap.br\/assecom1\/wp-json\/wp\/v2\/tags?post=47501"}],"curies":[{"name":"wp","href":"https:\/\/api.w.org\/{rel}","templated":true}]}}