{"id":47437,"date":"2014-06-03T14:09:50","date_gmt":"2014-06-03T17:09:50","guid":{"rendered":"http:\/\/www.unicap.br\/assecom1\/?p=47437"},"modified":"2014-06-03T14:12:18","modified_gmt":"2014-06-03T17:12:18","slug":"curso-gestao-de-turismo-homenageia-agentes-de-viagem","status":"publish","type":"post","link":"https:\/\/www1.unicap.br\/assecom1\/curso-gestao-de-turismo-homenageia-agentes-de-viagem\/","title":{"rendered":"Curso Gest\u00e3o de Turismo homenageia Agentes de Viagem"},"content":{"rendered":"<p><a href=\"https:\/\/i0.wp.com\/www1.unicap.br\/assecom1\/wp-content\/uploads\/2014\/06\/Chegada-dos-agentes-de-viagem.jpg?ssl=1\"><img data-attachment-id=\"47441\" data-permalink=\"https:\/\/www1.unicap.br\/assecom1\/curso-gestao-de-turismo-homenageia-agentes-de-viagem\/chegada-dos-agentes-de-viagem\/\" data-orig-file=\"https:\/\/i0.wp.com\/www1.unicap.br\/assecom1\/wp-content\/uploads\/2014\/06\/Chegada-dos-agentes-de-viagem.jpg?fit=1024%2C1024&amp;ssl=1\" data-orig-size=\"1024,1024\" data-comments-opened=\"1\" data-image-meta=\"{&quot;aperture&quot;:&quot;0&quot;,&quot;credit&quot;:&quot;&quot;,&quot;camera&quot;:&quot;&quot;,&quot;caption&quot;:&quot;&quot;,&quot;created_timestamp&quot;:&quot;0&quot;,&quot;copyright&quot;:&quot;&quot;,&quot;focal_length&quot;:&quot;0&quot;,&quot;iso&quot;:&quot;0&quot;,&quot;shutter_speed&quot;:&quot;0&quot;,&quot;title&quot;:&quot;&quot;}\" data-image-title=\"Chegada-dos-agentes-de-viagem\" data-image-description=\"\" data-medium-file=\"https:\/\/i0.wp.com\/www1.unicap.br\/assecom1\/wp-content\/uploads\/2014\/06\/Chegada-dos-agentes-de-viagem.jpg?fit=300%2C300&amp;ssl=1\" data-large-file=\"https:\/\/i0.wp.com\/www1.unicap.br\/assecom1\/wp-content\/uploads\/2014\/06\/Chegada-dos-agentes-de-viagem.jpg?fit=640%2C640&amp;ssl=1\" loading=\"lazy\" class=\"alignnone wp-image-47441\" src=\"https:\/\/i0.wp.com\/www1.unicap.br\/assecom1\/wp-content\/uploads\/2014\/06\/Chegada-dos-agentes-de-viagem.jpg?resize=600%2C600&#038;ssl=1\" alt=\"Chegada-dos-agentes-de-viagem\" srcset=\"https:\/\/i0.wp.com\/www1.unicap.br\/assecom1\/wp-content\/uploads\/2014\/06\/Chegada-dos-agentes-de-viagem.jpg?resize=300%2C300&amp;ssl=1 300w, https:\/\/i0.wp.com\/www1.unicap.br\/assecom1\/wp-content\/uploads\/2014\/06\/Chegada-dos-agentes-de-viagem.jpg?resize=150%2C150&amp;ssl=1 150w, https:\/\/i0.wp.com\/www1.unicap.br\/assecom1\/wp-content\/uploads\/2014\/06\/Chegada-dos-agentes-de-viagem.jpg?w=1024&amp;ssl=1 1024w\" sizes=\"(max-width: 600px) 100vw, 600px\" data-recalc-dims=\"1\" \/><\/a><\/p>\n<p>Em comemora\u00e7\u00e3o ao Dia Nacional do Agente de Viagem (22\/04), o curso Gest\u00e3o de Turismo da Unicap, em parceria com a\u00a0<em>American Airlines<\/em>\u00a0e o Hotel\u00a0<em>Eco Resort Vila Gal\u00e9<\/em>, no\u00a0Cabo de Santo Agostinho, realizou uma homenagem dedicada aos Agentes de Viagem do Recife. O evento aconteceu s\u00e1bado, dia 31 de maio, ocasi\u00e3o na qual alunos do 1\u00ba m\u00f3dulo do curso interagiram com os agentes de viagem e demais convidados presentes, dando-lhes as boas-vindas.<\/p>\n<p><a href=\"https:\/\/i1.wp.com\/www1.unicap.br\/assecom1\/wp-content\/uploads\/2014\/06\/Com-Mateus-e-Katerine.jpg?ssl=1\"><img data-attachment-id=\"47440\" data-permalink=\"https:\/\/www1.unicap.br\/assecom1\/curso-gestao-de-turismo-homenageia-agentes-de-viagem\/com-mateus-e-katerine\/\" data-orig-file=\"https:\/\/i1.wp.com\/www1.unicap.br\/assecom1\/wp-content\/uploads\/2014\/06\/Com-Mateus-e-Katerine.jpg?fit=1104%2C859&amp;ssl=1\" data-orig-size=\"1104,859\" data-comments-opened=\"1\" data-image-meta=\"{&quot;aperture&quot;:&quot;0&quot;,&quot;credit&quot;:&quot;&quot;,&quot;camera&quot;:&quot;&quot;,&quot;caption&quot;:&quot;&quot;,&quot;created_timestamp&quot;:&quot;0&quot;,&quot;copyright&quot;:&quot;&quot;,&quot;focal_length&quot;:&quot;0&quot;,&quot;iso&quot;:&quot;0&quot;,&quot;shutter_speed&quot;:&quot;0&quot;,&quot;title&quot;:&quot;&quot;}\" data-image-title=\"Com-Mateus-e-Katerine\" data-image-description=\"\" data-medium-file=\"https:\/\/i1.wp.com\/www1.unicap.br\/assecom1\/wp-content\/uploads\/2014\/06\/Com-Mateus-e-Katerine.jpg?fit=300%2C233&amp;ssl=1\" data-large-file=\"https:\/\/i1.wp.com\/www1.unicap.br\/assecom1\/wp-content\/uploads\/2014\/06\/Com-Mateus-e-Katerine.jpg?fit=640%2C498&amp;ssl=1\" loading=\"lazy\" class=\"alignleft size-medium wp-image-47440\" src=\"https:\/\/i1.wp.com\/www1.unicap.br\/assecom1\/wp-content\/uploads\/2014\/06\/Com-Mateus-e-Katerine.jpg?resize=300%2C233&#038;ssl=1\" alt=\"Com-Mateus-e-Katerine\" srcset=\"https:\/\/i1.wp.com\/www1.unicap.br\/assecom1\/wp-content\/uploads\/2014\/06\/Com-Mateus-e-Katerine.jpg?resize=300%2C233&amp;ssl=1 300w, https:\/\/i1.wp.com\/www1.unicap.br\/assecom1\/wp-content\/uploads\/2014\/06\/Com-Mateus-e-Katerine.jpg?resize=1024%2C796&amp;ssl=1 1024w, https:\/\/i1.wp.com\/www1.unicap.br\/assecom1\/wp-content\/uploads\/2014\/06\/Com-Mateus-e-Katerine.jpg?w=1104&amp;ssl=1 1104w\" sizes=\"(max-width: 300px) 100vw, 300px\" data-recalc-dims=\"1\" \/><\/a>A a\u00e7\u00e3o contou com palestras, entretenimento e distribui\u00e7\u00e3o de brindes.\u00a0Os alunos estavam\u00a0acompanhados pela coordenadora do curso, professora Rosilei Montenegro. \u201c<em>\u00c9 fundamental estar pr\u00f3ximo ao mercado. S\u00e3o a\u00e7\u00f5es como essas que estreitam la\u00e7os, oportunizam novas parcerias, conv\u00eanios e chances para os alunos, sem contar a visibilidade que o curso e a Universidade passam a ter<\/em>\u201c, disse professora Rosilei Montenegro.<\/p>\n<p style=\"color: #646464;\"><span style=\"color: #000000;\"><a href=\"https:\/\/i0.wp.com\/www1.unicap.br\/assecom1\/wp-content\/uploads\/2014\/06\/Selfie_Willilane_Rosilei_Eduina_Amanda_30maio2014-hotel-Vila-Gal\u00e9.jpg?ssl=1\"><img data-attachment-id=\"47439\" data-permalink=\"https:\/\/www1.unicap.br\/assecom1\/curso-gestao-de-turismo-homenageia-agentes-de-viagem\/selfie_willilane_rosilei_eduina_amanda_30maio2014-hotel-vila-gale\/\" data-orig-file=\"https:\/\/i0.wp.com\/www1.unicap.br\/assecom1\/wp-content\/uploads\/2014\/06\/Selfie_Willilane_Rosilei_Eduina_Amanda_30maio2014-hotel-Vila-Gal\u00e9.jpg?fit=1152%2C864&amp;ssl=1\" data-orig-size=\"1152,864\" data-comments-opened=\"1\" data-image-meta=\"{&quot;aperture&quot;:&quot;0&quot;,&quot;credit&quot;:&quot;&quot;,&quot;camera&quot;:&quot;&quot;,&quot;caption&quot;:&quot;&quot;,&quot;created_timestamp&quot;:&quot;0&quot;,&quot;copyright&quot;:&quot;&quot;,&quot;focal_length&quot;:&quot;0&quot;,&quot;iso&quot;:&quot;0&quot;,&quot;shutter_speed&quot;:&quot;0&quot;,&quot;title&quot;:&quot;&quot;}\" data-image-title=\"Selfie_Willilane_Rosilei_Eduina_Amanda_30maio2014-hotel-Vila-Gal\u00e9\" data-image-description=\"\" data-medium-file=\"https:\/\/i0.wp.com\/www1.unicap.br\/assecom1\/wp-content\/uploads\/2014\/06\/Selfie_Willilane_Rosilei_Eduina_Amanda_30maio2014-hotel-Vila-Gal\u00e9.jpg?fit=300%2C225&amp;ssl=1\" data-large-file=\"https:\/\/i0.wp.com\/www1.unicap.br\/assecom1\/wp-content\/uploads\/2014\/06\/Selfie_Willilane_Rosilei_Eduina_Amanda_30maio2014-hotel-Vila-Gal\u00e9.jpg?fit=640%2C480&amp;ssl=1\" loading=\"lazy\" class=\"alignright size-medium wp-image-47439\" src=\"https:\/\/i0.wp.com\/www1.unicap.br\/assecom1\/wp-content\/uploads\/2014\/06\/Selfie_Willilane_Rosilei_Eduina_Amanda_30maio2014-hotel-Vila-Gal\u00e9.jpg?resize=300%2C225&#038;ssl=1\" alt=\"Selfie_Willilane_Rosilei_Eduina_Amanda_30maio2014-hotel-Vila-Gal\u00e9\" srcset=\"https:\/\/i0.wp.com\/www1.unicap.br\/assecom1\/wp-content\/uploads\/2014\/06\/Selfie_Willilane_Rosilei_Eduina_Amanda_30maio2014-hotel-Vila-Gal\u00e9.jpg?resize=300%2C225&amp;ssl=1 300w, https:\/\/i0.wp.com\/www1.unicap.br\/assecom1\/wp-content\/uploads\/2014\/06\/Selfie_Willilane_Rosilei_Eduina_Amanda_30maio2014-hotel-Vila-Gal\u00e9.jpg?resize=1024%2C768&amp;ssl=1 1024w, https:\/\/i0.wp.com\/www1.unicap.br\/assecom1\/wp-content\/uploads\/2014\/06\/Selfie_Willilane_Rosilei_Eduina_Amanda_30maio2014-hotel-Vila-Gal\u00e9.jpg?w=1152&amp;ssl=1 1152w\" sizes=\"(max-width: 300px) 100vw, 300px\" data-recalc-dims=\"1\" \/><\/a>Para os alunos tamb\u00e9m foi importante participar da atividade e interagir com os agentes de viagens e parceiros. \u201c<em>Foi uma experi\u00eancia muito bacana. Se eu n\u00e3o tivesse vindo, me arrependeria quando visse as fotos (risos)..<\/em>.\u201d disse a aluna Amanda Santos. Para Eduina Altenkirch: \u201c<em>Eu adorei participar. Al\u00e9m de um novo aprendizado, me senti muito \u00fatil. Foi muito bom<\/em>\u201c.<\/span><\/p>\n<figure id=\"attachment_47438\" aria-describedby=\"caption-attachment-47438\" style=\"width: 300px\" class=\"wp-caption alignleft\"><a href=\"https:\/\/i0.wp.com\/www1.unicap.br\/assecom1\/wp-content\/uploads\/2014\/06\/alunas-e-parceiros.jpg?ssl=1\"><img data-attachment-id=\"47438\" data-permalink=\"https:\/\/www1.unicap.br\/assecom1\/curso-gestao-de-turismo-homenageia-agentes-de-viagem\/alunas-e-parceiros\/\" data-orig-file=\"https:\/\/i0.wp.com\/www1.unicap.br\/assecom1\/wp-content\/uploads\/2014\/06\/alunas-e-parceiros.jpg?fit=521%2C504&amp;ssl=1\" data-orig-size=\"521,504\" data-comments-opened=\"1\" data-image-meta=\"{&quot;aperture&quot;:&quot;0&quot;,&quot;credit&quot;:&quot;&quot;,&quot;camera&quot;:&quot;&quot;,&quot;caption&quot;:&quot;&quot;,&quot;created_timestamp&quot;:&quot;0&quot;,&quot;copyright&quot;:&quot;&quot;,&quot;focal_length&quot;:&quot;0&quot;,&quot;iso&quot;:&quot;0&quot;,&quot;shutter_speed&quot;:&quot;0&quot;,&quot;title&quot;:&quot;&quot;}\" data-image-title=\"alunas-e-parceiros\" data-image-description=\"\" data-medium-file=\"https:\/\/i0.wp.com\/www1.unicap.br\/assecom1\/wp-content\/uploads\/2014\/06\/alunas-e-parceiros.jpg?fit=300%2C290&amp;ssl=1\" data-large-file=\"https:\/\/i0.wp.com\/www1.unicap.br\/assecom1\/wp-content\/uploads\/2014\/06\/alunas-e-parceiros.jpg?fit=521%2C504&amp;ssl=1\" loading=\"lazy\" class=\"wp-image-47438 size-medium\" src=\"https:\/\/i0.wp.com\/www1.unicap.br\/assecom1\/wp-content\/uploads\/2014\/06\/alunas-e-parceiros.jpg?resize=300%2C290&#038;ssl=1\" alt=\"Foto: No centro, Luciana Mendon\u00e7a (Vila Gal\u00e9) e Patr\u00edcia Assun\u00e7\u00e3o (American Airlines)\" srcset=\"https:\/\/i0.wp.com\/www1.unicap.br\/assecom1\/wp-content\/uploads\/2014\/06\/alunas-e-parceiros.jpg?resize=300%2C290&amp;ssl=1 300w, https:\/\/i0.wp.com\/www1.unicap.br\/assecom1\/wp-content\/uploads\/2014\/06\/alunas-e-parceiros.jpg?resize=60%2C57&amp;ssl=1 60w, https:\/\/i0.wp.com\/www1.unicap.br\/assecom1\/wp-content\/uploads\/2014\/06\/alunas-e-parceiros.jpg?w=521&amp;ssl=1 521w\" sizes=\"(max-width: 300px) 100vw, 300px\" data-recalc-dims=\"1\" \/><\/a><figcaption id=\"caption-attachment-47438\" class=\"wp-caption-text\">Foto: No centro, Luciana Mendon\u00e7a (Vila Gal\u00e9) e Patr\u00edcia Assun\u00e7\u00e3o (American Airlines)<\/figcaption><\/figure>\n<p>&nbsp;<\/p>\n<p>&nbsp;<\/p>\n<p>&nbsp;<\/p>\n<p>&nbsp;<\/p>\n","protected":false},"excerpt":{"rendered":"<p>Em comemora\u00e7\u00e3o ao Dia Nacional do Agente de Viagem (22\/04), o curso Gest\u00e3o de Turismo da Unicap, em parceria com a\u00a0American Airlines\u00a0e o Hotel\u00a0Eco Resort Vila Gal\u00e9, no\u00a0Cabo de Santo Agostinho, realizou uma homenagem dedicada aos Agentes de Viagem do Recife. O evento aconteceu s\u00e1bado, dia 31 de maio, ocasi\u00e3o na qual alunos do 1\u00ba [&hellip;]<\/p>\n","protected":false},"author":3,"featured_media":47438,"comment_status":"open","ping_status":"open","sticky":false,"template":"","format":"standard","meta":[],"categories":[4],"tags":[],"jetpack-related-posts":[],"_links":{"self":[{"href":"https:\/\/www1.unicap.br\/assecom1\/wp-json\/wp\/v2\/posts\/47437"}],"collection":[{"href":"https:\/\/www1.unicap.br\/assecom1\/wp-json\/wp\/v2\/posts"}],"about":[{"href":"https:\/\/www1.unicap.br\/assecom1\/wp-json\/wp\/v2\/types\/post"}],"author":[{"embeddable":true,"href":"https:\/\/www1.unicap.br\/assecom1\/wp-json\/wp\/v2\/users\/3"}],"replies":[{"embeddable":true,"href":"https:\/\/www1.unicap.br\/assecom1\/wp-json\/wp\/v2\/comments?post=47437"}],"version-history":[{"count":8,"href":"https:\/\/www1.unicap.br\/assecom1\/wp-json\/wp\/v2\/posts\/47437\/revisions"}],"predecessor-version":[{"id":47449,"href":"https:\/\/www1.unicap.br\/assecom1\/wp-json\/wp\/v2\/posts\/47437\/revisions\/47449"}],"wp:featuredmedia":[{"embeddable":true,"href":"https:\/\/www1.unicap.br\/assecom1\/wp-json\/wp\/v2\/media\/47438"}],"wp:attachment":[{"href":"https:\/\/www1.unicap.br\/assecom1\/wp-json\/wp\/v2\/media?parent=47437"}],"wp:term":[{"taxonomy":"category","embeddable":true,"href":"https:\/\/www1.unicap.br\/assecom1\/wp-json\/wp\/v2\/categories?post=47437"},{"taxonomy":"post_tag","embeddable":true,"href":"https:\/\/www1.unicap.br\/assecom1\/wp-json\/wp\/v2\/tags?post=47437"}],"curies":[{"name":"wp","href":"https:\/\/api.w.org\/{rel}","templated":true}]}}