{"id":47243,"date":"2014-05-22T13:18:04","date_gmt":"2014-05-22T16:18:04","guid":{"rendered":"http:\/\/www.unicap.br\/assecom1\/?p=47243"},"modified":"2014-05-22T20:31:40","modified_gmt":"2014-05-22T23:31:40","slug":"empresa-junior-da-unicap-realizara-palestras-para-alunos-da-universidade","status":"publish","type":"post","link":"https:\/\/www1.unicap.br\/assecom1\/empresa-junior-da-unicap-realizara-palestras-para-alunos-da-universidade\/","title":{"rendered":"Movimento empresa j\u00fanior realizar\u00e1 palestras para alunos da Unicap"},"content":{"rendered":"<p><a href=\"https:\/\/i1.wp.com\/www1.unicap.br\/assecom1\/wp-content\/uploads\/2014\/05\/Unicap-Jr-e1400708803173.jpg?ssl=1\"><img data-attachment-id=\"47244\" data-permalink=\"https:\/\/www1.unicap.br\/assecom1\/empresa-junior-da-unicap-realizara-palestras-para-alunos-da-universidade\/unicap-jr\/\" data-orig-file=\"https:\/\/i1.wp.com\/www1.unicap.br\/assecom1\/wp-content\/uploads\/2014\/05\/Unicap-Jr-e1400708803173.jpg?fit=700%2C995&amp;ssl=1\" data-orig-size=\"700,995\" data-comments-opened=\"1\" data-image-meta=\"{&quot;aperture&quot;:&quot;0&quot;,&quot;credit&quot;:&quot;usu\\u00e1rio&quot;,&quot;camera&quot;:&quot;&quot;,&quot;caption&quot;:&quot;&quot;,&quot;created_timestamp&quot;:&quot;1396030591&quot;,&quot;copyright&quot;:&quot;&quot;,&quot;focal_length&quot;:&quot;0&quot;,&quot;iso&quot;:&quot;0&quot;,&quot;shutter_speed&quot;:&quot;0&quot;,&quot;title&quot;:&quot;&quot;}\" data-image-title=\"Unicap Jr\" data-image-description=\"\" data-medium-file=\"https:\/\/i1.wp.com\/www1.unicap.br\/assecom1\/wp-content\/uploads\/2014\/05\/Unicap-Jr-e1400708803173.jpg?fit=210%2C300&amp;ssl=1\" data-large-file=\"https:\/\/i1.wp.com\/www1.unicap.br\/assecom1\/wp-content\/uploads\/2014\/05\/Unicap-Jr-e1400708803173.jpg?fit=640%2C910&amp;ssl=1\" loading=\"lazy\" class=\"alignleft wp-image-47244 size-medium\" src=\"https:\/\/i2.wp.com\/www1.unicap.br\/assecom1\/wp-content\/uploads\/2014\/05\/Unicap-Jr.jpg?resize=210%2C300&#038;ssl=1\" alt=\"Unicap Jr\" data-recalc-dims=\"1\" \/><\/a><\/p>\n<p>O movimento empresa j\u00fanior vai realizar nesta quinta-feira (22) duas palestras visando apresentar aos alunos da Universidade Cat\u00f3lica de Pernambuco o movimento empresa j\u00fanior e explicar com detalhes o funcionamento de um empresa j\u00fanior na pr\u00e1tica. \u00a0O evento vai acontecer no audit\u00f3rio do bloco G, e ser\u00e1 realizado em dois turnos: pela manh\u00e3 (9h30) e \u00e0 noite (18h30). O encontro est\u00e1 sendo organizado pelos estudantes Caio Ver\u00edssimo (Engenharia Civil da Unicap) e Sinval Emanuel( Direito -Unicap e Administra\u00e7\u00e3o-FCAP).<\/p>\n<p>Palestrantes :<\/p>\n<div style=\"color: #000000\">&#8211;<b>Ayrton Abfal\u00e3o\u00a0<\/b>(estudante de Direito da UFPE &#8211; Diretor executivo do escrit\u00f3rio Bevilaqua)<\/div>\n<div style=\"color: #000000\">&#8211;<b>Klaiton Pereira<\/b>\u00a0(estudante da UFPE e presidente do CITi &#8211; empresa j\u00fanior da UFPE do centro de inform\u00e1tica)<\/div>\n<div style=\"color: #000000\">&#8211;<b>Sinval Emanuel<\/b>\u00a0(diretor administrativo-financeiro da FCAP JR Consultoria e aluno tamb\u00e9m da Unicap).<\/div>\n<div style=\"color: #000000\">&#8211;<b>Thiago Rodrigues<\/b>\u00a0(presidente da FEJEPE &#8211; Federa\u00e7\u00e3o das empresas juniores do estado de Pernambuco).<\/div>\n","protected":false},"excerpt":{"rendered":"<p>O movimento empresa j\u00fanior vai realizar nesta quinta-feira (22) duas palestras visando apresentar aos alunos da Universidade Cat\u00f3lica de Pernambuco o movimento empresa j\u00fanior e explicar com detalhes o funcionamento de um empresa j\u00fanior na pr\u00e1tica. \u00a0O evento vai acontecer no audit\u00f3rio do bloco G, e ser\u00e1 realizado em dois turnos: pela manh\u00e3 (9h30) e [&hellip;]<\/p>\n","protected":false},"author":59,"featured_media":47244,"comment_status":"open","ping_status":"open","sticky":false,"template":"","format":"standard","meta":[],"categories":[4],"tags":[],"jetpack-related-posts":[],"_links":{"self":[{"href":"https:\/\/www1.unicap.br\/assecom1\/wp-json\/wp\/v2\/posts\/47243"}],"collection":[{"href":"https:\/\/www1.unicap.br\/assecom1\/wp-json\/wp\/v2\/posts"}],"about":[{"href":"https:\/\/www1.unicap.br\/assecom1\/wp-json\/wp\/v2\/types\/post"}],"author":[{"embeddable":true,"href":"https:\/\/www1.unicap.br\/assecom1\/wp-json\/wp\/v2\/users\/59"}],"replies":[{"embeddable":true,"href":"https:\/\/www1.unicap.br\/assecom1\/wp-json\/wp\/v2\/comments?post=47243"}],"version-history":[{"count":7,"href":"https:\/\/www1.unicap.br\/assecom1\/wp-json\/wp\/v2\/posts\/47243\/revisions"}],"predecessor-version":[{"id":47261,"href":"https:\/\/www1.unicap.br\/assecom1\/wp-json\/wp\/v2\/posts\/47243\/revisions\/47261"}],"wp:featuredmedia":[{"embeddable":true,"href":"https:\/\/www1.unicap.br\/assecom1\/wp-json\/wp\/v2\/media\/47244"}],"wp:attachment":[{"href":"https:\/\/www1.unicap.br\/assecom1\/wp-json\/wp\/v2\/media?parent=47243"}],"wp:term":[{"taxonomy":"category","embeddable":true,"href":"https:\/\/www1.unicap.br\/assecom1\/wp-json\/wp\/v2\/categories?post=47243"},{"taxonomy":"post_tag","embeddable":true,"href":"https:\/\/www1.unicap.br\/assecom1\/wp-json\/wp\/v2\/tags?post=47243"}],"curies":[{"name":"wp","href":"https:\/\/api.w.org\/{rel}","templated":true}]}}