{"id":46860,"date":"2014-05-07T12:56:11","date_gmt":"2014-05-07T15:56:11","guid":{"rendered":"http:\/\/www.unicap.br\/assecom1\/?p=46860"},"modified":"2014-05-07T12:56:33","modified_gmt":"2014-05-07T15:56:33","slug":"embaixador-da-republica-do-benim-participa-de-encontro-nesta-quarta-feira-na-catolica","status":"publish","type":"post","link":"https:\/\/www1.unicap.br\/assecom1\/embaixador-da-republica-do-benim-participa-de-encontro-nesta-quarta-feira-na-catolica\/","title":{"rendered":"Embaixador da Rep\u00fablica do Benim participa de encontro nesta quarta-feira na Cat\u00f3lica"},"content":{"rendered":"<div style=\"text-align: justify;\"><span style=\"font-size: 12.0pt; line-height: 115%; font-family: 'Arial','sans-serif';\">O embaixador da Rep\u00fablica do Benim, Isidore Benjamin, participar\u00e1 nesta quarta-feira (7), \u00e0s 14h30, na sala 504 do bloco G da Universidade Cat\u00f3lica de Pernambuco, de encontro com um grupo de representantes dos N\u00facleos de Estudos Afro-brasileiros existentes no Recife e lideran\u00e7as do Movimento Negro.<\/span><\/div>\n<div style=\"text-align: justify;\"><\/div>\n<div style=\"text-align: justify;\"><span style=\"font-size: 12.0pt; line-height: 115%; font-family: 'Arial','sans-serif';\">O embaixador Isidore Benjamim est\u00e1 no Recife para participar do I Simp\u00f3sio de Hist\u00f3ria, promovido <span style=\"font-size: 12.0pt; line-height: 115%; font-family: 'Arial','sans-serif';\">pelo Instituto Hist\u00f3rico e Geogr\u00e1fico de Vit\u00f3ria de Santo Ant\u00e3o<\/span> e que teve in\u00edcio ontem (6) e segue at\u00e9 amanh\u00e3 (8). O Simp\u00f3sio conta com a parceria do N\u00facleo de Estudos Afro-brasileiros e Ind\u00edgenas da Unicap (NEABI\/UNICAP), coordenado pelo Padre Cl\u00f3vis Cabral.<\/span><\/div>\n<div style=\"text-align: justify;\"><\/div>\n<div style=\"text-align: justify;\"><span style=\"font-size: 12.0pt; line-height: 115%; font-family: 'Arial','sans-serif';\">Este I\u00ba Simp\u00f3sio tem como tema: \u201c<b><i>13 de maio: novos olhares<\/i><\/b>\u201d e pretende fazer um percorrido sobre as novas \u201c<i>coordenadas hermen\u00eauticas<\/i>\u201d utilizadas pela historiografia contempor\u00e2nea brasileira, sobre os temas da escravid\u00e3o e da aboli\u00e7\u00e3o brasileiras.<\/span><\/div>\n<div style=\"text-align: justify;\"><\/div>\n<p>&nbsp;<\/p>\n","protected":false},"excerpt":{"rendered":"<p>O embaixador da Rep\u00fablica do Benim, Isidore Benjamin, participar\u00e1 nesta quarta-feira (7), \u00e0s 14h30, na sala 504 do bloco G da Universidade Cat\u00f3lica de Pernambuco, de encontro com um grupo de representantes dos N\u00facleos de Estudos Afro-brasileiros existentes no Recife e lideran\u00e7as do Movimento Negro. O embaixador Isidore Benjamim est\u00e1 no Recife para participar do [&hellip;]<\/p>\n","protected":false},"author":2,"featured_media":0,"comment_status":"open","ping_status":"open","sticky":false,"template":"","format":"standard","meta":[],"categories":[4],"tags":[],"jetpack-related-posts":[],"_links":{"self":[{"href":"https:\/\/www1.unicap.br\/assecom1\/wp-json\/wp\/v2\/posts\/46860"}],"collection":[{"href":"https:\/\/www1.unicap.br\/assecom1\/wp-json\/wp\/v2\/posts"}],"about":[{"href":"https:\/\/www1.unicap.br\/assecom1\/wp-json\/wp\/v2\/types\/post"}],"author":[{"embeddable":true,"href":"https:\/\/www1.unicap.br\/assecom1\/wp-json\/wp\/v2\/users\/2"}],"replies":[{"embeddable":true,"href":"https:\/\/www1.unicap.br\/assecom1\/wp-json\/wp\/v2\/comments?post=46860"}],"version-history":[{"count":2,"href":"https:\/\/www1.unicap.br\/assecom1\/wp-json\/wp\/v2\/posts\/46860\/revisions"}],"predecessor-version":[{"id":46862,"href":"https:\/\/www1.unicap.br\/assecom1\/wp-json\/wp\/v2\/posts\/46860\/revisions\/46862"}],"wp:attachment":[{"href":"https:\/\/www1.unicap.br\/assecom1\/wp-json\/wp\/v2\/media?parent=46860"}],"wp:term":[{"taxonomy":"category","embeddable":true,"href":"https:\/\/www1.unicap.br\/assecom1\/wp-json\/wp\/v2\/categories?post=46860"},{"taxonomy":"post_tag","embeddable":true,"href":"https:\/\/www1.unicap.br\/assecom1\/wp-json\/wp\/v2\/tags?post=46860"}],"curies":[{"name":"wp","href":"https:\/\/api.w.org\/{rel}","templated":true}]}}