{"id":46705,"date":"2014-04-30T14:19:01","date_gmt":"2014-04-30T17:19:01","guid":{"rendered":"http:\/\/www.unicap.br\/assecom1\/?p=46705"},"modified":"2014-04-30T14:19:01","modified_gmt":"2014-04-30T17:19:01","slug":"catolica-tera-pontos-de-coleta-de-residuos-eletronicos-durante-a-semana-socioambiental","status":"publish","type":"post","link":"https:\/\/www1.unicap.br\/assecom1\/catolica-tera-pontos-de-coleta-de-residuos-eletronicos-durante-a-semana-socioambiental\/","title":{"rendered":"Cat\u00f3lica ter\u00e1 pontos de coleta de res\u00edduos eletr\u00f4nicos durante a Semana Socioambiental"},"content":{"rendered":"<div><\/div>\n<div><span style=\"font-size: small; font-family: Verdana;\"><br \/>\n<\/span>Durante a Semana Socioambiental, que ser\u00e1 realizada de 7 a 9 de maio na Universidade Cat\u00f3lica de Pernambuco, ser\u00e3o disponibilizados dois pontos de coleta (t\u00e9rreo dos blocos A e G) para o recebimento de res\u00edduos eletr\u00f4nicos (computadores, impressoras e celulares em condi\u00e7\u00f5es de uso) para serem reaproveitados pelo Projeto de Inclus\u00e3o Digital-CRC Marista.<\/div>\n<div><\/div>\n<div>Participe e divulga essa a\u00e7\u00e3o!!!<\/div>\n<div><\/div>\n<div><\/div>\n","protected":false},"excerpt":{"rendered":"<p>Durante a Semana Socioambiental, que ser\u00e1 realizada de 7 a 9 de maio na Universidade Cat\u00f3lica de Pernambuco, ser\u00e3o disponibilizados dois pontos de coleta (t\u00e9rreo dos blocos A e G) para o recebimento de res\u00edduos eletr\u00f4nicos (computadores, impressoras e celulares em condi\u00e7\u00f5es de uso) para serem reaproveitados pelo Projeto de Inclus\u00e3o Digital-CRC Marista. Participe e [&hellip;]<\/p>\n","protected":false},"author":2,"featured_media":0,"comment_status":"open","ping_status":"open","sticky":false,"template":"","format":"standard","meta":[],"categories":[4],"tags":[],"jetpack-related-posts":[],"_links":{"self":[{"href":"https:\/\/www1.unicap.br\/assecom1\/wp-json\/wp\/v2\/posts\/46705"}],"collection":[{"href":"https:\/\/www1.unicap.br\/assecom1\/wp-json\/wp\/v2\/posts"}],"about":[{"href":"https:\/\/www1.unicap.br\/assecom1\/wp-json\/wp\/v2\/types\/post"}],"author":[{"embeddable":true,"href":"https:\/\/www1.unicap.br\/assecom1\/wp-json\/wp\/v2\/users\/2"}],"replies":[{"embeddable":true,"href":"https:\/\/www1.unicap.br\/assecom1\/wp-json\/wp\/v2\/comments?post=46705"}],"version-history":[{"count":1,"href":"https:\/\/www1.unicap.br\/assecom1\/wp-json\/wp\/v2\/posts\/46705\/revisions"}],"predecessor-version":[{"id":46706,"href":"https:\/\/www1.unicap.br\/assecom1\/wp-json\/wp\/v2\/posts\/46705\/revisions\/46706"}],"wp:attachment":[{"href":"https:\/\/www1.unicap.br\/assecom1\/wp-json\/wp\/v2\/media?parent=46705"}],"wp:term":[{"taxonomy":"category","embeddable":true,"href":"https:\/\/www1.unicap.br\/assecom1\/wp-json\/wp\/v2\/categories?post=46705"},{"taxonomy":"post_tag","embeddable":true,"href":"https:\/\/www1.unicap.br\/assecom1\/wp-json\/wp\/v2\/tags?post=46705"}],"curies":[{"name":"wp","href":"https:\/\/api.w.org\/{rel}","templated":true}]}}