{"id":46612,"date":"2014-04-28T12:28:47","date_gmt":"2014-04-28T15:28:47","guid":{"rendered":"http:\/\/www.unicap.br\/assecom1\/?p=46612"},"modified":"2014-05-06T10:37:18","modified_gmt":"2014-05-06T13:37:18","slug":"fotografo-joao-abelardo-realiza-exposicao-na-biblioteca-central-da-unicap-com-apoio-da-fasa","status":"publish","type":"post","link":"https:\/\/www1.unicap.br\/assecom1\/fotografo-joao-abelardo-realiza-exposicao-na-biblioteca-central-da-unicap-com-apoio-da-fasa\/","title":{"rendered":"Fot\u00f3grafo Jo\u00e3o Abelardo realiza exposi\u00e7\u00e3o na Biblioteca Central da Unicap com apoio da Fasa"},"content":{"rendered":"<p>O fot\u00f3grafo Jo\u00e3o Abelardo vai realizar entre os dias 28 de abril e 12 de maio uma exposi\u00e7\u00e3o fotogr\u00e1fica na Biblioteca Central da Universidade Cat\u00f3lica de Pernambuco. A ideia \u00e9 retratar o problema da quest\u00e3o agr\u00e1ria do pa\u00eds por meio de fotografias que mostrem a viola\u00e7\u00e3o dos direitos humanos dos trabalhadores rurais sem terra.<\/p>\n<p>O evento vai ter in\u00edcio no mesmo momento em que o Movimento Sem-Terra (MST) realiza mobiliza\u00e7\u00f5es para marcar o anivers\u00e1rio do massacre de Eldorado dos Caraj\u00e1s. Na ocasi\u00e3o, 19 membros do movimento foram assassinados pela Pol\u00edcia Militar do Par\u00e1. A exposi\u00e7\u00e3o tem o apoio da Universidade Cat\u00f3lica de Pernambuco e da Funda\u00e7\u00e3o Ant\u00f4nio dos Santos Abranches (FASA).<\/p>\n","protected":false},"excerpt":{"rendered":"<p>O fot\u00f3grafo Jo\u00e3o Abelardo vai realizar entre os dias 28 de abril e 12 de maio uma exposi\u00e7\u00e3o fotogr\u00e1fica na Biblioteca Central da Universidade Cat\u00f3lica de Pernambuco. A ideia \u00e9 retratar o problema da quest\u00e3o agr\u00e1ria do pa\u00eds por meio de fotografias que mostrem a viola\u00e7\u00e3o dos direitos humanos dos trabalhadores rurais sem terra. O [&hellip;]<\/p>\n","protected":false},"author":52,"featured_media":0,"comment_status":"open","ping_status":"open","sticky":false,"template":"","format":"standard","meta":[],"categories":[4],"tags":[],"jetpack-related-posts":[],"_links":{"self":[{"href":"https:\/\/www1.unicap.br\/assecom1\/wp-json\/wp\/v2\/posts\/46612"}],"collection":[{"href":"https:\/\/www1.unicap.br\/assecom1\/wp-json\/wp\/v2\/posts"}],"about":[{"href":"https:\/\/www1.unicap.br\/assecom1\/wp-json\/wp\/v2\/types\/post"}],"author":[{"embeddable":true,"href":"https:\/\/www1.unicap.br\/assecom1\/wp-json\/wp\/v2\/users\/52"}],"replies":[{"embeddable":true,"href":"https:\/\/www1.unicap.br\/assecom1\/wp-json\/wp\/v2\/comments?post=46612"}],"version-history":[{"count":5,"href":"https:\/\/www1.unicap.br\/assecom1\/wp-json\/wp\/v2\/posts\/46612\/revisions"}],"predecessor-version":[{"id":46793,"href":"https:\/\/www1.unicap.br\/assecom1\/wp-json\/wp\/v2\/posts\/46612\/revisions\/46793"}],"wp:attachment":[{"href":"https:\/\/www1.unicap.br\/assecom1\/wp-json\/wp\/v2\/media?parent=46612"}],"wp:term":[{"taxonomy":"category","embeddable":true,"href":"https:\/\/www1.unicap.br\/assecom1\/wp-json\/wp\/v2\/categories?post=46612"},{"taxonomy":"post_tag","embeddable":true,"href":"https:\/\/www1.unicap.br\/assecom1\/wp-json\/wp\/v2\/tags?post=46612"}],"curies":[{"name":"wp","href":"https:\/\/api.w.org\/{rel}","templated":true}]}}