{"id":46365,"date":"2014-04-14T14:32:45","date_gmt":"2014-04-14T17:32:45","guid":{"rendered":"http:\/\/www.unicap.br\/assecom1\/?p=46365"},"modified":"2014-04-14T15:35:49","modified_gmt":"2014-04-14T18:35:49","slug":"fasa-comemora-seus-35-anos","status":"publish","type":"post","link":"https:\/\/www1.unicap.br\/assecom1\/fasa-comemora-seus-35-anos\/","title":{"rendered":"Fasa comemora seus 35 anos"},"content":{"rendered":"<p><a href=\"https:\/\/i2.wp.com\/www1.unicap.br\/assecom1\/wp-content\/uploads\/2014\/04\/DSCF2195.jpg?ssl=1\"><img data-attachment-id=\"46366\" data-permalink=\"https:\/\/www1.unicap.br\/assecom1\/fasa-comemora-seus-35-anos\/dscf2195\/\" data-orig-file=\"https:\/\/i2.wp.com\/www1.unicap.br\/assecom1\/wp-content\/uploads\/2014\/04\/DSCF2195.jpg?fit=3072%2C1728&amp;ssl=1\" data-orig-size=\"3072,1728\" data-comments-opened=\"1\" data-image-meta=\"{&quot;aperture&quot;:&quot;3.1&quot;,&quot;credit&quot;:&quot;&quot;,&quot;camera&quot;:&quot;FinePix S4500&quot;,&quot;caption&quot;:&quot;&quot;,&quot;created_timestamp&quot;:&quot;1325376805&quot;,&quot;copyright&quot;:&quot;&quot;,&quot;focal_length&quot;:&quot;4.3&quot;,&quot;iso&quot;:&quot;800&quot;,&quot;shutter_speed&quot;:&quot;0.02&quot;,&quot;title&quot;:&quot;&quot;}\" data-image-title=\"DSCF2195\" data-image-description=\"\" data-medium-file=\"https:\/\/i2.wp.com\/www1.unicap.br\/assecom1\/wp-content\/uploads\/2014\/04\/DSCF2195.jpg?fit=300%2C168&amp;ssl=1\" data-large-file=\"https:\/\/i2.wp.com\/www1.unicap.br\/assecom1\/wp-content\/uploads\/2014\/04\/DSCF2195.jpg?fit=640%2C360&amp;ssl=1\" loading=\"lazy\" class=\"size-medium wp-image-46366 alignnone\" alt=\"DSCF2195\" src=\"https:\/\/i2.wp.com\/www1.unicap.br\/assecom1\/wp-content\/uploads\/2014\/04\/DSCF2195.jpg?resize=300%2C168&#038;ssl=1\" srcset=\"https:\/\/i2.wp.com\/www1.unicap.br\/assecom1\/wp-content\/uploads\/2014\/04\/DSCF2195.jpg?resize=300%2C168&amp;ssl=1 300w, https:\/\/i2.wp.com\/www1.unicap.br\/assecom1\/wp-content\/uploads\/2014\/04\/DSCF2195.jpg?resize=1024%2C576&amp;ssl=1 1024w, https:\/\/i2.wp.com\/www1.unicap.br\/assecom1\/wp-content\/uploads\/2014\/04\/DSCF2195.jpg?w=1280&amp;ssl=1 1280w, https:\/\/i2.wp.com\/www1.unicap.br\/assecom1\/wp-content\/uploads\/2014\/04\/DSCF2195.jpg?w=1920&amp;ssl=1 1920w\" sizes=\"(max-width: 300px) 100vw, 300px\" data-recalc-dims=\"1\" \/><\/a><\/p>\n<p>Por Izabel Oliveira, gerente executiva da Fasa<\/p>\n<p id=\"yui_3_13_0_1_1397495585850_22680\">\u00c9 FESTA! O dia 03 de Abril de 2014 \u00e9 uma data especial para a Funda\u00e7\u00e3o Ant\u00f4nio dos Santos Abranches \u2013 FASA \u2013, pois \u00a0comemoramos, com muita alegria, o seu anivers\u00e1rio de\u00a0<b id=\"yui_3_13_0_1_1397495585850_22702\">35 anos.<\/b>\u00a0Institu\u00edda, em 1979, pela UNICAP, sua proposta \u00e9 atuar no desenvolvimento da Educa\u00e7\u00e3o, Cultura e Assist\u00eancia Social.<\/p>\n<p id=\"yui_3_13_0_1_1397495585850_22681\">Agradecemos a todos os colaboradores, clientes e parceiros que estiveram conosco durante todos esses anos e desejamos que possamos firmar a cada dia nosso compromisso com a constru\u00e7\u00e3o de uma sociedade melhor para todos n\u00f3s.<\/p>\n<p>MUITO OBRIGADO!<\/p>\n","protected":false},"excerpt":{"rendered":"<p>Por Izabel Oliveira, gerente executiva da Fasa \u00c9 FESTA! O dia 03 de Abril de 2014 \u00e9 uma data especial para a Funda\u00e7\u00e3o Ant\u00f4nio dos Santos Abranches \u2013 FASA \u2013, pois \u00a0comemoramos, com muita alegria, o seu anivers\u00e1rio de\u00a035 anos.\u00a0Institu\u00edda, em 1979, pela UNICAP, sua proposta \u00e9 atuar no desenvolvimento da Educa\u00e7\u00e3o, Cultura e Assist\u00eancia [&hellip;]<\/p>\n","protected":false},"author":3,"featured_media":46366,"comment_status":"open","ping_status":"open","sticky":false,"template":"","format":"standard","meta":[],"categories":[4],"tags":[],"jetpack-related-posts":[],"_links":{"self":[{"href":"https:\/\/www1.unicap.br\/assecom1\/wp-json\/wp\/v2\/posts\/46365"}],"collection":[{"href":"https:\/\/www1.unicap.br\/assecom1\/wp-json\/wp\/v2\/posts"}],"about":[{"href":"https:\/\/www1.unicap.br\/assecom1\/wp-json\/wp\/v2\/types\/post"}],"author":[{"embeddable":true,"href":"https:\/\/www1.unicap.br\/assecom1\/wp-json\/wp\/v2\/users\/3"}],"replies":[{"embeddable":true,"href":"https:\/\/www1.unicap.br\/assecom1\/wp-json\/wp\/v2\/comments?post=46365"}],"version-history":[{"count":4,"href":"https:\/\/www1.unicap.br\/assecom1\/wp-json\/wp\/v2\/posts\/46365\/revisions"}],"predecessor-version":[{"id":46370,"href":"https:\/\/www1.unicap.br\/assecom1\/wp-json\/wp\/v2\/posts\/46365\/revisions\/46370"}],"wp:featuredmedia":[{"embeddable":true,"href":"https:\/\/www1.unicap.br\/assecom1\/wp-json\/wp\/v2\/media\/46366"}],"wp:attachment":[{"href":"https:\/\/www1.unicap.br\/assecom1\/wp-json\/wp\/v2\/media?parent=46365"}],"wp:term":[{"taxonomy":"category","embeddable":true,"href":"https:\/\/www1.unicap.br\/assecom1\/wp-json\/wp\/v2\/categories?post=46365"},{"taxonomy":"post_tag","embeddable":true,"href":"https:\/\/www1.unicap.br\/assecom1\/wp-json\/wp\/v2\/tags?post=46365"}],"curies":[{"name":"wp","href":"https:\/\/api.w.org\/{rel}","templated":true}]}}