{"id":46310,"date":"2014-04-09T20:52:00","date_gmt":"2014-04-09T23:52:00","guid":{"rendered":"http:\/\/www.unicap.br\/assecom1\/?p=46310"},"modified":"2014-04-09T20:52:00","modified_gmt":"2014-04-09T23:52:00","slug":"catolica-vai-sediar-no-dia-15-de-abril-encontro-sobre-a-olimpiada-brasileira-de-matematica-das-escolas-publicas","status":"publish","type":"post","link":"https:\/\/www1.unicap.br\/assecom1\/catolica-vai-sediar-no-dia-15-de-abril-encontro-sobre-a-olimpiada-brasileira-de-matematica-das-escolas-publicas\/","title":{"rendered":"Cat\u00f3lica vai sediar no dia 15 de abril encontro sobre a Olimp\u00edada Brasileira de Matem\u00e1tica das Escolas P\u00fablicas"},"content":{"rendered":"<p align=\"JUSTIFY\"><span style=\"font-family: Times New Roman,serif;\"><span style=\"font-size: medium;\">A Universidade Cat\u00f3lica de Pernambuco vai sediar no dia 15 de abril encontro sobre a Olimp\u00edada Brasileira de Matem\u00e1tica das Escolas P\u00fablicas (OBMEP), reunindo cerca de 350 participantes. O evento ser\u00e1 realizado no audit\u00f3rio G2, \u00e0s 15h<br \/>\n<\/span><\/span><\/p>\n<p align=\"JUSTIFY\">O encontro ser\u00e1 dividido em dois momentos. No primeiro, o coordenador regional da OBMEP e professor do curso de Matem\u00e1tica da Unicap, Vicente Franciso de Souza, apresentar\u00e1 um breve resumo sobre o projeto da OBMEP, destacando o regulamento de um novo projeto para professores, a ser lan\u00e7ado em parceria com a Capes. J\u00e1 os professores Jorge Antonio Hinojosa Vera<em>, <\/em>coordenador\u00a0 do Programa de Inicia\u00e7\u00e3o Cient\u00edfica Jr. da OBMEP e diretor do Departamento de Matem\u00e1tica da UFRPE, e Eduardo\u00a0Shirlippe Goes Leandro, do Departamento de Matem\u00e1tica da UFPE e coordenador do Programa de Inicia\u00e7\u00e3o Cient\u00edfica do Mestrado da OBMEP, far\u00e3o breves apresenta\u00e7\u00f5es sobre as coordena\u00e7\u00f5es do projetos de inicia\u00e7\u00e3o cient\u00edfica j\u00fanior e do mestrado. Os representantes da Cat\u00f3lica e da Secretaria de Educa\u00e7\u00e3o de Pernambuco, por sua vez, falar\u00e3o sobre o apoio ao projeto.<\/p>\n<p align=\"JUSTIFY\">Na segunda parte do encontro, tr\u00eas medalhistas v\u00e3o contar suas experi\u00eancias e responder a perguntas da plateia. S\u00e3o eles: Ricardo Oliveira da Silva, do munic\u00edpio de V\u00e1rzea Alegre, no Cear\u00e1; Jo\u00e3o Lucas Lopes Gambarra, do munic\u00edpio de Quixaba, em Pernambuco; e Pedro Augusto Brasileiro Lins Barbosa, do Recife.<\/p>\n<p lang=\"pt-BR\" align=\"JUSTIFY\">\n<p align=\"JUSTIFY\">\n<p lang=\"pt-BR\" align=\"JUSTIFY\">\n<p lang=\"pt-BR\" align=\"JUSTIFY\">\n","protected":false},"excerpt":{"rendered":"<p>A Universidade Cat\u00f3lica de Pernambuco vai sediar no dia 15 de abril encontro sobre a Olimp\u00edada Brasileira de Matem\u00e1tica das Escolas P\u00fablicas (OBMEP), reunindo cerca de 350 participantes. O evento ser\u00e1 realizado no audit\u00f3rio G2, \u00e0s 15h O encontro ser\u00e1 dividido em dois momentos. No primeiro, o coordenador regional da OBMEP e professor do curso [&hellip;]<\/p>\n","protected":false},"author":2,"featured_media":0,"comment_status":"open","ping_status":"open","sticky":false,"template":"","format":"standard","meta":[],"categories":[4],"tags":[],"jetpack-related-posts":[],"_links":{"self":[{"href":"https:\/\/www1.unicap.br\/assecom1\/wp-json\/wp\/v2\/posts\/46310"}],"collection":[{"href":"https:\/\/www1.unicap.br\/assecom1\/wp-json\/wp\/v2\/posts"}],"about":[{"href":"https:\/\/www1.unicap.br\/assecom1\/wp-json\/wp\/v2\/types\/post"}],"author":[{"embeddable":true,"href":"https:\/\/www1.unicap.br\/assecom1\/wp-json\/wp\/v2\/users\/2"}],"replies":[{"embeddable":true,"href":"https:\/\/www1.unicap.br\/assecom1\/wp-json\/wp\/v2\/comments?post=46310"}],"version-history":[{"count":2,"href":"https:\/\/www1.unicap.br\/assecom1\/wp-json\/wp\/v2\/posts\/46310\/revisions"}],"predecessor-version":[{"id":46421,"href":"https:\/\/www1.unicap.br\/assecom1\/wp-json\/wp\/v2\/posts\/46310\/revisions\/46421"}],"wp:attachment":[{"href":"https:\/\/www1.unicap.br\/assecom1\/wp-json\/wp\/v2\/media?parent=46310"}],"wp:term":[{"taxonomy":"category","embeddable":true,"href":"https:\/\/www1.unicap.br\/assecom1\/wp-json\/wp\/v2\/categories?post=46310"},{"taxonomy":"post_tag","embeddable":true,"href":"https:\/\/www1.unicap.br\/assecom1\/wp-json\/wp\/v2\/tags?post=46310"}],"curies":[{"name":"wp","href":"https:\/\/api.w.org\/{rel}","templated":true}]}}