{"id":46170,"date":"2014-04-01T18:27:03","date_gmt":"2014-04-01T21:27:03","guid":{"rendered":"http:\/\/www.unicap.br\/assecom1\/?p=46170"},"modified":"2014-04-01T18:27:48","modified_gmt":"2014-04-01T21:27:48","slug":"humanitas-em-dialogo-discute-o-combate-ao-racismo","status":"publish","type":"post","link":"https:\/\/www1.unicap.br\/assecom1\/humanitas-em-dialogo-discute-o-combate-ao-racismo\/","title":{"rendered":"Humanitas em Di\u00e1logo discute o combate ao racismo"},"content":{"rendered":"<p><a href=\"https:\/\/i0.wp.com\/www1.unicap.br\/assecom1\/wp-content\/uploads\/2014\/04\/IMG_8254-e1396384833711.jpg?ssl=1\"><img data-attachment-id=\"46172\" data-permalink=\"https:\/\/www1.unicap.br\/assecom1\/humanitas-em-dialogo-discute-o-combate-ao-racismo\/img_8254\/\" data-orig-file=\"https:\/\/i2.wp.com\/www1.unicap.br\/assecom1\/wp-content\/uploads\/2014\/04\/IMG_8254-e1396384915576.jpg?fit=800%2C611&amp;ssl=1\" data-orig-size=\"800,611\" data-comments-opened=\"1\" data-image-meta=\"{&quot;aperture&quot;:&quot;2.8&quot;,&quot;credit&quot;:&quot;&quot;,&quot;camera&quot;:&quot;iPhone 4&quot;,&quot;caption&quot;:&quot;&quot;,&quot;created_timestamp&quot;:&quot;1395860877&quot;,&quot;copyright&quot;:&quot;&quot;,&quot;focal_length&quot;:&quot;3.85&quot;,&quot;iso&quot;:&quot;400&quot;,&quot;shutter_speed&quot;:&quot;0.066666666666667&quot;,&quot;title&quot;:&quot;&quot;}\" data-image-title=\"IMG_8254\" data-image-description=\"\" data-medium-file=\"https:\/\/i2.wp.com\/www1.unicap.br\/assecom1\/wp-content\/uploads\/2014\/04\/IMG_8254-e1396384915576.jpg?fit=300%2C229&amp;ssl=1\" data-large-file=\"https:\/\/i2.wp.com\/www1.unicap.br\/assecom1\/wp-content\/uploads\/2014\/04\/IMG_8254-e1396384915576.jpg?fit=640%2C489&amp;ssl=1\" loading=\"lazy\" class=\"alignnone size-full wp-image-46172\" alt=\"IMG_8254\" src=\"https:\/\/i2.wp.com\/www1.unicap.br\/assecom1\/wp-content\/uploads\/2014\/04\/IMG_8254-e1396384915576.jpg?resize=640%2C489&#038;ssl=1\" data-recalc-dims=\"1\" \/><\/a><\/p>\n<p><span style=\"line-height: 1.5em;\">Combate ao racismo e promo\u00e7\u00e3o da igualdade racial, uma agenda para o S\u00e9culo XXI foi tema da edi\u00e7\u00e3o do Humanitas em Di\u00e1logo, em mar\u00e7o, realizado na noite do dia 26, no Audit\u00f3rio do CTCH, 1\u00ba andar do bloco B, da Universidade Cat\u00f3lica de Pernambuco. O palestrante Padre Cl\u00f3vis Cabral \u00e9 coordenador do N\u00facleo de Estudos Afro-brasileiros e Ind\u00edgenas da Unicap, Neabi.<\/span><\/p>\n<p>O encontro \u00e9 realizado pelo Instituto Humanitas Unicap e tem como objetivo estabelecer um di\u00e1logo com temas contempor\u00e2neos, fazendo uma rela\u00e7\u00e3o com a sociedade, por meio das diversas \u00e1reas do conhecimento, representadas pelos centros da Universidade, como o CCJ, CTCH, CCS, CCBS e CCT.<\/p>\n<p><a href=\"https:\/\/i1.wp.com\/www1.unicap.br\/assecom1\/wp-content\/uploads\/2014\/04\/IMG_8286-e1396387284742.jpg?ssl=1\"><img data-attachment-id=\"46171\" data-permalink=\"https:\/\/www1.unicap.br\/assecom1\/humanitas-em-dialogo-discute-o-combate-ao-racismo\/img_8286\/\" data-orig-file=\"https:\/\/i1.wp.com\/www1.unicap.br\/assecom1\/wp-content\/uploads\/2014\/04\/IMG_8286-e1396387284742.jpg?fit=718%2C544&amp;ssl=1\" data-orig-size=\"718,544\" data-comments-opened=\"1\" data-image-meta=\"{&quot;aperture&quot;:&quot;2.8&quot;,&quot;credit&quot;:&quot;&quot;,&quot;camera&quot;:&quot;iPhone 4&quot;,&quot;caption&quot;:&quot;&quot;,&quot;created_timestamp&quot;:&quot;1395861525&quot;,&quot;copyright&quot;:&quot;&quot;,&quot;focal_length&quot;:&quot;3.85&quot;,&quot;iso&quot;:&quot;320&quot;,&quot;shutter_speed&quot;:&quot;0.066666666666667&quot;,&quot;title&quot;:&quot;&quot;}\" data-image-title=\"IMG_8286\" data-image-description=\"\" data-medium-file=\"https:\/\/i1.wp.com\/www1.unicap.br\/assecom1\/wp-content\/uploads\/2014\/04\/IMG_8286-e1396387284742.jpg?fit=300%2C227&amp;ssl=1\" data-large-file=\"https:\/\/i1.wp.com\/www1.unicap.br\/assecom1\/wp-content\/uploads\/2014\/04\/IMG_8286-e1396387284742.jpg?fit=640%2C478&amp;ssl=1\" loading=\"lazy\" class=\"alignright size-medium wp-image-46171\" alt=\"IMG_8286\" src=\"https:\/\/i1.wp.com\/www1.unicap.br\/assecom1\/wp-content\/uploads\/2014\/04\/IMG_8286-e1396387284742-300x227.jpg?resize=300%2C227&#038;ssl=1\" srcset=\"https:\/\/i1.wp.com\/www1.unicap.br\/assecom1\/wp-content\/uploads\/2014\/04\/IMG_8286-e1396387284742.jpg?resize=300%2C227&amp;ssl=1 300w, https:\/\/i1.wp.com\/www1.unicap.br\/assecom1\/wp-content\/uploads\/2014\/04\/IMG_8286-e1396387284742.jpg?w=718&amp;ssl=1 718w\" sizes=\"(max-width: 300px) 100vw, 300px\" data-recalc-dims=\"1\" \/><\/a>O representante do Instituto Humanitas, Carlos Vieira, deu as boas-vindas ao p\u00fablico presente, composto por alunos do 3\u00ba per\u00edodo curso de Direito, funcion\u00e1rios, professores da Cat\u00f3lica e visitantes, e apresentou o palestrante, Padre Cl\u00f3vis Cabral, nascido em Salvador, Bahia, \u00e9 jesu\u00edta, educador popular, membro da Pastoral Afro-brasileira e do Centro Atabaque de Cultura Negra e Teologia. Tamb\u00e9m \u00e9 pesquisador do tema Rela\u00e7\u00f5es Raciais na Igreja Cat\u00f3lica e coordenador do N\u00facleo de Estudos Afro-brasileiros e Ind\u00edgenas.<\/p>\n<p>Padre Cl\u00f3vis Cabral cumprimentou aos presentes e deu in\u00edcio a sua palestra falando que h\u00e1 10 anos o Estado brasileiro assumiu o enfrentamento ao racismo, como pol\u00edtica de Estado, e ao longo desses anos se criou, no Brasil, uma maneira de traduzir as pol\u00edticas afirmativas, como pol\u00edticas de estado, num bin\u00f4mio que \u00e9 o combate ao racismo e a promo\u00e7\u00e3o da igualdade racial. \u201cA novidade \u00e9, pois, esse conceito de promo\u00e7\u00e3o da igualdade racial, porque n\u00e3o se supera o racismo somente numa perspectiva de den\u00fancia, que \u00e9 importante, do combate expl\u00edcito, dos f\u00f3runs, das iniciativas que devem permanecer e s\u00e3o importantes. Mas, tamb\u00e9m, se combinar o combate ao racismo com propostas concretas de como \u00e9 poss\u00edvel traduzir esse combate em pol\u00edticas que possibilitem as imensas parcelas da popula\u00e7\u00e3o negra que vive exclu\u00edda, subalternizada ter acesso \u00e0 riqueza cultural, pol\u00edtica, econ\u00f4mica, simb\u00f3lica que n\u00f3s produzimos\u201d. Em seguida, os participantes realizaram perguntas e contaram situa\u00e7\u00f5es vividas.<\/p>\n","protected":false},"excerpt":{"rendered":"<p>Combate ao racismo e promo\u00e7\u00e3o da igualdade racial, uma agenda para o S\u00e9culo XXI foi tema da edi\u00e7\u00e3o do Humanitas em Di\u00e1logo, em mar\u00e7o, realizado na noite do dia 26, no Audit\u00f3rio do CTCH, 1\u00ba andar do bloco B, da Universidade Cat\u00f3lica de Pernambuco. O palestrante Padre Cl\u00f3vis Cabral \u00e9 coordenador do N\u00facleo de Estudos [&hellip;]<\/p>\n","protected":false},"author":3,"featured_media":46172,"comment_status":"open","ping_status":"open","sticky":false,"template":"","format":"standard","meta":[],"categories":[4],"tags":[],"jetpack-related-posts":[],"_links":{"self":[{"href":"https:\/\/www1.unicap.br\/assecom1\/wp-json\/wp\/v2\/posts\/46170"}],"collection":[{"href":"https:\/\/www1.unicap.br\/assecom1\/wp-json\/wp\/v2\/posts"}],"about":[{"href":"https:\/\/www1.unicap.br\/assecom1\/wp-json\/wp\/v2\/types\/post"}],"author":[{"embeddable":true,"href":"https:\/\/www1.unicap.br\/assecom1\/wp-json\/wp\/v2\/users\/3"}],"replies":[{"embeddable":true,"href":"https:\/\/www1.unicap.br\/assecom1\/wp-json\/wp\/v2\/comments?post=46170"}],"version-history":[{"count":2,"href":"https:\/\/www1.unicap.br\/assecom1\/wp-json\/wp\/v2\/posts\/46170\/revisions"}],"predecessor-version":[{"id":46177,"href":"https:\/\/www1.unicap.br\/assecom1\/wp-json\/wp\/v2\/posts\/46170\/revisions\/46177"}],"wp:featuredmedia":[{"embeddable":true,"href":"https:\/\/www1.unicap.br\/assecom1\/wp-json\/wp\/v2\/media\/46172"}],"wp:attachment":[{"href":"https:\/\/www1.unicap.br\/assecom1\/wp-json\/wp\/v2\/media?parent=46170"}],"wp:term":[{"taxonomy":"category","embeddable":true,"href":"https:\/\/www1.unicap.br\/assecom1\/wp-json\/wp\/v2\/categories?post=46170"},{"taxonomy":"post_tag","embeddable":true,"href":"https:\/\/www1.unicap.br\/assecom1\/wp-json\/wp\/v2\/tags?post=46170"}],"curies":[{"name":"wp","href":"https:\/\/api.w.org\/{rel}","templated":true}]}}