{"id":46024,"date":"2014-03-21T14:25:43","date_gmt":"2014-03-21T17:25:43","guid":{"rendered":"http:\/\/www.unicap.br\/assecom1\/?p=46024"},"modified":"2014-03-21T16:04:07","modified_gmt":"2014-03-21T19:04:07","slug":"50-anos-do-golpe-serao-debatidos-na-catolica","status":"publish","type":"post","link":"https:\/\/www1.unicap.br\/assecom1\/50-anos-do-golpe-serao-debatidos-na-catolica\/","title":{"rendered":"DCE da Unicap vai promover ato pol\u00edtico e debate sobre os 50 anos do golpe"},"content":{"rendered":"<figure id=\"attachment_46030\" aria-describedby=\"caption-attachment-46030\" style=\"width: 300px\" class=\"wp-caption alignleft\"><a href=\"https:\/\/i2.wp.com\/www1.unicap.br\/assecom1\/wp-content\/uploads\/2014\/03\/ditadura-militar-2.jpg?ssl=1\"><img data-attachment-id=\"46030\" data-permalink=\"https:\/\/www1.unicap.br\/assecom1\/50-anos-do-golpe-serao-debatidos-na-catolica\/ditadura-militar-2\/\" data-orig-file=\"https:\/\/i2.wp.com\/www1.unicap.br\/assecom1\/wp-content\/uploads\/2014\/03\/ditadura-militar-2.jpg?fit=400%2C300&amp;ssl=1\" data-orig-size=\"400,300\" data-comments-opened=\"1\" data-image-meta=\"{&quot;aperture&quot;:&quot;0&quot;,&quot;credit&quot;:&quot;&quot;,&quot;camera&quot;:&quot;&quot;,&quot;caption&quot;:&quot;&quot;,&quot;created_timestamp&quot;:&quot;0&quot;,&quot;copyright&quot;:&quot;&quot;,&quot;focal_length&quot;:&quot;0&quot;,&quot;iso&quot;:&quot;0&quot;,&quot;shutter_speed&quot;:&quot;0&quot;,&quot;title&quot;:&quot;&quot;}\" data-image-title=\"ditadura-militar-2\" data-image-description=\"\" data-medium-file=\"https:\/\/i2.wp.com\/www1.unicap.br\/assecom1\/wp-content\/uploads\/2014\/03\/ditadura-militar-2.jpg?fit=300%2C225&amp;ssl=1\" data-large-file=\"https:\/\/i2.wp.com\/www1.unicap.br\/assecom1\/wp-content\/uploads\/2014\/03\/ditadura-militar-2.jpg?fit=400%2C300&amp;ssl=1\" loading=\"lazy\" class=\"size-medium wp-image-46030\" alt=\"ditadura-militar-2\" src=\"https:\/\/i2.wp.com\/www1.unicap.br\/assecom1\/wp-content\/uploads\/2014\/03\/ditadura-militar-2.jpg?resize=300%2C225&#038;ssl=1\" srcset=\"https:\/\/i2.wp.com\/www1.unicap.br\/assecom1\/wp-content\/uploads\/2014\/03\/ditadura-militar-2.jpg?resize=300%2C225&amp;ssl=1 300w, https:\/\/i2.wp.com\/www1.unicap.br\/assecom1\/wp-content\/uploads\/2014\/03\/ditadura-militar-2.jpg?w=400&amp;ssl=1 400w\" sizes=\"(max-width: 300px) 100vw, 300px\" data-recalc-dims=\"1\" \/><\/a><figcaption id=\"caption-attachment-46030\" class=\"wp-caption-text\">Foto: site Para entender a hist\u00f3ria&#8230;<\/figcaption><\/figure>\n<p>O DCE da Universidade Cat\u00f3lica de Pernambuco vai realizar na pr\u00f3xima segunda-feira (24) um ato pol\u00edtico seguido de um debate sobre os 50 anos do Golpe Militar no Brasil. Edival Nunes, Adelson Borba, Anacleto Juli\u00e3o, Marcelo Mario Melo e Rodrigo Deodato s\u00e3o os palestrantes. O evento vai acontecer no audit\u00f3rio do bloco B, \u00e0s 18h30. O evento \u00e9 aberto ao p\u00fablico e n\u00e3o exige inscri\u00e7\u00e3o pr\u00e9via.<\/p>\n","protected":false},"excerpt":{"rendered":"<p>O DCE da Universidade Cat\u00f3lica de Pernambuco vai realizar na pr\u00f3xima segunda-feira (24) um ato pol\u00edtico seguido de um debate sobre os 50 anos do Golpe Militar no Brasil. Edival Nunes, Adelson Borba, Anacleto Juli\u00e3o, Marcelo Mario Melo e Rodrigo Deodato s\u00e3o os palestrantes. O evento vai acontecer no audit\u00f3rio do bloco B, \u00e0s 18h30. [&hellip;]<\/p>\n","protected":false},"author":52,"featured_media":46030,"comment_status":"open","ping_status":"open","sticky":false,"template":"","format":"standard","meta":[],"categories":[4],"tags":[],"jetpack-related-posts":[],"_links":{"self":[{"href":"https:\/\/www1.unicap.br\/assecom1\/wp-json\/wp\/v2\/posts\/46024"}],"collection":[{"href":"https:\/\/www1.unicap.br\/assecom1\/wp-json\/wp\/v2\/posts"}],"about":[{"href":"https:\/\/www1.unicap.br\/assecom1\/wp-json\/wp\/v2\/types\/post"}],"author":[{"embeddable":true,"href":"https:\/\/www1.unicap.br\/assecom1\/wp-json\/wp\/v2\/users\/52"}],"replies":[{"embeddable":true,"href":"https:\/\/www1.unicap.br\/assecom1\/wp-json\/wp\/v2\/comments?post=46024"}],"version-history":[{"count":5,"href":"https:\/\/www1.unicap.br\/assecom1\/wp-json\/wp\/v2\/posts\/46024\/revisions"}],"predecessor-version":[{"id":46032,"href":"https:\/\/www1.unicap.br\/assecom1\/wp-json\/wp\/v2\/posts\/46024\/revisions\/46032"}],"wp:featuredmedia":[{"embeddable":true,"href":"https:\/\/www1.unicap.br\/assecom1\/wp-json\/wp\/v2\/media\/46030"}],"wp:attachment":[{"href":"https:\/\/www1.unicap.br\/assecom1\/wp-json\/wp\/v2\/media?parent=46024"}],"wp:term":[{"taxonomy":"category","embeddable":true,"href":"https:\/\/www1.unicap.br\/assecom1\/wp-json\/wp\/v2\/categories?post=46024"},{"taxonomy":"post_tag","embeddable":true,"href":"https:\/\/www1.unicap.br\/assecom1\/wp-json\/wp\/v2\/tags?post=46024"}],"curies":[{"name":"wp","href":"https:\/\/api.w.org\/{rel}","templated":true}]}}