{"id":45993,"date":"2014-03-20T12:54:59","date_gmt":"2014-03-20T15:54:59","guid":{"rendered":"http:\/\/www.unicap.br\/assecom1\/?p=45993"},"modified":"2014-03-24T15:08:50","modified_gmt":"2014-03-24T18:08:50","slug":"curso-de-psicologia-vai-realizar-debate-sobre-terapia-cognitivo-comportamental-no-dia-27-de-marco","status":"publish","type":"post","link":"https:\/\/www1.unicap.br\/assecom1\/curso-de-psicologia-vai-realizar-debate-sobre-terapia-cognitivo-comportamental-no-dia-27-de-marco\/","title":{"rendered":"Curso de Psicologia vai realizar debate sobre terapia cognitivo-comportamental no dia 27 de mar\u00e7o"},"content":{"rendered":"<p><a href=\"https:\/\/i2.wp.com\/www1.unicap.br\/assecom1\/wp-content\/uploads\/2014\/03\/symbol.gif?ssl=1\"><img data-attachment-id=\"46052\" data-permalink=\"https:\/\/www1.unicap.br\/assecom1\/curso-de-psicologia-vai-realizar-debate-sobre-terapia-cognitivo-comportamental-no-dia-27-de-marco\/symbol\/\" data-orig-file=\"https:\/\/i2.wp.com\/www1.unicap.br\/assecom1\/wp-content\/uploads\/2014\/03\/symbol.gif?fit=288%2C288&amp;ssl=1\" data-orig-size=\"288,288\" data-comments-opened=\"1\" data-image-meta=\"{&quot;aperture&quot;:&quot;0&quot;,&quot;credit&quot;:&quot;&quot;,&quot;camera&quot;:&quot;&quot;,&quot;caption&quot;:&quot;&quot;,&quot;created_timestamp&quot;:&quot;0&quot;,&quot;copyright&quot;:&quot;&quot;,&quot;focal_length&quot;:&quot;0&quot;,&quot;iso&quot;:&quot;0&quot;,&quot;shutter_speed&quot;:&quot;0&quot;,&quot;title&quot;:&quot;&quot;}\" data-image-title=\"symbol\" data-image-description=\"\" data-medium-file=\"https:\/\/i2.wp.com\/www1.unicap.br\/assecom1\/wp-content\/uploads\/2014\/03\/symbol.gif?fit=288%2C288&amp;ssl=1\" data-large-file=\"https:\/\/i2.wp.com\/www1.unicap.br\/assecom1\/wp-content\/uploads\/2014\/03\/symbol.gif?fit=288%2C288&amp;ssl=1\" loading=\"lazy\" class=\"alignleft  wp-image-46052\" title=\"psicologia\" alt=\"psicologia\" src=\"https:\/\/i2.wp.com\/www1.unicap.br\/assecom1\/wp-content\/uploads\/2014\/03\/symbol.gif?resize=202%2C202&#038;ssl=1\" data-recalc-dims=\"1\" \/><\/a>O curso de Psicologia da Universidade Cat\u00f3lica de Pernambuco ir\u00e1 realizar, no dia 27 de mar\u00e7o, \u00e0s 19h, debate de casos cl\u00ednicos da Associa\u00e7\u00e3o de Terapias Cognitivas do Estado de Pernambuco (ATC-PE), na sala 824, localizada no oitavo andar do bloco B.<\/p>\n<p>O evento vai ser pautado pelo tema &#8220;Terapia Cognitivo-Comportamental no tratamento de um adolescente com TDAH e depress\u00e3o&#8221;, que ser\u00e1 abordado pela psic\u00f3loga Marlane Luz.<\/p>\n<p>O momento est\u00e1 sendo coordenado pela professora \u00a0Suely Santana. Os alunos que participarem ter\u00e3o direito a certificado de horas complementares. Mais informa\u00e7\u00f5es pelo fone 2119-4115.<\/p>\n<h3><a href=\"https:\/\/www.google.com.br\/url?sa=t&amp;rct=j&amp;q=&amp;esrc=s&amp;source=web&amp;cd=1&amp;cad=rja&amp;uact=8&amp;sqi=2&amp;ved=0CCwQFjAA&amp;url=http%3A%2F%2Fwww.atcpe.org%2F&amp;ei=hv4qU7qhM6Xm2AWxvYGgBg&amp;usg=AFQjCNE8UKYmyv1WbNLm9CZxSKGaagU8tg&amp;sig2=M8mx59vgwRNhHI48TkAkgQ&amp;bvm=bv.62922401,d.b2I\">\u00a0<\/a><\/h3>\n","protected":false},"excerpt":{"rendered":"<p>O curso de Psicologia da Universidade Cat\u00f3lica de Pernambuco ir\u00e1 realizar, no dia 27 de mar\u00e7o, \u00e0s 19h, debate de casos cl\u00ednicos da Associa\u00e7\u00e3o de Terapias Cognitivas do Estado de Pernambuco (ATC-PE), na sala 824, localizada no oitavo andar do bloco B. O evento vai ser pautado pelo tema &#8220;Terapia Cognitivo-Comportamental no tratamento de um [&hellip;]<\/p>\n","protected":false},"author":52,"featured_media":46052,"comment_status":"open","ping_status":"open","sticky":false,"template":"","format":"standard","meta":[],"categories":[4],"tags":[],"jetpack-related-posts":[],"_links":{"self":[{"href":"https:\/\/www1.unicap.br\/assecom1\/wp-json\/wp\/v2\/posts\/45993"}],"collection":[{"href":"https:\/\/www1.unicap.br\/assecom1\/wp-json\/wp\/v2\/posts"}],"about":[{"href":"https:\/\/www1.unicap.br\/assecom1\/wp-json\/wp\/v2\/types\/post"}],"author":[{"embeddable":true,"href":"https:\/\/www1.unicap.br\/assecom1\/wp-json\/wp\/v2\/users\/52"}],"replies":[{"embeddable":true,"href":"https:\/\/www1.unicap.br\/assecom1\/wp-json\/wp\/v2\/comments?post=45993"}],"version-history":[{"count":4,"href":"https:\/\/www1.unicap.br\/assecom1\/wp-json\/wp\/v2\/posts\/45993\/revisions"}],"predecessor-version":[{"id":46054,"href":"https:\/\/www1.unicap.br\/assecom1\/wp-json\/wp\/v2\/posts\/45993\/revisions\/46054"}],"wp:featuredmedia":[{"embeddable":true,"href":"https:\/\/www1.unicap.br\/assecom1\/wp-json\/wp\/v2\/media\/46052"}],"wp:attachment":[{"href":"https:\/\/www1.unicap.br\/assecom1\/wp-json\/wp\/v2\/media?parent=45993"}],"wp:term":[{"taxonomy":"category","embeddable":true,"href":"https:\/\/www1.unicap.br\/assecom1\/wp-json\/wp\/v2\/categories?post=45993"},{"taxonomy":"post_tag","embeddable":true,"href":"https:\/\/www1.unicap.br\/assecom1\/wp-json\/wp\/v2\/tags?post=45993"}],"curies":[{"name":"wp","href":"https:\/\/api.w.org\/{rel}","templated":true}]}}