{"id":45992,"date":"2014-03-20T12:02:05","date_gmt":"2014-03-20T15:02:05","guid":{"rendered":"http:\/\/www.unicap.br\/assecom1\/?p=45992"},"modified":"2014-03-21T16:11:24","modified_gmt":"2014-03-21T19:11:24","slug":"curso-de-gestao-de-turismo-firma-convenio-com-o-recife-convention-visitors-bureau","status":"publish","type":"post","link":"https:\/\/www1.unicap.br\/assecom1\/curso-de-gestao-de-turismo-firma-convenio-com-o-recife-convention-visitors-bureau\/","title":{"rendered":"Curso de Gest\u00e3o de Turismo firma conv\u00eanio com o Recife Convention &#038; Visitors Bureau"},"content":{"rendered":"<p><a href=\"https:\/\/i1.wp.com\/www1.unicap.br\/assecom1\/wp-content\/uploads\/2014\/03\/9e2829268f7a57b435f136cf6b70c6f4.jpg?ssl=1\"><img data-attachment-id=\"46034\" data-permalink=\"https:\/\/www1.unicap.br\/assecom1\/curso-de-gestao-de-turismo-firma-convenio-com-o-recife-convention-visitors-bureau\/9e2829268f7a57b435f136cf6b70c6f4\/\" data-orig-file=\"https:\/\/i1.wp.com\/www1.unicap.br\/assecom1\/wp-content\/uploads\/2014\/03\/9e2829268f7a57b435f136cf6b70c6f4.jpg?fit=850%2C740&amp;ssl=1\" data-orig-size=\"850,740\" data-comments-opened=\"1\" data-image-meta=\"{&quot;aperture&quot;:&quot;0&quot;,&quot;credit&quot;:&quot;&quot;,&quot;camera&quot;:&quot;&quot;,&quot;caption&quot;:&quot;&quot;,&quot;created_timestamp&quot;:&quot;0&quot;,&quot;copyright&quot;:&quot;&quot;,&quot;focal_length&quot;:&quot;0&quot;,&quot;iso&quot;:&quot;0&quot;,&quot;shutter_speed&quot;:&quot;0&quot;,&quot;title&quot;:&quot;&quot;}\" data-image-title=\"9e2829268f7a57b435f136cf6b70c6f4\" data-image-description=\"\" data-medium-file=\"https:\/\/i1.wp.com\/www1.unicap.br\/assecom1\/wp-content\/uploads\/2014\/03\/9e2829268f7a57b435f136cf6b70c6f4.jpg?fit=300%2C261&amp;ssl=1\" data-large-file=\"https:\/\/i1.wp.com\/www1.unicap.br\/assecom1\/wp-content\/uploads\/2014\/03\/9e2829268f7a57b435f136cf6b70c6f4.jpg?fit=640%2C557&amp;ssl=1\" loading=\"lazy\" class=\"alignleft size-medium wp-image-46034\" alt=\"9e2829268f7a57b435f136cf6b70c6f4\" src=\"https:\/\/i1.wp.com\/www1.unicap.br\/assecom1\/wp-content\/uploads\/2014\/03\/9e2829268f7a57b435f136cf6b70c6f4.jpg?resize=300%2C261&#038;ssl=1\" srcset=\"https:\/\/i1.wp.com\/www1.unicap.br\/assecom1\/wp-content\/uploads\/2014\/03\/9e2829268f7a57b435f136cf6b70c6f4.jpg?resize=300%2C261&amp;ssl=1 300w, https:\/\/i1.wp.com\/www1.unicap.br\/assecom1\/wp-content\/uploads\/2014\/03\/9e2829268f7a57b435f136cf6b70c6f4.jpg?w=850&amp;ssl=1 850w\" sizes=\"(max-width: 300px) 100vw, 300px\" data-recalc-dims=\"1\" \/><\/a>O curso de Gest\u00e3o de Turismo da Universidade Cat\u00f3lica de Pernambuco e o Recife Convention &amp; Visitors Bureau firmaram conv\u00eanio de coopera\u00e7\u00e3o t\u00e9cnica, por meio do qual ser\u00e3o desenvolvidos projetos em conjunto.<\/p>\n<p>Nesta quinta-feira (20), \u00e0s 17h, na sala 504 do bloco G, ser\u00e1 realizada reuni\u00e3o de apresenta\u00e7\u00e3o do Recife CVB aos professores do Centro de Ci\u00eancias Sociais (CCS).<\/p>\n<p><b><br \/>\n<\/b><\/p>\n","protected":false},"excerpt":{"rendered":"<p>O curso de Gest\u00e3o de Turismo da Universidade Cat\u00f3lica de Pernambuco e o Recife Convention &amp; Visitors Bureau firmaram conv\u00eanio de coopera\u00e7\u00e3o t\u00e9cnica, por meio do qual ser\u00e3o desenvolvidos projetos em conjunto. Nesta quinta-feira (20), \u00e0s 17h, na sala 504 do bloco G, ser\u00e1 realizada reuni\u00e3o de apresenta\u00e7\u00e3o do Recife CVB aos professores do Centro [&hellip;]<\/p>\n","protected":false},"author":2,"featured_media":46034,"comment_status":"open","ping_status":"open","sticky":false,"template":"","format":"standard","meta":[],"categories":[4],"tags":[],"jetpack-related-posts":[],"_links":{"self":[{"href":"https:\/\/www1.unicap.br\/assecom1\/wp-json\/wp\/v2\/posts\/45992"}],"collection":[{"href":"https:\/\/www1.unicap.br\/assecom1\/wp-json\/wp\/v2\/posts"}],"about":[{"href":"https:\/\/www1.unicap.br\/assecom1\/wp-json\/wp\/v2\/types\/post"}],"author":[{"embeddable":true,"href":"https:\/\/www1.unicap.br\/assecom1\/wp-json\/wp\/v2\/users\/2"}],"replies":[{"embeddable":true,"href":"https:\/\/www1.unicap.br\/assecom1\/wp-json\/wp\/v2\/comments?post=45992"}],"version-history":[{"count":2,"href":"https:\/\/www1.unicap.br\/assecom1\/wp-json\/wp\/v2\/posts\/45992\/revisions"}],"predecessor-version":[{"id":46035,"href":"https:\/\/www1.unicap.br\/assecom1\/wp-json\/wp\/v2\/posts\/45992\/revisions\/46035"}],"wp:featuredmedia":[{"embeddable":true,"href":"https:\/\/www1.unicap.br\/assecom1\/wp-json\/wp\/v2\/media\/46034"}],"wp:attachment":[{"href":"https:\/\/www1.unicap.br\/assecom1\/wp-json\/wp\/v2\/media?parent=45992"}],"wp:term":[{"taxonomy":"category","embeddable":true,"href":"https:\/\/www1.unicap.br\/assecom1\/wp-json\/wp\/v2\/categories?post=45992"},{"taxonomy":"post_tag","embeddable":true,"href":"https:\/\/www1.unicap.br\/assecom1\/wp-json\/wp\/v2\/tags?post=45992"}],"curies":[{"name":"wp","href":"https:\/\/api.w.org\/{rel}","templated":true}]}}