{"id":45940,"date":"2014-03-19T21:50:03","date_gmt":"2014-03-20T00:50:03","guid":{"rendered":"http:\/\/www.unicap.br\/assecom1\/?p=45940"},"modified":"2014-03-19T21:50:03","modified_gmt":"2014-03-20T00:50:03","slug":"fasa-se-une-a-campanha-de-combate-a-exploracao-sexual-lancada-pela-unicap","status":"publish","type":"post","link":"https:\/\/www1.unicap.br\/assecom1\/fasa-se-une-a-campanha-de-combate-a-exploracao-sexual-lancada-pela-unicap\/","title":{"rendered":"Fasa se une \u00e0 campanha de combate \u00e0 explora\u00e7\u00e3o sexual lan\u00e7ada pela Unicap"},"content":{"rendered":"<p><a href=\"https:\/\/i1.wp.com\/www1.unicap.br\/assecom1\/wp-content\/uploads\/2014\/03\/Semin\u00e1rio-007.jpg?ssl=1\"><img data-attachment-id=\"45942\" data-permalink=\"https:\/\/www1.unicap.br\/assecom1\/fasa-se-une-a-campanha-de-combate-a-exploracao-sexual-lancada-pela-unicap\/seminario-007\/\" data-orig-file=\"https:\/\/i1.wp.com\/www1.unicap.br\/assecom1\/wp-content\/uploads\/2014\/03\/Semin\u00e1rio-007.jpg?fit=3264%2C2448&amp;ssl=1\" data-orig-size=\"3264,2448\" data-comments-opened=\"1\" data-image-meta=\"{&quot;aperture&quot;:&quot;3.3&quot;,&quot;credit&quot;:&quot;&quot;,&quot;camera&quot;:&quot;COOLPIX L810&quot;,&quot;caption&quot;:&quot;&quot;,&quot;created_timestamp&quot;:&quot;&quot;,&quot;copyright&quot;:&quot;&quot;,&quot;focal_length&quot;:&quot;5.3&quot;,&quot;iso&quot;:&quot;80&quot;,&quot;shutter_speed&quot;:&quot;0.004&quot;,&quot;title&quot;:&quot;&quot;}\" data-image-title=\"\" data-image-description=\"\" data-medium-file=\"https:\/\/i1.wp.com\/www1.unicap.br\/assecom1\/wp-content\/uploads\/2014\/03\/Semin\u00e1rio-007.jpg?fit=300%2C225&amp;ssl=1\" data-large-file=\"https:\/\/i1.wp.com\/www1.unicap.br\/assecom1\/wp-content\/uploads\/2014\/03\/Semin\u00e1rio-007.jpg?fit=640%2C480&amp;ssl=1\" loading=\"lazy\" class=\"aligncenter size-large wp-image-45942\" alt=\"\" src=\"https:\/\/i1.wp.com\/www1.unicap.br\/assecom1\/wp-content\/uploads\/2014\/03\/Semin\u00e1rio-007.jpg?resize=640%2C480&#038;ssl=1\" srcset=\"https:\/\/i1.wp.com\/www1.unicap.br\/assecom1\/wp-content\/uploads\/2014\/03\/Semin\u00e1rio-007.jpg?resize=1024%2C768&amp;ssl=1 1024w, https:\/\/i1.wp.com\/www1.unicap.br\/assecom1\/wp-content\/uploads\/2014\/03\/Semin\u00e1rio-007.jpg?resize=300%2C225&amp;ssl=1 300w, https:\/\/i1.wp.com\/www1.unicap.br\/assecom1\/wp-content\/uploads\/2014\/03\/Semin\u00e1rio-007.jpg?w=1280&amp;ssl=1 1280w, https:\/\/i1.wp.com\/www1.unicap.br\/assecom1\/wp-content\/uploads\/2014\/03\/Semin\u00e1rio-007.jpg?w=1920&amp;ssl=1 1920w\" sizes=\"(max-width: 640px) 100vw, 640px\" data-recalc-dims=\"1\" \/><\/a><\/p>\n<p>A Funda\u00e7\u00e3o Ant\u00f4nio dos Santos Abranches (Fasa) se uniu \u00e0 campanha contra a explora\u00e7\u00e3o sexual e tr\u00e1fico de pessoas lan\u00e7ada pela Unicap durante a abertura da XII Semana da Mulher. Todos os funcion\u00e1rios se uniram para apoiar a iniciativa. Nesta quarta-feira (19), os colaboradores da editora se reuniram com o objetivo de tirar uma foto para destacar seu apoio.<\/p>\n","protected":false},"excerpt":{"rendered":"<p>A Funda\u00e7\u00e3o Ant\u00f4nio dos Santos Abranches (Fasa) se uniu \u00e0 campanha contra a explora\u00e7\u00e3o sexual e tr\u00e1fico de pessoas lan\u00e7ada pela Unicap durante a abertura da XII Semana da Mulher. Todos os funcion\u00e1rios se uniram para apoiar a iniciativa. Nesta quarta-feira (19), os colaboradores da editora se reuniram com o objetivo de tirar uma foto [&hellip;]<\/p>\n","protected":false},"author":52,"featured_media":0,"comment_status":"open","ping_status":"open","sticky":false,"template":"","format":"standard","meta":[],"categories":[4],"tags":[],"jetpack-related-posts":[],"_links":{"self":[{"href":"https:\/\/www1.unicap.br\/assecom1\/wp-json\/wp\/v2\/posts\/45940"}],"collection":[{"href":"https:\/\/www1.unicap.br\/assecom1\/wp-json\/wp\/v2\/posts"}],"about":[{"href":"https:\/\/www1.unicap.br\/assecom1\/wp-json\/wp\/v2\/types\/post"}],"author":[{"embeddable":true,"href":"https:\/\/www1.unicap.br\/assecom1\/wp-json\/wp\/v2\/users\/52"}],"replies":[{"embeddable":true,"href":"https:\/\/www1.unicap.br\/assecom1\/wp-json\/wp\/v2\/comments?post=45940"}],"version-history":[{"count":4,"href":"https:\/\/www1.unicap.br\/assecom1\/wp-json\/wp\/v2\/posts\/45940\/revisions"}],"predecessor-version":[{"id":45983,"href":"https:\/\/www1.unicap.br\/assecom1\/wp-json\/wp\/v2\/posts\/45940\/revisions\/45983"}],"wp:attachment":[{"href":"https:\/\/www1.unicap.br\/assecom1\/wp-json\/wp\/v2\/media?parent=45940"}],"wp:term":[{"taxonomy":"category","embeddable":true,"href":"https:\/\/www1.unicap.br\/assecom1\/wp-json\/wp\/v2\/categories?post=45940"},{"taxonomy":"post_tag","embeddable":true,"href":"https:\/\/www1.unicap.br\/assecom1\/wp-json\/wp\/v2\/tags?post=45940"}],"curies":[{"name":"wp","href":"https:\/\/api.w.org\/{rel}","templated":true}]}}