{"id":45889,"date":"2014-03-17T12:59:58","date_gmt":"2014-03-17T15:59:58","guid":{"rendered":"http:\/\/www.unicap.br\/assecom1\/?p=45889"},"modified":"2014-03-17T12:59:58","modified_gmt":"2014-03-17T15:59:58","slug":"vai-comecar-a-10a-olimpiada-brasileira-de-matematica","status":"publish","type":"post","link":"https:\/\/www1.unicap.br\/assecom1\/vai-comecar-a-10a-olimpiada-brasileira-de-matematica\/","title":{"rendered":"Vai come\u00e7ar a 10\u00aa Olimp\u00edada Brasileira de Matem\u00e1tica"},"content":{"rendered":"<p><a href=\"https:\/\/i1.wp.com\/www1.unicap.br\/assecom1\/wp-content\/uploads\/2014\/03\/obmep.jpg?ssl=1\"><img data-attachment-id=\"45890\" data-permalink=\"https:\/\/www1.unicap.br\/assecom1\/vai-comecar-a-10a-olimpiada-brasileira-de-matematica\/obmep\/\" data-orig-file=\"https:\/\/i1.wp.com\/www1.unicap.br\/assecom1\/wp-content\/uploads\/2014\/03\/obmep.jpg?fit=275%2C183&amp;ssl=1\" data-orig-size=\"275,183\" data-comments-opened=\"1\" data-image-meta=\"{&quot;aperture&quot;:&quot;0&quot;,&quot;credit&quot;:&quot;&quot;,&quot;camera&quot;:&quot;&quot;,&quot;caption&quot;:&quot;&quot;,&quot;created_timestamp&quot;:&quot;0&quot;,&quot;copyright&quot;:&quot;&quot;,&quot;focal_length&quot;:&quot;0&quot;,&quot;iso&quot;:&quot;0&quot;,&quot;shutter_speed&quot;:&quot;0&quot;,&quot;title&quot;:&quot;&quot;}\" data-image-title=\"\" data-image-description=\"\" data-medium-file=\"https:\/\/i1.wp.com\/www1.unicap.br\/assecom1\/wp-content\/uploads\/2014\/03\/obmep.jpg?fit=275%2C183&amp;ssl=1\" data-large-file=\"https:\/\/i1.wp.com\/www1.unicap.br\/assecom1\/wp-content\/uploads\/2014\/03\/obmep.jpg?fit=275%2C183&amp;ssl=1\" loading=\"lazy\" class=\"alignleft size-thumbnail wp-image-45890\" alt=\"\" src=\"https:\/\/i1.wp.com\/www1.unicap.br\/assecom1\/wp-content\/uploads\/2014\/03\/obmep.jpg?resize=150%2C150&#038;ssl=1\" data-recalc-dims=\"1\" \/><\/a>Se encerram na pr\u00f3xima sexta-feira (21) as inscri\u00e7\u00f5es para a 10\u00aa Olimp\u00edada Brasileira de Matem\u00e1tica. A prova \u00e9 direcionada para alunos de escolas p\u00fablicas brasileiras de n\u00edveis municipal, estadual e federal. A OBEMEP \u00e9 realizada pelo Instituto Nacional de Matem\u00e1tica Pura e Aplicada e promovida com recursos do Minist\u00e9rio da Educa\u00e7\u00e3o .<\/p>\n<p>Vale lembrar que as escolas s\u00e3o respons\u00e1veis pela inscri\u00e7\u00e3o de seus alunos na 1\u00aa fase da OBEMEP e que n\u00e3o h\u00e1 limite quanto ao n\u00famero de alunos por escola. As provas est\u00e3o previstas para acontecer no pr\u00f3ximo dia 27 de maio e a divulga\u00e7\u00e3o dos resultados deve ocorrer no dia 13 de agosto.<\/p>\n<p>Este ano, os alunos ser\u00e3o premiados com 500 medalhas de ouro, 1.500 medalhas de prata, 4.500 medalhas de bronze, at\u00e9 46.200 men\u00e7\u00f5es honrosas. Professores, escolas e secretarias de Educa\u00e7\u00e3o tamb\u00e9m ser\u00e3o premiados.<\/p>\n<p>As provas ser\u00e3o divididas em 3 n\u00edveis diferentes. N\u00edvel 1 para alunos do 6\u00ba ao 9\u00ba anos do ensino fundamental; n\u00edvel 2 para estudantes de 8\u00ba e 9\u00ba ano do ensino fundamental e o n\u00edvel 3 para estudantes do Ensino M\u00e9dio.<\/p>\n<p>A 1\u00aa fase ser\u00e1 composta por uma prova objetiva de 20 quest\u00f5es, aplicada no pr\u00e9dio de cada escola inscrita. Os selecionados para a 2\u00aa etapa v\u00e3o enfrentar uma prova discursiva contendo de 8 a 6 quest\u00f5es, aplicada em centros escolhidos pela organiza\u00e7\u00e3o da OBMEP.<\/p>\n<p>Mais informa\u00e7\u00f5es; \u00a0\u00a0<a href=\"http:\/\/www.obmep.org.br\/\">http:\/\/www.obmep.org.br\/<\/a><\/p>\n","protected":false},"excerpt":{"rendered":"<p>Se encerram na pr\u00f3xima sexta-feira (21) as inscri\u00e7\u00f5es para a 10\u00aa Olimp\u00edada Brasileira de Matem\u00e1tica. A prova \u00e9 direcionada para alunos de escolas p\u00fablicas brasileiras de n\u00edveis municipal, estadual e federal. A OBEMEP \u00e9 realizada pelo Instituto Nacional de Matem\u00e1tica Pura e Aplicada e promovida com recursos do Minist\u00e9rio da Educa\u00e7\u00e3o . Vale lembrar que [&hellip;]<\/p>\n","protected":false},"author":52,"featured_media":0,"comment_status":"open","ping_status":"open","sticky":false,"template":"","format":"standard","meta":[],"categories":[4],"tags":[],"jetpack-related-posts":[],"_links":{"self":[{"href":"https:\/\/www1.unicap.br\/assecom1\/wp-json\/wp\/v2\/posts\/45889"}],"collection":[{"href":"https:\/\/www1.unicap.br\/assecom1\/wp-json\/wp\/v2\/posts"}],"about":[{"href":"https:\/\/www1.unicap.br\/assecom1\/wp-json\/wp\/v2\/types\/post"}],"author":[{"embeddable":true,"href":"https:\/\/www1.unicap.br\/assecom1\/wp-json\/wp\/v2\/users\/52"}],"replies":[{"embeddable":true,"href":"https:\/\/www1.unicap.br\/assecom1\/wp-json\/wp\/v2\/comments?post=45889"}],"version-history":[{"count":3,"href":"https:\/\/www1.unicap.br\/assecom1\/wp-json\/wp\/v2\/posts\/45889\/revisions"}],"predecessor-version":[{"id":45893,"href":"https:\/\/www1.unicap.br\/assecom1\/wp-json\/wp\/v2\/posts\/45889\/revisions\/45893"}],"wp:attachment":[{"href":"https:\/\/www1.unicap.br\/assecom1\/wp-json\/wp\/v2\/media?parent=45889"}],"wp:term":[{"taxonomy":"category","embeddable":true,"href":"https:\/\/www1.unicap.br\/assecom1\/wp-json\/wp\/v2\/categories?post=45889"},{"taxonomy":"post_tag","embeddable":true,"href":"https:\/\/www1.unicap.br\/assecom1\/wp-json\/wp\/v2\/tags?post=45889"}],"curies":[{"name":"wp","href":"https:\/\/api.w.org\/{rel}","templated":true}]}}