{"id":45856,"date":"2014-03-14T19:32:10","date_gmt":"2014-03-14T22:32:10","guid":{"rendered":"http:\/\/www.unicap.br\/assecom1\/?p=45856"},"modified":"2014-03-14T19:32:10","modified_gmt":"2014-03-14T22:32:10","slug":"catolica-se-prepara-para-receber-presidente-do-movimento-dos-focolares","status":"publish","type":"post","link":"https:\/\/www1.unicap.br\/assecom1\/catolica-se-prepara-para-receber-presidente-do-movimento-dos-focolares\/","title":{"rendered":"Cat\u00f3lica se prepara para receber presidente do Movimento dos Focolares"},"content":{"rendered":"<div>\n<h1><\/h1>\n<\/div>\n<div>\n<p>Com informa\u00e7\u00f5es do portal do Movimento dos Focolares<\/p>\n<p>Entre os dias 22 de mar\u00e7o e 23 de abril, <b>Maria Voce, a primeira presidente do Movimento dos Focolares depois da morte de sua fundadora, Chiara Lubich,<\/b> visitar\u00e1 o Brasil. Ela se encontrar\u00e1 com milhares de integrantes da comunidade dos Focolares e com diversos setores da cultura, da pol\u00edtica e da Igreja. Esses momentos ser\u00e3o a ocasi\u00e3o para um balan\u00e7o sobre a incid\u00eancia da experi\u00eancia comunit\u00e1ria do Movimento na difus\u00e3o da cultura da unidade e na constru\u00e7\u00e3o de pontes de fraternidade em todos os setores da sociedade brasileira.<\/p>\n<p>Em 22 de mar\u00e7o, Maria Voce chega ao Brasil, desembarcando no <b>Recife (PE)<\/b>, cidade brasileira que recebeu os primeiros integrantes do Movimento em 1959, e de onde os Focolares se difundiram por todo o pa\u00eds. Ap\u00f3s o encontro com fundadores e respons\u00e1veis de comunidades eclesiais em <b>Fortaleza (CE)<\/b>, Maria Voce ir\u00e1 para <b>Bel\u00e9m (PA)<\/b>. A \u00faltima etapa da viagem ser\u00e1 no estado de<b> S\u00e3o Paulo<\/b>.<\/p>\n<p><b>Qual \u00e9 o objetivo desta viagem?<\/b><\/p>\n<p><i>\u201cAntes de tudo, ela deseja mergulhar na hist\u00f3ria do passado e do presente de nosso povo, em nossa cultura, com suas riquezas, potencialidades e contradi\u00e7\u00f5es\u201d<\/i>, informa Gehilda Cavalcante, correspons\u00e1vel pela Mari\u00e1polis Ginetta, centro nacional de forma\u00e7\u00e3o do Movimento dos Focolares.<\/p>\n<p>Outro objetivo importante da viagem de Maria Voce ao Brasil \u00e9, segundo Gehilda, <i>\u201cfazer com que as comunidades do Movimento comuniquem, com suas experi\u00eancias e obras, as transforma\u00e7\u00f5es em n\u00edvel pessoal, no \u00e2mbito social, pol\u00edtico, econ\u00f4mico, cultural, atuadas pelo Evangelho vivido \u00e0 luz do carisma da unidade\u201d.<\/i><\/p>\n<p>Nesse sentido, explica Dorival Spatti, correspons\u00e1vel pela Mari\u00e1polis Ginetta, <i>\u201ca<b> <\/b>expectativa \u00e9 compreender juntos, nesta fase de profundas transforma\u00e7\u00f5es da sociedade, um modo novo e melhor para que o Movimento possa atender \u00e0s urg\u00eancias do Brasil, em sintonia com o convite frequente do Papa Francisco de sair ao encontro das periferias existenciais\u201d. <\/i><\/p>\n<p><b>\u00a0<\/b><\/p>\n<p><b>Alguns eventos da programa\u00e7\u00e3o de Maria Voce no Brasil:<\/b><\/p>\n<ul>\n<li>Inaugura\u00e7\u00e3o da C\u00e1tedra Interinstitucional Chiara Lubich \u2013 Fraternidade e Humanismo na Universidade Cat\u00f3lica de Pernambuco (UNICAP), onde Maria Voce proferir\u00e1 a palestra \u201cO Humanismo de Chiara Lubich\u201d.<\/li>\n<\/ul>\n<ul>\n<li>Encontro com os membros do Movimento nas v\u00e1rias regi\u00f5es do pa\u00eds.<\/li>\n<\/ul>\n<ul>\n<li>Encontro com fundadores e respons\u00e1veis de comunidades eclesiais, em Fortaleza (CE).<\/li>\n<\/ul>\n<ul>\n<li>Di\u00e1logo com um grupo de bispos que vivem a Espiritualidade do Movimento dos Focolares.<\/li>\n<\/ul>\n<ul>\n<li>Encontro com empres\u00e1rios e pol\u00edticos de todo o Brasil, envolvidos nos projetos da Economia de Comunh\u00e3o e do Movimento Pol\u00edtico pela Unidade, na Mari\u00e1polis Ginetta (SP).<\/li>\n<\/ul>\n<p>Acompanhe pelo Facebook as novidades da vinda de Emmaus ao Brasil:\u00a0https:\/\/www.facebook.com\/focolare.org.pt<\/p>\n<\/div>\n","protected":false},"excerpt":{"rendered":"<p>Com informa\u00e7\u00f5es do portal do Movimento dos Focolares Entre os dias 22 de mar\u00e7o e 23 de abril, Maria Voce, a primeira presidente do Movimento dos Focolares depois da morte de sua fundadora, Chiara Lubich, visitar\u00e1 o Brasil. Ela se encontrar\u00e1 com milhares de integrantes da comunidade dos Focolares e com diversos setores da cultura, [&hellip;]<\/p>\n","protected":false},"author":2,"featured_media":0,"comment_status":"open","ping_status":"open","sticky":false,"template":"","format":"standard","meta":[],"categories":[4],"tags":[],"jetpack-related-posts":[],"_links":{"self":[{"href":"https:\/\/www1.unicap.br\/assecom1\/wp-json\/wp\/v2\/posts\/45856"}],"collection":[{"href":"https:\/\/www1.unicap.br\/assecom1\/wp-json\/wp\/v2\/posts"}],"about":[{"href":"https:\/\/www1.unicap.br\/assecom1\/wp-json\/wp\/v2\/types\/post"}],"author":[{"embeddable":true,"href":"https:\/\/www1.unicap.br\/assecom1\/wp-json\/wp\/v2\/users\/2"}],"replies":[{"embeddable":true,"href":"https:\/\/www1.unicap.br\/assecom1\/wp-json\/wp\/v2\/comments?post=45856"}],"version-history":[{"count":2,"href":"https:\/\/www1.unicap.br\/assecom1\/wp-json\/wp\/v2\/posts\/45856\/revisions"}],"predecessor-version":[{"id":45858,"href":"https:\/\/www1.unicap.br\/assecom1\/wp-json\/wp\/v2\/posts\/45856\/revisions\/45858"}],"wp:attachment":[{"href":"https:\/\/www1.unicap.br\/assecom1\/wp-json\/wp\/v2\/media?parent=45856"}],"wp:term":[{"taxonomy":"category","embeddable":true,"href":"https:\/\/www1.unicap.br\/assecom1\/wp-json\/wp\/v2\/categories?post=45856"},{"taxonomy":"post_tag","embeddable":true,"href":"https:\/\/www1.unicap.br\/assecom1\/wp-json\/wp\/v2\/tags?post=45856"}],"curies":[{"name":"wp","href":"https:\/\/api.w.org\/{rel}","templated":true}]}}