{"id":45744,"date":"2014-03-12T15:29:54","date_gmt":"2014-03-12T18:29:54","guid":{"rendered":"http:\/\/www.unicap.br\/assecom1\/?p=45744"},"modified":"2014-03-12T15:31:50","modified_gmt":"2014-03-12T18:31:50","slug":"canon-realiza-cursos-para-alunos-professores-e-funcionarios-da-catolica","status":"publish","type":"post","link":"https:\/\/www1.unicap.br\/assecom1\/canon-realiza-cursos-para-alunos-professores-e-funcionarios-da-catolica\/","title":{"rendered":"Canon realiza cursos para alunos, professores e funcion\u00e1rios da Cat\u00f3lica"},"content":{"rendered":"<figure id=\"attachment_45748\" aria-describedby=\"caption-attachment-45748\" style=\"width: 700px\" class=\"wp-caption alignnone\"><a href=\"https:\/\/i0.wp.com\/www1.unicap.br\/assecom1\/wp-content\/uploads\/2014\/03\/canon2.jpg?ssl=1\"><img data-attachment-id=\"45748\" data-permalink=\"https:\/\/www1.unicap.br\/assecom1\/canon-realiza-cursos-para-alunos-professores-e-funcionarios-da-catolica\/canon2\/\" data-orig-file=\"https:\/\/i0.wp.com\/www1.unicap.br\/assecom1\/wp-content\/uploads\/2014\/03\/canon2.jpg?fit=700%2C486&amp;ssl=1\" data-orig-size=\"700,486\" data-comments-opened=\"1\" data-image-meta=\"{&quot;aperture&quot;:&quot;0&quot;,&quot;credit&quot;:&quot;&quot;,&quot;camera&quot;:&quot;&quot;,&quot;caption&quot;:&quot;&quot;,&quot;created_timestamp&quot;:&quot;0&quot;,&quot;copyright&quot;:&quot;&quot;,&quot;focal_length&quot;:&quot;0&quot;,&quot;iso&quot;:&quot;0&quot;,&quot;shutter_speed&quot;:&quot;0&quot;,&quot;title&quot;:&quot;&quot;}\" data-image-title=\"canon2\" data-image-description=\"\" data-medium-file=\"https:\/\/i0.wp.com\/www1.unicap.br\/assecom1\/wp-content\/uploads\/2014\/03\/canon2.jpg?fit=300%2C208&amp;ssl=1\" data-large-file=\"https:\/\/i0.wp.com\/www1.unicap.br\/assecom1\/wp-content\/uploads\/2014\/03\/canon2.jpg?fit=640%2C444&amp;ssl=1\" loading=\"lazy\" class=\"size-full wp-image-45748 \" alt=\"canon2\" src=\"https:\/\/i0.wp.com\/www1.unicap.br\/assecom1\/wp-content\/uploads\/2014\/03\/canon2.jpg?resize=640%2C444&#038;ssl=1\" srcset=\"https:\/\/i0.wp.com\/www1.unicap.br\/assecom1\/wp-content\/uploads\/2014\/03\/canon2.jpg?w=700&amp;ssl=1 700w, https:\/\/i0.wp.com\/www1.unicap.br\/assecom1\/wp-content\/uploads\/2014\/03\/canon2.jpg?resize=300%2C208&amp;ssl=1 300w\" sizes=\"(max-width: 640px) 100vw, 640px\" data-recalc-dims=\"1\" \/><\/a><figcaption id=\"caption-attachment-45748\" class=\"wp-caption-text\">Fotos: Alex Costa<\/figcaption><\/figure>\n<p>No dia em que se comemora o anivers\u00e1rio das cidades irm\u00e3s Olinda e Recife, 12 de mar\u00e7o, a Universidade Cat\u00f3lica de Pernambuco, por meio do curso de Fotografia, e a Canon do Brasil promovem um dia de atividade ligada \u00e0 fotografia. Com uma vasta programa\u00e7\u00e3o, o p\u00fablico poder\u00e1 limpar e verificar sua c\u00e2mera e lentes, al\u00e9m de participar de cursos b\u00e1sico e intermedi\u00e1rio. Os cursos t\u00eam a participa\u00e7\u00e3o restrita para aluno, professores e funcion\u00e1rios da Cat\u00f3lica.<\/p>\n<p>Pela manh\u00e3, das 9h \u00e0s 12h, o Audit\u00f3rio G1, no primeiro andar do bloco G, recebeu o curso b\u00e1sico, com tr\u00eas horas aula, ministrado pelo instrutor Augusto Fidalgo Yamamoto, da Divis\u00e3o de Promo\u00e7\u00e3o da Cultura da Imagem da Canon Brasil. No curso foram abordados:<\/p>\n<ul>\n<li>Breve hist\u00f3rico da Fotografia<\/li>\n<li>O que \u00e9 um Pixel<\/li>\n<li>Resolu\u00e7\u00e3o<\/li>\n<li>C\u00e2mera Obscura<\/li>\n<li>C\u00e2mera Fotogr\u00e1fica<\/li>\n<li>Sensor<\/li>\n<li>Obturador<\/li>\n<li>Diafragma<\/li>\n<li>ISO<\/li>\n<li>Fotometria<\/li>\n<li>Balan\u00e7o de Branco<\/li>\n<li>Lentes<\/li>\n<li>Refer\u00eancias<\/li>\n<\/ul>\n<p><a href=\"https:\/\/i0.wp.com\/www1.unicap.br\/assecom1\/wp-content\/uploads\/2014\/03\/MG_9750_.jpg?ssl=1\"><img data-attachment-id=\"45745\" data-permalink=\"https:\/\/www1.unicap.br\/assecom1\/canon-realiza-cursos-para-alunos-professores-e-funcionarios-da-catolica\/_mg_9750_\/\" data-orig-file=\"https:\/\/i0.wp.com\/www1.unicap.br\/assecom1\/wp-content\/uploads\/2014\/03\/MG_9750_.jpg?fit=500%2C402&amp;ssl=1\" data-orig-size=\"500,402\" data-comments-opened=\"1\" data-image-meta=\"{&quot;aperture&quot;:&quot;0&quot;,&quot;credit&quot;:&quot;&quot;,&quot;camera&quot;:&quot;&quot;,&quot;caption&quot;:&quot;&quot;,&quot;created_timestamp&quot;:&quot;0&quot;,&quot;copyright&quot;:&quot;&quot;,&quot;focal_length&quot;:&quot;0&quot;,&quot;iso&quot;:&quot;0&quot;,&quot;shutter_speed&quot;:&quot;0&quot;,&quot;title&quot;:&quot;&quot;}\" data-image-title=\"_MG_9750_\" data-image-description=\"\" data-medium-file=\"https:\/\/i0.wp.com\/www1.unicap.br\/assecom1\/wp-content\/uploads\/2014\/03\/MG_9750_.jpg?fit=300%2C241&amp;ssl=1\" data-large-file=\"https:\/\/i0.wp.com\/www1.unicap.br\/assecom1\/wp-content\/uploads\/2014\/03\/MG_9750_.jpg?fit=500%2C402&amp;ssl=1\" loading=\"lazy\" class=\"alignright size-thumbnail wp-image-45745\" alt=\"_MG_9750_\" src=\"https:\/\/i0.wp.com\/www1.unicap.br\/assecom1\/wp-content\/uploads\/2014\/03\/MG_9750_.jpg?resize=150%2C150&#038;ssl=1\" srcset=\"https:\/\/i0.wp.com\/www1.unicap.br\/assecom1\/wp-content\/uploads\/2014\/03\/MG_9750_.jpg?resize=150%2C150&amp;ssl=1 150w, https:\/\/i0.wp.com\/www1.unicap.br\/assecom1\/wp-content\/uploads\/2014\/03\/MG_9750_.jpg?zoom=2&amp;resize=150%2C150&amp;ssl=1 300w, https:\/\/i0.wp.com\/www1.unicap.br\/assecom1\/wp-content\/uploads\/2014\/03\/MG_9750_.jpg?zoom=3&amp;resize=150%2C150&amp;ssl=1 450w\" sizes=\"(max-width: 150px) 100vw, 150px\" data-recalc-dims=\"1\" \/><\/a>No intervalo do curso a reportagem do Boletim Unicap conversou com o instrutor Augusto Yamamoto sobre o evento na Unicap. \u201c\u00c9 a primeira vez que realizamos esse curso em uma universidade. O Canon College funciona em S\u00e3o Paulo realizando cursos de fotografia b\u00e1sico e intermedi\u00e1rio. A experi\u00eancia est\u00e1 sendo boa!\u201d<\/p>\n<p><a href=\"https:\/\/i2.wp.com\/www1.unicap.br\/assecom1\/wp-content\/uploads\/2014\/03\/MG_9781-1.jpg?ssl=1\"><img data-attachment-id=\"45746\" data-permalink=\"https:\/\/www1.unicap.br\/assecom1\/canon-realiza-cursos-para-alunos-professores-e-funcionarios-da-catolica\/_mg_9781-1\/\" data-orig-file=\"https:\/\/i2.wp.com\/www1.unicap.br\/assecom1\/wp-content\/uploads\/2014\/03\/MG_9781-1.jpg?fit=500%2C421&amp;ssl=1\" data-orig-size=\"500,421\" data-comments-opened=\"1\" data-image-meta=\"{&quot;aperture&quot;:&quot;0&quot;,&quot;credit&quot;:&quot;&quot;,&quot;camera&quot;:&quot;&quot;,&quot;caption&quot;:&quot;&quot;,&quot;created_timestamp&quot;:&quot;0&quot;,&quot;copyright&quot;:&quot;&quot;,&quot;focal_length&quot;:&quot;0&quot;,&quot;iso&quot;:&quot;0&quot;,&quot;shutter_speed&quot;:&quot;0&quot;,&quot;title&quot;:&quot;&quot;}\" data-image-title=\"_MG_9781-(1)\" data-image-description=\"\" data-medium-file=\"https:\/\/i2.wp.com\/www1.unicap.br\/assecom1\/wp-content\/uploads\/2014\/03\/MG_9781-1.jpg?fit=300%2C252&amp;ssl=1\" data-large-file=\"https:\/\/i2.wp.com\/www1.unicap.br\/assecom1\/wp-content\/uploads\/2014\/03\/MG_9781-1.jpg?fit=500%2C421&amp;ssl=1\" loading=\"lazy\" class=\"alignleft size-thumbnail wp-image-45746\" alt=\"_MG_9781-(1)\" src=\"https:\/\/i2.wp.com\/www1.unicap.br\/assecom1\/wp-content\/uploads\/2014\/03\/MG_9781-1.jpg?resize=150%2C150&#038;ssl=1\" srcset=\"https:\/\/i2.wp.com\/www1.unicap.br\/assecom1\/wp-content\/uploads\/2014\/03\/MG_9781-1.jpg?resize=150%2C150&amp;ssl=1 150w, https:\/\/i2.wp.com\/www1.unicap.br\/assecom1\/wp-content\/uploads\/2014\/03\/MG_9781-1.jpg?zoom=2&amp;resize=150%2C150&amp;ssl=1 300w, https:\/\/i2.wp.com\/www1.unicap.br\/assecom1\/wp-content\/uploads\/2014\/03\/MG_9781-1.jpg?zoom=3&amp;resize=150%2C150&amp;ssl=1 450w\" sizes=\"(max-width: 150px) 100vw, 150px\" data-recalc-dims=\"1\" \/><\/a>A jornalista e ex-aluna da Cat\u00f3lica, Ana Clara Marinho, fala sobre o curso. \u201cEu acho o curso muito importante porque eu tenho trabalhado com fotografia de forma emp\u00edrica e participando de um curso como esse a gente consegue ter uma dimens\u00e3o maior da hist\u00f3ria da fotografia para poder chegar no dia-a-dia que eu pratico hoje.\u201d<\/p>\n<p>Ainda pela manh\u00e3 e se estendendo at\u00e9 \u00e0s 18h a Canon realiza, no Laborat\u00f3rio de Fotografia, localizado no t\u00e9rreo do bloco G, sala 002, o servi\u00e7o, aberto ao p\u00fablico, de limpeza e verifica\u00e7\u00e3o de c\u00e2meras e lentes. Este servi\u00e7o faz parte do Servi\u00e7o Profissional Canon \u2013 CPS (sigla em ingl\u00eas).<\/p>\n<p>Na parte da tarde, das 14h \u00e0s 17h, ser\u00e1 ministrado o Curso Intermedi\u00e1rio, com tr\u00eas horas aula, no Audit\u00f3rio G1, destinado para alunos, professores e funcion\u00e1rios da Unicap. O conte\u00fado program\u00e1tico a ser abordado \u00e9:<\/p>\n<ul>\n<li>Autofocus (AF)<\/li>\n<li>Modos de AF<\/li>\n<li>Pontos de AF<\/li>\n<li>Foco Manual<\/li>\n<li>Fun\u00e7\u00e3o Drive<\/li>\n<li>Exposi\u00e7\u00e3o<\/li>\n<li>Modos de exposi\u00e7\u00e3o<\/li>\n<li>Modos de Medi\u00e7\u00e3o<\/li>\n<li>EC<\/li>\n<li>FEC<\/li>\n<li>Flash<\/li>\n<li>Composi\u00e7\u00e3o<\/li>\n<\/ul>\n<p><a href=\"https:\/\/i1.wp.com\/www1.unicap.br\/assecom1\/wp-content\/uploads\/2014\/03\/MG_9766-.jpg?ssl=1\"><img data-attachment-id=\"45747\" data-permalink=\"https:\/\/www1.unicap.br\/assecom1\/canon-realiza-cursos-para-alunos-professores-e-funcionarios-da-catolica\/_mg_9766\/\" data-orig-file=\"https:\/\/i1.wp.com\/www1.unicap.br\/assecom1\/wp-content\/uploads\/2014\/03\/MG_9766-.jpg?fit=500%2C427&amp;ssl=1\" data-orig-size=\"500,427\" data-comments-opened=\"1\" data-image-meta=\"{&quot;aperture&quot;:&quot;0&quot;,&quot;credit&quot;:&quot;&quot;,&quot;camera&quot;:&quot;&quot;,&quot;caption&quot;:&quot;&quot;,&quot;created_timestamp&quot;:&quot;0&quot;,&quot;copyright&quot;:&quot;&quot;,&quot;focal_length&quot;:&quot;0&quot;,&quot;iso&quot;:&quot;0&quot;,&quot;shutter_speed&quot;:&quot;0&quot;,&quot;title&quot;:&quot;&quot;}\" data-image-title=\"_MG_9766-\" data-image-description=\"\" data-medium-file=\"https:\/\/i1.wp.com\/www1.unicap.br\/assecom1\/wp-content\/uploads\/2014\/03\/MG_9766-.jpg?fit=300%2C256&amp;ssl=1\" data-large-file=\"https:\/\/i1.wp.com\/www1.unicap.br\/assecom1\/wp-content\/uploads\/2014\/03\/MG_9766-.jpg?fit=500%2C427&amp;ssl=1\" loading=\"lazy\" class=\"alignleft size-thumbnail wp-image-45747\" alt=\"_MG_9766-\" src=\"https:\/\/i1.wp.com\/www1.unicap.br\/assecom1\/wp-content\/uploads\/2014\/03\/MG_9766-.jpg?resize=150%2C150&#038;ssl=1\" srcset=\"https:\/\/i1.wp.com\/www1.unicap.br\/assecom1\/wp-content\/uploads\/2014\/03\/MG_9766-.jpg?resize=150%2C150&amp;ssl=1 150w, https:\/\/i1.wp.com\/www1.unicap.br\/assecom1\/wp-content\/uploads\/2014\/03\/MG_9766-.jpg?zoom=2&amp;resize=150%2C150&amp;ssl=1 300w, https:\/\/i1.wp.com\/www1.unicap.br\/assecom1\/wp-content\/uploads\/2014\/03\/MG_9766-.jpg?zoom=3&amp;resize=150%2C150&amp;ssl=1 450w\" sizes=\"(max-width: 150px) 100vw, 150px\" data-recalc-dims=\"1\" \/><\/a>A coordenadora do curso de Fotografia e organizadora do evento, Renata Victor, fala da import\u00e2ncia dele. \u201ceu acho que \u00e9 um momento \u00edmpar. A gente est\u00e1 associado a uma empresa multinacional do porte da Canon \u00e9 s\u00f3 comemorar. Um dia de comemora\u00e7\u00e3o mesmo hoje que \u00e9 o anivers\u00e1rio de Recife e Olinda. Isso agrega valor ao conhecimento que os alunos j\u00e1 adquirem na Universidade, os ex-alunos est\u00e3o tenho a oportunidade de fazer uma reciclagem; ter acesso aos equipamentos de \u00faltima gera\u00e7\u00e3o. A limpeza dos equipamentos que n\u00e3o \u00e9 uma coisa muito f\u00e1cil que a gente precisa encaminhar para S\u00e3o Paulo, atrav\u00e9s de Sedex, e estamos tendo aqui na Unicap esse servi\u00e7o gratuito. Ent\u00e3o foi uma parceria que temos que comemorar e torcer e trabalhar para que seja a primeira de muitas.\u201d<\/p>\n","protected":false},"excerpt":{"rendered":"<p>No dia em que se comemora o anivers\u00e1rio das cidades irm\u00e3s Olinda e Recife, 12 de mar\u00e7o, a Universidade Cat\u00f3lica de Pernambuco, por meio do curso de Fotografia, e a Canon do Brasil promovem um dia de atividade ligada \u00e0 fotografia. Com uma vasta programa\u00e7\u00e3o, o p\u00fablico poder\u00e1 limpar e verificar sua c\u00e2mera e lentes, [&hellip;]<\/p>\n","protected":false},"author":3,"featured_media":45749,"comment_status":"open","ping_status":"open","sticky":false,"template":"","format":"standard","meta":[],"categories":[4],"tags":[],"jetpack-related-posts":[],"_links":{"self":[{"href":"https:\/\/www1.unicap.br\/assecom1\/wp-json\/wp\/v2\/posts\/45744"}],"collection":[{"href":"https:\/\/www1.unicap.br\/assecom1\/wp-json\/wp\/v2\/posts"}],"about":[{"href":"https:\/\/www1.unicap.br\/assecom1\/wp-json\/wp\/v2\/types\/post"}],"author":[{"embeddable":true,"href":"https:\/\/www1.unicap.br\/assecom1\/wp-json\/wp\/v2\/users\/3"}],"replies":[{"embeddable":true,"href":"https:\/\/www1.unicap.br\/assecom1\/wp-json\/wp\/v2\/comments?post=45744"}],"version-history":[{"count":3,"href":"https:\/\/www1.unicap.br\/assecom1\/wp-json\/wp\/v2\/posts\/45744\/revisions"}],"predecessor-version":[{"id":45752,"href":"https:\/\/www1.unicap.br\/assecom1\/wp-json\/wp\/v2\/posts\/45744\/revisions\/45752"}],"wp:featuredmedia":[{"embeddable":true,"href":"https:\/\/www1.unicap.br\/assecom1\/wp-json\/wp\/v2\/media\/45749"}],"wp:attachment":[{"href":"https:\/\/www1.unicap.br\/assecom1\/wp-json\/wp\/v2\/media?parent=45744"}],"wp:term":[{"taxonomy":"category","embeddable":true,"href":"https:\/\/www1.unicap.br\/assecom1\/wp-json\/wp\/v2\/categories?post=45744"},{"taxonomy":"post_tag","embeddable":true,"href":"https:\/\/www1.unicap.br\/assecom1\/wp-json\/wp\/v2\/tags?post=45744"}],"curies":[{"name":"wp","href":"https:\/\/api.w.org\/{rel}","templated":true}]}}