{"id":45666,"date":"2014-03-11T16:37:30","date_gmt":"2014-03-11T19:37:30","guid":{"rendered":"http:\/\/www.unicap.br\/assecom1\/?p=45666"},"modified":"2014-03-11T16:37:30","modified_gmt":"2014-03-11T19:37:30","slug":"50-anos-do-golpe-e-a-nova-agenda-da-justica-de-transicao-sao-debatidos-na-catolica","status":"publish","type":"post","link":"https:\/\/www1.unicap.br\/assecom1\/50-anos-do-golpe-e-a-nova-agenda-da-justica-de-transicao-sao-debatidos-na-catolica\/","title":{"rendered":"50 anos do golpe e a nova agenda da Justi\u00e7a de Transi\u00e7\u00e3o s\u00e3o debatidos na Cat\u00f3lica"},"content":{"rendered":"<p><a href=\"https:\/\/i0.wp.com\/www1.unicap.br\/assecom1\/wp-content\/uploads\/2014\/03\/2.jpg?ssl=1\"><img data-attachment-id=\"45673\" data-permalink=\"https:\/\/www1.unicap.br\/assecom1\/50-anos-do-golpe-e-a-nova-agenda-da-justica-de-transicao-sao-debatidos-na-catolica\/2-6\/\" data-orig-file=\"https:\/\/i0.wp.com\/www1.unicap.br\/assecom1\/wp-content\/uploads\/2014\/03\/2.jpg?fit=960%2C720&amp;ssl=1\" data-orig-size=\"960,720\" data-comments-opened=\"1\" data-image-meta=\"{&quot;aperture&quot;:&quot;0&quot;,&quot;credit&quot;:&quot;&quot;,&quot;camera&quot;:&quot;&quot;,&quot;caption&quot;:&quot;&quot;,&quot;created_timestamp&quot;:&quot;0&quot;,&quot;copyright&quot;:&quot;&quot;,&quot;focal_length&quot;:&quot;0&quot;,&quot;iso&quot;:&quot;0&quot;,&quot;shutter_speed&quot;:&quot;0&quot;,&quot;title&quot;:&quot;&quot;}\" data-image-title=\"\" data-image-description=\"\" data-medium-file=\"https:\/\/i0.wp.com\/www1.unicap.br\/assecom1\/wp-content\/uploads\/2014\/03\/2.jpg?fit=300%2C225&amp;ssl=1\" data-large-file=\"https:\/\/i0.wp.com\/www1.unicap.br\/assecom1\/wp-content\/uploads\/2014\/03\/2.jpg?fit=640%2C480&amp;ssl=1\" loading=\"lazy\" class=\"alignleft size-thumbnail wp-image-45673\" alt=\"\" src=\"https:\/\/i0.wp.com\/www1.unicap.br\/assecom1\/wp-content\/uploads\/2014\/03\/2.jpg?resize=150%2C150&#038;ssl=1\" srcset=\"https:\/\/i0.wp.com\/www1.unicap.br\/assecom1\/wp-content\/uploads\/2014\/03\/2.jpg?resize=150%2C150&amp;ssl=1 150w, https:\/\/i0.wp.com\/www1.unicap.br\/assecom1\/wp-content\/uploads\/2014\/03\/2.jpg?zoom=2&amp;resize=150%2C150&amp;ssl=1 300w, https:\/\/i0.wp.com\/www1.unicap.br\/assecom1\/wp-content\/uploads\/2014\/03\/2.jpg?zoom=3&amp;resize=150%2C150&amp;ssl=1 450w\" sizes=\"(max-width: 150px) 100vw, 150px\" data-recalc-dims=\"1\" \/><\/a>O painel de abertura do Congresso Internacional <em>50 anos do<\/em> g<em>olpe e a nova agenda da justi\u00e7a de transi\u00e7\u00e3o no Brasil\u00a0<\/em>contou com a participa\u00e7\u00e3o de importantes palestrantes, entre os quais Anthony Pereira, Luis Nassif, Lu\u00eds Eduardo Soares, Iara Xavier Pereira e Alberto Filipi. Eles falaram sobre as viola\u00e7\u00f5es aos direitos humanos ocorridas na ditadura, os limites atuais da responsabiliza\u00e7\u00e3o dos agentes torturadores e da Justi\u00e7a de Transi\u00e7\u00e3o (que abarca mecanismos para a passagem de regimes ditatoriais para os democr\u00e1ticos). Os temas abordados prenderam a aten\u00e7\u00e3o do grande p\u00fablico que esteve presente no audit\u00f3rio G2 da Universidade Cat\u00f3lica de Pernambuco, na manh\u00e3 desta segunda-feira (10).<\/p>\n<div>\n<p>Na ocasi\u00e3o, o presidente da Comiss\u00e3o de Anistia, Paulo Abr\u00e3o, enfatizou a necessidade de se avan\u00e7ar na constru\u00e7\u00e3o da verdade, da repara\u00e7\u00e3o e da mem\u00f3ria e de se reconhecer que os crimes contra a humanidade s\u00e3o imprescrit\u00edveis para que tais atrocidades n\u00e3o se repitam na hist\u00f3ria. &#8220;Ao olhar para tr\u00e1s e resgatar a hist\u00f3ria de meio s\u00e9culo do Brasil, nos vemos, no tempo presente, diante de um processo transacional ainda pendente de necessidades de exerc\u00edcio da mem\u00f3ria, da justa homenagem \u00e0s v\u00edtimas, das novas formas de repara\u00e7\u00e3o e da busca por justi\u00e7a&#8221;, ressaltou Paulo Abr\u00e3o.<\/p>\n<p>Comentando do ponto de vista de suas \u00e1reas espec\u00edficas, os componentes da mesa falaram sobre o tema <em>50 anos: o que restou da ditadura.\u00a0<\/em>O primeiro a falar foi o historiador ingl\u00eas\u00a0Anthony Pereira. Mesmo com um \u00f3timo portugu\u00eas, Anthony pediu desculpas pelo sotaque ingl\u00eas. Ele\u00a0 enfatizou na sua apresenta\u00e7\u00e3o que \u00e9 muito dif\u00edcil os brasileiros se preocuparem com os crimes ocorridos na ditadura quando o pa\u00eds convive diariamente com altos \u00edndices de viol\u00eancia.<\/p>\n<p>Logo depois, foi a vez do\u00a0 jornalista Luis Nassif falar. Ele fez um paralelo entre m\u00eddia e pol\u00edtica. Nassif lembrou da import\u00e2ncia da imprensa para a forma\u00e7\u00e3o da opini\u00e3o p\u00fablica. Como exemplos, ele lembrou das elei\u00e7\u00f5es de 1877 nos EUA e da atua\u00e7\u00e3o da imprensa no per\u00edodo da ditadura no Brasil.<\/p>\n<p>J\u00e1 Iara Xavier Pereira colocou um olhar familiar sobre o tema. O cientista pol\u00edtico Luis Eduardo Soares, por sua vez, veio do Rio de Janeiro para dar um olhar mais pol\u00edtico ao debate. Por fim, a palestra seguiu com perguntas e coment\u00e1rios da plateia.<\/p>\n<p>At\u00e9 sexta-feira (14), devem passar pela Universidade Cat\u00f3lica de Pernambuco (Unicap) cerca de 500 pessoas de 16 pa\u00edses, dentre acad\u00eamicos e membros do Minist\u00e9rio P\u00fablico do Brasil e de outros pa\u00edses e representantes de entidades nacionais e internacionais que se relacionam com a Justi\u00e7a de Transi\u00e7\u00e3o, especialmente na Am\u00e9rica Latina.<\/p>\n<p><strong>MENSAGEM DO REITOR<br \/>\n<\/strong><\/p>\n<p>Antes do painel de abertura, foi exibido um v\u00eddeo com uma mensagem do Reitor da Universidade Cat\u00f3lica de Pernambuco, Padre Pedro Rubens, que n\u00e3o esteve presente ao evento por estar participando de encontro da Federa\u00e7\u00e3o Internacional das Universidades Cat\u00f3licas em Madri, na Espanha. <a href=\"https:\/\/i1.wp.com\/www1.unicap.br\/assecom1\/wp-content\/uploads\/2014\/03\/7.jpg?ssl=1\"><img loading=\"lazy\" alt=\"\" src=\"https:\/\/i1.wp.com\/www1.unicap.br\/assecom1\/wp-content\/uploads\/2014\/03\/7.jpg?resize=150%2C150&#038;ssl=1\" data-recalc-dims=\"1\" \/><\/a><\/p>\n<p>Pe. Pedro lembrou de um epis\u00f3dio tenso que acontecera no campus da Unicap na \u00e9poca da ditadura. O momento em que ele enfatizou a import\u00e2ncia de \u00a0Dom Helder Camara \u00a0e do ex-estudante de jornalismo Ricardo Noblat para a Unicap e arrancou sonoros aplausos da plateia.<\/p>\n<p>com informa\u00e7\u00f5es:<br \/>\n<a title=\"\" href=\"http:\/\/www.justica.gov.br\" target=\"_self\">Minist\u00e9rio da Justi\u00e7a<\/a><\/p>\n<\/div>\n<p>&nbsp;<\/p>\n<p>&nbsp;<\/p>\n","protected":false},"excerpt":{"rendered":"<p>O painel de abertura do Congresso Internacional 50 anos do golpe e a nova agenda da justi\u00e7a de transi\u00e7\u00e3o no Brasil\u00a0contou com a participa\u00e7\u00e3o de importantes palestrantes, entre os quais Anthony Pereira, Luis Nassif, Lu\u00eds Eduardo Soares, Iara Xavier Pereira e Alberto Filipi. Eles falaram sobre as viola\u00e7\u00f5es aos direitos humanos ocorridas na ditadura, os [&hellip;]<\/p>\n","protected":false},"author":52,"featured_media":0,"comment_status":"open","ping_status":"open","sticky":false,"template":"","format":"standard","meta":[],"categories":[4],"tags":[],"jetpack-related-posts":[],"_links":{"self":[{"href":"https:\/\/www1.unicap.br\/assecom1\/wp-json\/wp\/v2\/posts\/45666"}],"collection":[{"href":"https:\/\/www1.unicap.br\/assecom1\/wp-json\/wp\/v2\/posts"}],"about":[{"href":"https:\/\/www1.unicap.br\/assecom1\/wp-json\/wp\/v2\/types\/post"}],"author":[{"embeddable":true,"href":"https:\/\/www1.unicap.br\/assecom1\/wp-json\/wp\/v2\/users\/52"}],"replies":[{"embeddable":true,"href":"https:\/\/www1.unicap.br\/assecom1\/wp-json\/wp\/v2\/comments?post=45666"}],"version-history":[{"count":4,"href":"https:\/\/www1.unicap.br\/assecom1\/wp-json\/wp\/v2\/posts\/45666\/revisions"}],"predecessor-version":[{"id":45707,"href":"https:\/\/www1.unicap.br\/assecom1\/wp-json\/wp\/v2\/posts\/45666\/revisions\/45707"}],"wp:attachment":[{"href":"https:\/\/www1.unicap.br\/assecom1\/wp-json\/wp\/v2\/media?parent=45666"}],"wp:term":[{"taxonomy":"category","embeddable":true,"href":"https:\/\/www1.unicap.br\/assecom1\/wp-json\/wp\/v2\/categories?post=45666"},{"taxonomy":"post_tag","embeddable":true,"href":"https:\/\/www1.unicap.br\/assecom1\/wp-json\/wp\/v2\/tags?post=45666"}],"curies":[{"name":"wp","href":"https:\/\/api.w.org\/{rel}","templated":true}]}}