{"id":45567,"date":"2014-03-06T10:45:49","date_gmt":"2014-03-06T13:45:49","guid":{"rendered":"http:\/\/www.unicap.br\/assecom1\/?p=45567"},"modified":"2014-03-06T19:18:26","modified_gmt":"2014-03-06T22:18:26","slug":"fasa-divulga-projetos-selecionados-para-as-bolsas-culturais-2014-1","status":"publish","type":"post","link":"https:\/\/www1.unicap.br\/assecom1\/fasa-divulga-projetos-selecionados-para-as-bolsas-culturais-2014-1\/","title":{"rendered":"Fasa divulga projetos selecionados para as Bolsas Culturais 2014.1"},"content":{"rendered":"<p><a href=\"https:\/\/i0.wp.com\/www1.unicap.br\/assecom1\/wp-content\/uploads\/2014\/03\/Bolsa-cultural.jpg?ssl=1\"><img data-attachment-id=\"45569\" data-permalink=\"https:\/\/www1.unicap.br\/assecom1\/fasa-divulga-projetos-selecionados-para-as-bolsas-culturais-2014-1\/cartaz-6\/\" data-orig-file=\"https:\/\/i0.wp.com\/www1.unicap.br\/assecom1\/wp-content\/uploads\/2014\/03\/Bolsa-cultural.jpg?fit=800%2C250&amp;ssl=1\" data-orig-size=\"800,250\" data-comments-opened=\"1\" data-image-meta=\"{&quot;aperture&quot;:&quot;0&quot;,&quot;credit&quot;:&quot;fasa&quot;,&quot;camera&quot;:&quot;&quot;,&quot;caption&quot;:&quot;&quot;,&quot;created_timestamp&quot;:&quot;0&quot;,&quot;copyright&quot;:&quot;&quot;,&quot;focal_length&quot;:&quot;0&quot;,&quot;iso&quot;:&quot;0&quot;,&quot;shutter_speed&quot;:&quot;0&quot;,&quot;title&quot;:&quot;Cartaz&quot;}\" data-image-title=\"Cartaz\" data-image-description=\"\" data-medium-file=\"https:\/\/i0.wp.com\/www1.unicap.br\/assecom1\/wp-content\/uploads\/2014\/03\/Bolsa-cultural.jpg?fit=300%2C93&amp;ssl=1\" data-large-file=\"https:\/\/i0.wp.com\/www1.unicap.br\/assecom1\/wp-content\/uploads\/2014\/03\/Bolsa-cultural.jpg?fit=640%2C200&amp;ssl=1\" loading=\"lazy\" class=\"alignnone size-full wp-image-45569\" alt=\"Cartaz\" src=\"https:\/\/i0.wp.com\/www1.unicap.br\/assecom1\/wp-content\/uploads\/2014\/03\/Bolsa-cultural.jpg?resize=640%2C200&#038;ssl=1\" srcset=\"https:\/\/i0.wp.com\/www1.unicap.br\/assecom1\/wp-content\/uploads\/2014\/03\/Bolsa-cultural.jpg?w=800&amp;ssl=1 800w, https:\/\/i0.wp.com\/www1.unicap.br\/assecom1\/wp-content\/uploads\/2014\/03\/Bolsa-cultural.jpg?resize=300%2C93&amp;ssl=1 300w\" sizes=\"(max-width: 640px) 100vw, 640px\" data-recalc-dims=\"1\" \/><\/a><\/p>\n<p>A Funda\u00e7\u00e3o Ant\u00f4nio dos Santos Abranches, Fasa, divulgou no dia 27\/02, o resultado da sele\u00e7\u00e3o das Bolsas Culturais 2014.1. Os aprovados devem comparecer \u00e0 Loja da Fasa, no hall do bloco A, at\u00e9 o dia 12 de mar\u00e7o para assinatura do termo de compromisso e apresenta\u00e7\u00e3o dos seguintes documentos: Identidade, CPF, comprovante de resid\u00eancia e comprovante de matr\u00edcula 2014.1.<\/p>\n<p>Os Projetos selecionados foram:<\/p>\n<ul>\n<li><b id=\"yui_3_13_0_ym1_1_1394109317727_22532\">Exposi\u00e7\u00e3o Fotogr\u00e1ficas sobre temas de viola\u00e7\u00e3o dos Direitos Humanos &#8211;<\/b>\u00a0Jo\u00e3o Abelardo Costa Ramos;<\/li>\n<li><b id=\"yui_3_13_0_ym1_1_1394109317727_22545\">Retratos da Cat\u00f3lica\u00a0<\/b>&#8211; Marina Feldhues Ramos;<\/li>\n<li><b id=\"yui_3_13_0_ym1_1_1394109317727_22534\">Teatro Novo de Novo : vivendo as artes c\u00eanicas no campus universit\u00e1rio &#8211;<\/b>\u00a0Jessika Belo Saturninon dos Santos;<\/li>\n<li><b id=\"yui_3_13_0_ym1_1_1394109317727_22540\">Museu de Arqueologia da UNICAP- Patrim\u00f4nios Admininstrativos e Comerciais do Recife Que contam a Nossa Hist\u00f3ria &#8211;<\/b>\u00a0Lucas Thyego Rodrigues de Queiroz;<\/li>\n<li>&#8211;\u00a0<strong id=\"yui_3_13_0_ym1_1_1394109317727_102191\">Museu de Arqueologia da UNICAP-\u00a0<span id=\"yui_3_13_0_ym1_1_1394109317727_102216\" style=\"color: #000000;\">Patrim\u00f4nios militares do Recife que contam a nossa hist\u00f3ria<\/span>\u00a0<\/strong>&#8211; Adriana Firmino de Souza.<\/li>\n<\/ul>\n","protected":false},"excerpt":{"rendered":"<p>A Funda\u00e7\u00e3o Ant\u00f4nio dos Santos Abranches, Fasa, divulgou no dia 27\/02, o resultado da sele\u00e7\u00e3o das Bolsas Culturais 2014.1. Os aprovados devem comparecer \u00e0 Loja da Fasa, no hall do bloco A, at\u00e9 o dia 12 de mar\u00e7o para assinatura do termo de compromisso e apresenta\u00e7\u00e3o dos seguintes documentos: Identidade, CPF, comprovante de resid\u00eancia e [&hellip;]<\/p>\n","protected":false},"author":3,"featured_media":45568,"comment_status":"open","ping_status":"open","sticky":false,"template":"","format":"standard","meta":[],"categories":[4],"tags":[],"jetpack-related-posts":[],"_links":{"self":[{"href":"https:\/\/www1.unicap.br\/assecom1\/wp-json\/wp\/v2\/posts\/45567"}],"collection":[{"href":"https:\/\/www1.unicap.br\/assecom1\/wp-json\/wp\/v2\/posts"}],"about":[{"href":"https:\/\/www1.unicap.br\/assecom1\/wp-json\/wp\/v2\/types\/post"}],"author":[{"embeddable":true,"href":"https:\/\/www1.unicap.br\/assecom1\/wp-json\/wp\/v2\/users\/3"}],"replies":[{"embeddable":true,"href":"https:\/\/www1.unicap.br\/assecom1\/wp-json\/wp\/v2\/comments?post=45567"}],"version-history":[{"count":2,"href":"https:\/\/www1.unicap.br\/assecom1\/wp-json\/wp\/v2\/posts\/45567\/revisions"}],"predecessor-version":[{"id":45581,"href":"https:\/\/www1.unicap.br\/assecom1\/wp-json\/wp\/v2\/posts\/45567\/revisions\/45581"}],"wp:featuredmedia":[{"embeddable":true,"href":"https:\/\/www1.unicap.br\/assecom1\/wp-json\/wp\/v2\/media\/45568"}],"wp:attachment":[{"href":"https:\/\/www1.unicap.br\/assecom1\/wp-json\/wp\/v2\/media?parent=45567"}],"wp:term":[{"taxonomy":"category","embeddable":true,"href":"https:\/\/www1.unicap.br\/assecom1\/wp-json\/wp\/v2\/categories?post=45567"},{"taxonomy":"post_tag","embeddable":true,"href":"https:\/\/www1.unicap.br\/assecom1\/wp-json\/wp\/v2\/tags?post=45567"}],"curies":[{"name":"wp","href":"https:\/\/api.w.org\/{rel}","templated":true}]}}