{"id":4541,"date":"2010-05-26T22:51:46","date_gmt":"2010-05-27T01:51:46","guid":{"rendered":"http:\/\/www.unicap.br\/assecom1\/?p=4541"},"modified":"2010-05-26T22:51:46","modified_gmt":"2010-05-27T01:51:46","slug":"o-professor-antonio-mendes-lanca-novo-livro","status":"publish","type":"post","link":"https:\/\/www1.unicap.br\/assecom1\/o-professor-antonio-mendes-lanca-novo-livro\/","title":{"rendered":"O professor Antonio Mendes lan\u00e7a novo livro"},"content":{"rendered":"<p><a rel=\"attachment wp-att-4542\" href=\"https:\/\/www1.unicap.br\/assecom1\/?attachment_id=4542\"><img loading=\"lazy\" class=\"alignleft size-medium wp-image-4542\" src=\"https:\/\/i2.wp.com\/www1.unicap.br\/assecom1\/wp-content\/uploads\/2010\/05\/DSCN5879.jpg?resize=240%2C180&#038;ssl=1\" alt=\"\" data-recalc-dims=\"1\" \/><\/a>O professor Antonio Mendes da Silva Filho, do curso\u00a0de Ci\u00eancia da Computa\u00e7\u00e3o, \u00a0lan\u00e7ou seu terceiro livro\u00a0na noite desta quarta-feira (26), na livraria SBS, que fica no hall do bloco A da Unicap. \u00a0O t\u00edtulo do livro \u00e9 \u201cIntrodu\u00e7\u00e3o \u00e0 programa\u00e7\u00e3o Orientada a objetos com C<sup>++<\/sup>\u201d.<\/p>\n<p>Antonio Mendes \u00e9 professor e consultor na \u00e1rea de tecnologia da informa\u00e7\u00e3o e comunica\u00e7\u00e3o com mais de 20 anos de experi\u00eancia profissional. \u00c9 autor do livro \u201cArquitetura de Software\u201d, \u00e9 colunista em ci\u00eancia e tecnologia na revista Espa\u00e7o Acad\u00eamico com mais de 100 artigos publicados, tendo feito palestras em eventos nacionais e no exterior. Foi professor da University of Texas em Dallas e da University of Ottawa.<\/p>\n<p><a rel=\"attachment wp-att-4543\" href=\"https:\/\/www1.unicap.br\/assecom1\/?attachment_id=4543\"><img loading=\"lazy\" class=\"alignleft size-medium wp-image-4543\" src=\"https:\/\/i2.wp.com\/www1.unicap.br\/assecom1\/wp-content\/uploads\/2010\/05\/DSCN5883.jpg?resize=240%2C180&#038;ssl=1\" alt=\"\" data-recalc-dims=\"1\" \/><\/a>O objetivo desse seu novo livro \u00e9 ajudar o leitor a solucionar problemas em C<sup>++<\/sup> e explorar recursos da orienta\u00e7\u00e3o a objetivos em um menor per\u00edodo de tempo poss\u00edvel. \u00a0\u00c9 um livro recomendado para estudantes de Computa\u00e7\u00e3o, Engenharia e \u00e1reas afins, que necessitam de uma introdu\u00e7\u00e3o \u00e0 programa\u00e7\u00e3o com a linguagem C<sup>++<\/sup> de grande aplicabilidade na solu\u00e7\u00e3o de problemas.<span>\u00a0<\/span><\/p>\n","protected":false},"excerpt":{"rendered":"<p>O professor Antonio Mendes da Silva Filho, do curso\u00a0de Ci\u00eancia da Computa\u00e7\u00e3o, \u00a0lan\u00e7ou seu terceiro livro\u00a0na noite desta quarta-feira (26), na livraria SBS, que fica no hall do bloco A da Unicap. \u00a0O t\u00edtulo do livro \u00e9 \u201cIntrodu\u00e7\u00e3o \u00e0 programa\u00e7\u00e3o Orientada a objetos com C++\u201d. Antonio Mendes \u00e9 professor e consultor na \u00e1rea de tecnologia [&hellip;]<\/p>\n","protected":false},"author":11,"featured_media":0,"comment_status":"open","ping_status":"open","sticky":false,"template":"","format":"standard","meta":[],"categories":[4],"tags":[],"jetpack-related-posts":[],"_links":{"self":[{"href":"https:\/\/www1.unicap.br\/assecom1\/wp-json\/wp\/v2\/posts\/4541"}],"collection":[{"href":"https:\/\/www1.unicap.br\/assecom1\/wp-json\/wp\/v2\/posts"}],"about":[{"href":"https:\/\/www1.unicap.br\/assecom1\/wp-json\/wp\/v2\/types\/post"}],"author":[{"embeddable":true,"href":"https:\/\/www1.unicap.br\/assecom1\/wp-json\/wp\/v2\/users\/11"}],"replies":[{"embeddable":true,"href":"https:\/\/www1.unicap.br\/assecom1\/wp-json\/wp\/v2\/comments?post=4541"}],"version-history":[{"count":0,"href":"https:\/\/www1.unicap.br\/assecom1\/wp-json\/wp\/v2\/posts\/4541\/revisions"}],"wp:attachment":[{"href":"https:\/\/www1.unicap.br\/assecom1\/wp-json\/wp\/v2\/media?parent=4541"}],"wp:term":[{"taxonomy":"category","embeddable":true,"href":"https:\/\/www1.unicap.br\/assecom1\/wp-json\/wp\/v2\/categories?post=4541"},{"taxonomy":"post_tag","embeddable":true,"href":"https:\/\/www1.unicap.br\/assecom1\/wp-json\/wp\/v2\/tags?post=4541"}],"curies":[{"name":"wp","href":"https:\/\/api.w.org\/{rel}","templated":true}]}}