{"id":45263,"date":"2014-02-13T18:58:44","date_gmt":"2014-02-13T21:58:44","guid":{"rendered":"http:\/\/www.unicap.br\/assecom1\/?p=45263"},"modified":"2014-02-13T18:59:03","modified_gmt":"2014-02-13T21:59:03","slug":"ii-semana-de-arquitetura-e-urbanismo-tem-dia-com-programacao-diversificada","status":"publish","type":"post","link":"https:\/\/www1.unicap.br\/assecom1\/ii-semana-de-arquitetura-e-urbanismo-tem-dia-com-programacao-diversificada\/","title":{"rendered":"II Semana de Arquitetura e Urbanismo tem programa\u00e7\u00e3o diversificada"},"content":{"rendered":"<p><a href=\"https:\/\/i2.wp.com\/www1.unicap.br\/assecom1\/wp-content\/uploads\/2014\/02\/DSCN6718.jpg?ssl=1\"><img data-attachment-id=\"45264\" data-permalink=\"https:\/\/www1.unicap.br\/assecom1\/ii-semana-de-arquitetura-e-urbanismo-tem-dia-com-programacao-diversificada\/dscn6718\/\" data-orig-file=\"https:\/\/i2.wp.com\/www1.unicap.br\/assecom1\/wp-content\/uploads\/2014\/02\/DSCN6718.jpg?fit=3264%2C2448&amp;ssl=1\" data-orig-size=\"3264,2448\" data-comments-opened=\"1\" data-image-meta=\"{&quot;aperture&quot;:&quot;3.1&quot;,&quot;credit&quot;:&quot;&quot;,&quot;camera&quot;:&quot;COOLPIX L810&quot;,&quot;caption&quot;:&quot;&quot;,&quot;created_timestamp&quot;:&quot;&quot;,&quot;copyright&quot;:&quot;&quot;,&quot;focal_length&quot;:&quot;4.3&quot;,&quot;iso&quot;:&quot;800&quot;,&quot;shutter_speed&quot;:&quot;0.02&quot;,&quot;title&quot;:&quot;&quot;}\" data-image-title=\"\" data-image-description=\"\" data-medium-file=\"https:\/\/i2.wp.com\/www1.unicap.br\/assecom1\/wp-content\/uploads\/2014\/02\/DSCN6718.jpg?fit=300%2C225&amp;ssl=1\" data-large-file=\"https:\/\/i2.wp.com\/www1.unicap.br\/assecom1\/wp-content\/uploads\/2014\/02\/DSCN6718.jpg?fit=640%2C480&amp;ssl=1\" loading=\"lazy\" class=\"alignleft size-thumbnail wp-image-45264\" alt=\"\" src=\"https:\/\/i2.wp.com\/www1.unicap.br\/assecom1\/wp-content\/uploads\/2014\/02\/DSCN6718.jpg?resize=150%2C150&#038;ssl=1\" srcset=\"https:\/\/i2.wp.com\/www1.unicap.br\/assecom1\/wp-content\/uploads\/2014\/02\/DSCN6718.jpg?resize=150%2C150&amp;ssl=1 150w, https:\/\/i2.wp.com\/www1.unicap.br\/assecom1\/wp-content\/uploads\/2014\/02\/DSCN6718.jpg?zoom=2&amp;resize=150%2C150&amp;ssl=1 300w, https:\/\/i2.wp.com\/www1.unicap.br\/assecom1\/wp-content\/uploads\/2014\/02\/DSCN6718.jpg?zoom=3&amp;resize=150%2C150&amp;ssl=1 450w\" sizes=\"(max-width: 150px) 100vw, 150px\" data-recalc-dims=\"1\" \/><\/a>A manh\u00e3 desta quarta-feira (12), foi concorrida para os alunos de Arquitetura e Urbanismo da Universidade Cat\u00f3lica de Pernambuco. Foi no audit\u00f3rio G4 da institui\u00e7\u00e3o que foi realizado o segundo dia da II Semana de Arquitetura e Urbanismo. Tr\u00eas palestras puderam ser acompanhadas nesta manh\u00e3. Os temas eram subdivididos em rela\u00e7\u00e3o aos per\u00edodos que os alunos estavam cursando.<\/p>\n<p>No sala 004, localizada no t\u00e9rreo do bloco G4 \u00a0os estudantes do 7\u00b0, 8\u00b0 e 9\u00b0 per\u00edodos se encontraram por volta das 9h para acompanhar uma palestra com a arquiteta Clarissa Duarte. Com o tema <em>A Cidade e seus desafios: novas potencialidades<\/em>, ela falou para um grande n\u00famero de estudantes.<\/p>\n<p>Em outro ponto, os estudantes do 4\u00b0, 5\u00b0 e 6\u00b0 per\u00edodos do curso assistiram a uma palestra com os arquitetos Andrea C\u00e2mara e M\u00facio Juc\u00e1. A dobradinha parece ter agradado os estudantes, que lotaram a sala 005. O tema desta palestra foi o <em>Nosso Cais: ontem e amanh\u00e3.\u00a0<\/em>No terceiro andar d0 mesmo bloco, os estudantes dos tr\u00eas primeiros per\u00edodos do curso se dirigiram at\u00e9 o anfiteatro para assistir a uma palestra com o tema <em>Al\u00e9m da Sala de Aula. O<\/em>s palestrantes foram os arquitetos Am\u00e9lia Reynaldo e os monitores da exposi\u00e7\u00e3o de Cerd\u00e0.<\/p>\n","protected":false},"excerpt":{"rendered":"<p>A manh\u00e3 desta quarta-feira (12), foi concorrida para os alunos de Arquitetura e Urbanismo da Universidade Cat\u00f3lica de Pernambuco. Foi no audit\u00f3rio G4 da institui\u00e7\u00e3o que foi realizado o segundo dia da II Semana de Arquitetura e Urbanismo. Tr\u00eas palestras puderam ser acompanhadas nesta manh\u00e3. Os temas eram subdivididos em rela\u00e7\u00e3o aos per\u00edodos que os [&hellip;]<\/p>\n","protected":false},"author":52,"featured_media":45264,"comment_status":"open","ping_status":"open","sticky":false,"template":"","format":"standard","meta":[],"categories":[4],"tags":[],"jetpack-related-posts":[],"_links":{"self":[{"href":"https:\/\/www1.unicap.br\/assecom1\/wp-json\/wp\/v2\/posts\/45263"}],"collection":[{"href":"https:\/\/www1.unicap.br\/assecom1\/wp-json\/wp\/v2\/posts"}],"about":[{"href":"https:\/\/www1.unicap.br\/assecom1\/wp-json\/wp\/v2\/types\/post"}],"author":[{"embeddable":true,"href":"https:\/\/www1.unicap.br\/assecom1\/wp-json\/wp\/v2\/users\/52"}],"replies":[{"embeddable":true,"href":"https:\/\/www1.unicap.br\/assecom1\/wp-json\/wp\/v2\/comments?post=45263"}],"version-history":[{"count":4,"href":"https:\/\/www1.unicap.br\/assecom1\/wp-json\/wp\/v2\/posts\/45263\/revisions"}],"predecessor-version":[{"id":45308,"href":"https:\/\/www1.unicap.br\/assecom1\/wp-json\/wp\/v2\/posts\/45263\/revisions\/45308"}],"wp:featuredmedia":[{"embeddable":true,"href":"https:\/\/www1.unicap.br\/assecom1\/wp-json\/wp\/v2\/media\/45264"}],"wp:attachment":[{"href":"https:\/\/www1.unicap.br\/assecom1\/wp-json\/wp\/v2\/media?parent=45263"}],"wp:term":[{"taxonomy":"category","embeddable":true,"href":"https:\/\/www1.unicap.br\/assecom1\/wp-json\/wp\/v2\/categories?post=45263"},{"taxonomy":"post_tag","embeddable":true,"href":"https:\/\/www1.unicap.br\/assecom1\/wp-json\/wp\/v2\/tags?post=45263"}],"curies":[{"name":"wp","href":"https:\/\/api.w.org\/{rel}","templated":true}]}}