{"id":45065,"date":"2014-02-05T11:19:28","date_gmt":"2014-02-05T14:19:28","guid":{"rendered":"http:\/\/www.unicap.br\/assecom1\/?p=45065"},"modified":"2014-02-05T18:02:53","modified_gmt":"2014-02-05T21:02:53","slug":"crianca-esperanca-seleciona-profissionais-da-area-de-educacao-e-informatica","status":"publish","type":"post","link":"https:\/\/www1.unicap.br\/assecom1\/crianca-esperanca-seleciona-profissionais-da-area-de-educacao-e-informatica\/","title":{"rendered":"Crian\u00e7a Esperan\u00e7a seleciona profissionais da \u00e1rea de educa\u00e7\u00e3o e inform\u00e1tica"},"content":{"rendered":"<p><a href=\"https:\/\/i2.wp.com\/www1.unicap.br\/assecom1\/wp-content\/uploads\/2014\/02\/criancaesperanca-1.jpg?ssl=1\"><img data-attachment-id=\"45070\" data-permalink=\"https:\/\/www1.unicap.br\/assecom1\/crianca-esperanca-seleciona-profissionais-da-area-de-educacao-e-informatica\/criancaesperanca-1\/\" data-orig-file=\"https:\/\/i2.wp.com\/www1.unicap.br\/assecom1\/wp-content\/uploads\/2014\/02\/criancaesperanca-1.jpg?fit=300%2C136&amp;ssl=1\" data-orig-size=\"300,136\" data-comments-opened=\"1\" data-image-meta=\"{&quot;aperture&quot;:&quot;0&quot;,&quot;credit&quot;:&quot;&quot;,&quot;camera&quot;:&quot;&quot;,&quot;caption&quot;:&quot;&quot;,&quot;created_timestamp&quot;:&quot;0&quot;,&quot;copyright&quot;:&quot;&quot;,&quot;focal_length&quot;:&quot;0&quot;,&quot;iso&quot;:&quot;0&quot;,&quot;shutter_speed&quot;:&quot;0&quot;,&quot;title&quot;:&quot;&quot;}\" data-image-title=\"criancaesperanca (1)\" data-image-description=\"\" data-medium-file=\"https:\/\/i2.wp.com\/www1.unicap.br\/assecom1\/wp-content\/uploads\/2014\/02\/criancaesperanca-1.jpg?fit=300%2C136&amp;ssl=1\" data-large-file=\"https:\/\/i2.wp.com\/www1.unicap.br\/assecom1\/wp-content\/uploads\/2014\/02\/criancaesperanca-1.jpg?fit=300%2C136&amp;ssl=1\" loading=\"lazy\" class=\"size-full wp-image-45070 alignleft\" alt=\"criancaesperanca (1)\" src=\"https:\/\/i2.wp.com\/www1.unicap.br\/assecom1\/wp-content\/uploads\/2014\/02\/criancaesperanca-1.jpg?resize=300%2C136&#038;ssl=1\" data-recalc-dims=\"1\" \/><\/a>O Espa\u00e7o Crian\u00e7a Esperan\u00e7a (ECE) abre sele\u00e7\u00e3o para uma vaga de Coordenador(a) T\u00e9cnico(a) social;\u00a0uma vaga de educador social pedagogo e uma vaga de t\u00e9cnico de inform\u00e1tica, para compor a equipe do projeto que atua na comunidade de Socorro em Jaboat\u00e3o dos Guararapes.<\/p>\n<p>Para se candidatar a uma vaga, leia o edital e atente para a data e hora de inscri\u00e7\u00e3o de cada cargo.<\/p>\n<p><a href=\"https:\/\/www1.unicap.br\/assecom1\/wp-content\/uploads\/2014\/02\/Edital-Coord.Tecnico-pedagogia.2014FINAL-1.pdf\">EDITAL &#8211; Coord.Tecnico pedagogia.2014FINAL-1<\/a>\u00a0&#8211;\u00a0<strong>At\u00e9 \u00e0s 15h do dia 06\/02\/2014<\/strong><\/p>\n<p><a href=\"https:\/\/www1.unicap.br\/assecom1\/wp-content\/uploads\/2014\/02\/EDITAL-pedagogo.2014FINAL-1.pdf\">EDITAL &#8211; Pedagogo.2014FINAL-1<\/a>\u00a0&#8211; <strong>At\u00e9 \u00e0s 15h do dia 06\/02\/2014<\/strong><\/p>\n<p><a href=\"https:\/\/www1.unicap.br\/assecom1\/wp-content\/uploads\/2014\/02\/Edital-Tecnico-de-Informatica.2014FINAL.pdf\">EDITAL &#8211; Tecnico de Informatica.2014FINAL<\/a>\u00a0&#8211; <strong>At\u00e9 \u00e0s 17h do sia 06\/02\/2014<\/strong><\/p>\n<p>&nbsp;<\/p>\n<p>&nbsp;<\/p>\n<p>&nbsp;<\/p>\n","protected":false},"excerpt":{"rendered":"<p>O Espa\u00e7o Crian\u00e7a Esperan\u00e7a (ECE) abre sele\u00e7\u00e3o para uma vaga de Coordenador(a) T\u00e9cnico(a) social;\u00a0uma vaga de educador social pedagogo e uma vaga de t\u00e9cnico de inform\u00e1tica, para compor a equipe do projeto que atua na comunidade de Socorro em Jaboat\u00e3o dos Guararapes. Para se candidatar a uma vaga, leia o edital e atente para a [&hellip;]<\/p>\n","protected":false},"author":3,"featured_media":45070,"comment_status":"open","ping_status":"open","sticky":false,"template":"","format":"standard","meta":[],"categories":[4],"tags":[],"jetpack-related-posts":[],"_links":{"self":[{"href":"https:\/\/www1.unicap.br\/assecom1\/wp-json\/wp\/v2\/posts\/45065"}],"collection":[{"href":"https:\/\/www1.unicap.br\/assecom1\/wp-json\/wp\/v2\/posts"}],"about":[{"href":"https:\/\/www1.unicap.br\/assecom1\/wp-json\/wp\/v2\/types\/post"}],"author":[{"embeddable":true,"href":"https:\/\/www1.unicap.br\/assecom1\/wp-json\/wp\/v2\/users\/3"}],"replies":[{"embeddable":true,"href":"https:\/\/www1.unicap.br\/assecom1\/wp-json\/wp\/v2\/comments?post=45065"}],"version-history":[{"count":5,"href":"https:\/\/www1.unicap.br\/assecom1\/wp-json\/wp\/v2\/posts\/45065\/revisions"}],"predecessor-version":[{"id":45108,"href":"https:\/\/www1.unicap.br\/assecom1\/wp-json\/wp\/v2\/posts\/45065\/revisions\/45108"}],"wp:featuredmedia":[{"embeddable":true,"href":"https:\/\/www1.unicap.br\/assecom1\/wp-json\/wp\/v2\/media\/45070"}],"wp:attachment":[{"href":"https:\/\/www1.unicap.br\/assecom1\/wp-json\/wp\/v2\/media?parent=45065"}],"wp:term":[{"taxonomy":"category","embeddable":true,"href":"https:\/\/www1.unicap.br\/assecom1\/wp-json\/wp\/v2\/categories?post=45065"},{"taxonomy":"post_tag","embeddable":true,"href":"https:\/\/www1.unicap.br\/assecom1\/wp-json\/wp\/v2\/tags?post=45065"}],"curies":[{"name":"wp","href":"https:\/\/api.w.org\/{rel}","templated":true}]}}