{"id":44778,"date":"2014-01-16T11:28:26","date_gmt":"2014-01-16T14:28:26","guid":{"rendered":"http:\/\/www.unicap.br\/assecom1\/?p=44778"},"modified":"2014-01-16T11:29:10","modified_gmt":"2014-01-16T14:29:10","slug":"xxiv-semana-de-estudos-docentes-e-do-ix-forum-de-funcionarios-serao-realizados-nos-dias-30-e-31-de-janeiro","status":"publish","type":"post","link":"https:\/\/www1.unicap.br\/assecom1\/xxiv-semana-de-estudos-docentes-e-do-ix-forum-de-funcionarios-serao-realizados-nos-dias-30-e-31-de-janeiro\/","title":{"rendered":"XXIV Semana de Estudos Docentes e do IX F\u00f3rum de Funcion\u00e1rios ser\u00e3o realizados nos dias 30 e 31 de janeiro"},"content":{"rendered":"<p><span style=\"font-family: Verdana; font-size: small;\">Nos dias 30 e 31 de janeiro, a Universidade Cat\u00f3lica de Pernambuco iniciar\u00e1 mais um ano letivo, com a realiza\u00e7\u00e3o da <b>XXIV Semana de Estudos Docentes e do IX F\u00f3rum de Funcion\u00e1rios,<\/b> cujo tema central ser\u00e1 \u201c<b><i>Comunica\u00e7\u00e3o Interna: integra\u00e7\u00e3o e participa\u00e7\u00e3o<\/i><\/b>\u201d.<br \/>\nA abertura oficial dos dois eventos ocorrer\u00e1 no dia 30 de janeiro, no Audit\u00f3rio G2, \u00e0s 9h, com a palestra <b>\u201cA import\u00e2ncia do relacionamento humano na comunica\u00e7\u00e3o interna\u201d,<\/b> a ser proferida pelos professores Jorge Gomes da S. Sobrinho (Doutorando em Psicologia Cl\u00ednica da Unicap) e Jos\u00e9 Firmo Cavalcanti Neto (Rela\u00e7\u00f5es P\u00fablicas e Assessor de Planejamento do CREA-PE).<\/span><\/p>\n<p><span style=\"font-family: Verdana; font-size: small;\">A programa\u00e7\u00e3o completa e orienta\u00e7\u00f5es mais detalhadas, incluindo o processo de inscri\u00e7\u00f5es, est\u00e3o dispon\u00edveis no <b><a href=\"http:\/\/www.unicap.br\/home\/16742\/\" target=\"_blank\">www.unicap.br\/home\/16742\/<\/a><\/b><\/span><\/p>\n<p><span style=\"font-family: Verdana; font-size: small;\">Com base em experi\u00eancias anteriores, a programa\u00e7\u00e3o, elaborada pelos grupos de trabalho, compostos por professores e funcion\u00e1rios, sob a coordena\u00e7\u00e3o da Pr\u00f3-reitoria Comunit\u00e1ria, contempla estudos organizados no formato de oficinas e painel para atender \u00e0s solicita\u00e7\u00f5es de professores e funcion\u00e1rios.<\/span><\/p>\n<p><span style=\"font-family: Verdana; font-size: small;\">Os funcion\u00e1rios est\u00e3o convidados para participarem da sess\u00e3o de abertura e, de comum acordo com suas respectivas chefias, para participarem das atividades <b>na tarde do dia 30 de janeiro ou na manh\u00e3 do dia 31 de janeiro<\/b>, considerando que a programa\u00e7\u00e3o \u00e9 id\u00eantica. Cabe ressaltar que os funcion\u00e1rios ter\u00e3o sua frequ\u00eancia registrada no local da atividade.<\/span><\/p>\n<p><span style=\"font-family: Verdana; font-size: small;\">Os professores dever\u00e3o fazer suas op\u00e7\u00f5es, no tocante a temas e hor\u00e1rios, de forma a cumprir o correspondente a sua carga hor\u00e1ria. Todos s\u00e3o convidados a se engajarem nas atividades.<\/span><\/p>\n<p><span style=\"font-family: Verdana; font-size: small;\">A\u00a0<b>XXIV Semana de Estudos Docentes<\/b> ser\u00e1 finalizada, no dia 31 de janeiro de 2014, com a reuni\u00e3o dos professores, por curso, com a finalidade de planejar o semestre letivo. Esclarecemos que cada Coordena\u00e7\u00e3o deve fazer a convoca\u00e7\u00e3o dos professores, definir a pauta e coordenar os estudos. <\/span><\/p>\n<p><span style=\"font-family: Verdana; font-size: small;\">\u00c9 oportuno lembrar que, dentro da programa\u00e7\u00e3o desta Semana de Estudos Docentes e F\u00f3rum dos Funcion\u00e1rios, dar-se-\u00e1 no dia 30 de janeiro a cerim\u00f4nia de recondu\u00e7\u00e3o do Reitor da Cat\u00f3lica, Padre Pedro Rubens, para mais um mandato.<br \/>\n<\/span><\/p>\n<p><span style=\"font-family: Verdana; font-size: small;\">\u00a0<\/span><\/p>\n<p>&nbsp;<\/p>\n","protected":false},"excerpt":{"rendered":"<p>Nos dias 30 e 31 de janeiro, a Universidade Cat\u00f3lica de Pernambuco iniciar\u00e1 mais um ano letivo, com a realiza\u00e7\u00e3o da XXIV Semana de Estudos Docentes e do IX F\u00f3rum de Funcion\u00e1rios, cujo tema central ser\u00e1 \u201cComunica\u00e7\u00e3o Interna: integra\u00e7\u00e3o e participa\u00e7\u00e3o\u201d. A abertura oficial dos dois eventos ocorrer\u00e1 no dia 30 de janeiro, no Audit\u00f3rio [&hellip;]<\/p>\n","protected":false},"author":2,"featured_media":0,"comment_status":"open","ping_status":"open","sticky":false,"template":"","format":"standard","meta":[],"categories":[4],"tags":[],"jetpack-related-posts":[],"_links":{"self":[{"href":"https:\/\/www1.unicap.br\/assecom1\/wp-json\/wp\/v2\/posts\/44778"}],"collection":[{"href":"https:\/\/www1.unicap.br\/assecom1\/wp-json\/wp\/v2\/posts"}],"about":[{"href":"https:\/\/www1.unicap.br\/assecom1\/wp-json\/wp\/v2\/types\/post"}],"author":[{"embeddable":true,"href":"https:\/\/www1.unicap.br\/assecom1\/wp-json\/wp\/v2\/users\/2"}],"replies":[{"embeddable":true,"href":"https:\/\/www1.unicap.br\/assecom1\/wp-json\/wp\/v2\/comments?post=44778"}],"version-history":[{"count":2,"href":"https:\/\/www1.unicap.br\/assecom1\/wp-json\/wp\/v2\/posts\/44778\/revisions"}],"predecessor-version":[{"id":44780,"href":"https:\/\/www1.unicap.br\/assecom1\/wp-json\/wp\/v2\/posts\/44778\/revisions\/44780"}],"wp:attachment":[{"href":"https:\/\/www1.unicap.br\/assecom1\/wp-json\/wp\/v2\/media?parent=44778"}],"wp:term":[{"taxonomy":"category","embeddable":true,"href":"https:\/\/www1.unicap.br\/assecom1\/wp-json\/wp\/v2\/categories?post=44778"},{"taxonomy":"post_tag","embeddable":true,"href":"https:\/\/www1.unicap.br\/assecom1\/wp-json\/wp\/v2\/tags?post=44778"}],"curies":[{"name":"wp","href":"https:\/\/api.w.org\/{rel}","templated":true}]}}