{"id":44728,"date":"2014-01-14T13:32:17","date_gmt":"2014-01-14T16:32:17","guid":{"rendered":"http:\/\/www.unicap.br\/assecom1\/?p=44728"},"modified":"2014-01-14T14:53:11","modified_gmt":"2014-01-14T17:53:11","slug":"remanejados-do-curso-de-direito-realizam-matriculas","status":"publish","type":"post","link":"https:\/\/www1.unicap.br\/assecom1\/remanejados-do-curso-de-direito-realizam-matriculas\/","title":{"rendered":"Remanejados do curso de Direito realizam matr\u00edculas"},"content":{"rendered":"<p><a href=\"https:\/\/i2.wp.com\/www1.unicap.br\/assecom1\/wp-content\/uploads\/2014\/01\/DSCN6553-e1389702766273.jpg?ssl=1\"><img data-attachment-id=\"44729\" data-permalink=\"https:\/\/www1.unicap.br\/assecom1\/remanejados-do-curso-de-direito-realizam-matriculas\/dscn6553\/\" data-orig-file=\"https:\/\/i1.wp.com\/www1.unicap.br\/assecom1\/wp-content\/uploads\/2014\/01\/DSCN6553-e1389702905926.jpg?fit=1000%2C750&amp;ssl=1\" data-orig-size=\"1000,750\" data-comments-opened=\"1\" data-image-meta=\"{&quot;aperture&quot;:&quot;3.1&quot;,&quot;credit&quot;:&quot;&quot;,&quot;camera&quot;:&quot;COOLPIX L810&quot;,&quot;caption&quot;:&quot;&quot;,&quot;created_timestamp&quot;:&quot;&quot;,&quot;copyright&quot;:&quot;&quot;,&quot;focal_length&quot;:&quot;4&quot;,&quot;iso&quot;:&quot;800&quot;,&quot;shutter_speed&quot;:&quot;0.016666666666667&quot;,&quot;title&quot;:&quot;&quot;}\" data-image-title=\"DSCN6553\" data-image-description=\"\" data-medium-file=\"https:\/\/i1.wp.com\/www1.unicap.br\/assecom1\/wp-content\/uploads\/2014\/01\/DSCN6553-e1389702905926.jpg?fit=300%2C225&amp;ssl=1\" data-large-file=\"https:\/\/i1.wp.com\/www1.unicap.br\/assecom1\/wp-content\/uploads\/2014\/01\/DSCN6553-e1389702905926.jpg?fit=640%2C480&amp;ssl=1\" loading=\"lazy\" class=\"size-medium wp-image-44729 alignleft\" alt=\"DSCN6553\" src=\"https:\/\/i0.wp.com\/www1.unicap.br\/assecom1\/wp-content\/uploads\/2014\/01\/DSCN6553.jpg?resize=300%2C225&#038;ssl=1\" data-recalc-dims=\"1\" \/><\/a><\/p>\n<p>Os estudantes aprovados no primeiro remanejamento do curso de Direito efetuaram a matr\u00edcula na manh\u00e3 desta ter\u00e7a-feira (14). Os feras que fizeram a prova, mas ainda n\u00e3o foram chamados, t\u00eam mais uma oportunidade de ingressar na Cat\u00f3lica, pois ainda ser\u00e1 divulgado o segundo remanejamento nesta quinta (16).<\/p>\n<p>&#8220;Sempre quis estudar Direito, e numa institui\u00e7\u00e3o desse peso e tradi\u00e7\u00e3o \u00e9 muito bom para o curr\u00edculo&#8221;, conta Ana Cl\u00e1udia, futura &#8220;ju\u00edza da Vara da Inf\u00e2ncia&#8221;, como ela mesma comenta. &#8220;Quando saiu o primeiro list\u00e3o fiquei mal por n\u00e3o ter passado, mas acabou dando tudo certo&#8221;, conclui.<\/p>\n<p>Alunos que v\u00e3o cursar a partir de agosto (2\u00b0 entrada) podem aproveitar esse tempo para come\u00e7ar a entrar no mundo jur\u00eddico. \u00c9 o caso de Helena Souza. &#8220;Vou aproveitar as f\u00e9rias mais um pouco, mas \u00a0no m\u00eas de abril pretendo come\u00e7ar a ler, estudar, ter um conhecimento pr\u00e9vio, para ter uma base quando come\u00e7arem as aulas&#8221;, conta.<\/p>\n<p>Hoje \u00e0 tarde encerram-se as matr\u00edculas do primeiro remanejamento. Futuros alunos de Administra\u00e7\u00e3o, Ci\u00eancias Cont\u00e1beis, Ci\u00eancias Econ\u00f4micas, Eventos, Gest\u00e3o Portu\u00e1ria, Gest\u00e3o em Turismo, Fotografia e Jogos Digitais podem faz\u00ea-las no G1. No G2,\u00a0Arquitetura e Urbanismo,\u00a0Ci\u00eancia da Computa\u00e7\u00e3o,\u00a0Engenharia Ambiental,\u00a0Engenharia Civil,\u00a0Engenharia Qu\u00edmica,\u00a0F\u00edsica (Lic.) e\u00a0Qu\u00edmica (Lic.).<\/p>\n","protected":false},"excerpt":{"rendered":"<p>Os estudantes aprovados no primeiro remanejamento do curso de Direito efetuaram a matr\u00edcula na manh\u00e3 desta ter\u00e7a-feira (14). Os feras que fizeram a prova, mas ainda n\u00e3o foram chamados, t\u00eam mais uma oportunidade de ingressar na Cat\u00f3lica, pois ainda ser\u00e1 divulgado o segundo remanejamento nesta quinta (16). &#8220;Sempre quis estudar Direito, e numa institui\u00e7\u00e3o desse [&hellip;]<\/p>\n","protected":false},"author":55,"featured_media":44729,"comment_status":"open","ping_status":"open","sticky":false,"template":"","format":"standard","meta":[],"categories":[4],"tags":[],"jetpack-related-posts":[],"_links":{"self":[{"href":"https:\/\/www1.unicap.br\/assecom1\/wp-json\/wp\/v2\/posts\/44728"}],"collection":[{"href":"https:\/\/www1.unicap.br\/assecom1\/wp-json\/wp\/v2\/posts"}],"about":[{"href":"https:\/\/www1.unicap.br\/assecom1\/wp-json\/wp\/v2\/types\/post"}],"author":[{"embeddable":true,"href":"https:\/\/www1.unicap.br\/assecom1\/wp-json\/wp\/v2\/users\/55"}],"replies":[{"embeddable":true,"href":"https:\/\/www1.unicap.br\/assecom1\/wp-json\/wp\/v2\/comments?post=44728"}],"version-history":[{"count":4,"href":"https:\/\/www1.unicap.br\/assecom1\/wp-json\/wp\/v2\/posts\/44728\/revisions"}],"predecessor-version":[{"id":44746,"href":"https:\/\/www1.unicap.br\/assecom1\/wp-json\/wp\/v2\/posts\/44728\/revisions\/44746"}],"wp:featuredmedia":[{"embeddable":true,"href":"https:\/\/www1.unicap.br\/assecom1\/wp-json\/wp\/v2\/media\/44729"}],"wp:attachment":[{"href":"https:\/\/www1.unicap.br\/assecom1\/wp-json\/wp\/v2\/media?parent=44728"}],"wp:term":[{"taxonomy":"category","embeddable":true,"href":"https:\/\/www1.unicap.br\/assecom1\/wp-json\/wp\/v2\/categories?post=44728"},{"taxonomy":"post_tag","embeddable":true,"href":"https:\/\/www1.unicap.br\/assecom1\/wp-json\/wp\/v2\/tags?post=44728"}],"curies":[{"name":"wp","href":"https:\/\/api.w.org\/{rel}","templated":true}]}}