{"id":44504,"date":"2013-12-19T14:58:25","date_gmt":"2013-12-19T17:58:25","guid":{"rendered":"http:\/\/www.unicap.br\/assecom1\/?p=44504"},"modified":"2013-12-19T14:58:25","modified_gmt":"2013-12-19T17:58:25","slug":"coordenador-do-curso-de-jornalismo-ministra-palestra-sobre-democracia-e-midia-na-universidade-federal-de-ouro-preto","status":"publish","type":"post","link":"https:\/\/www1.unicap.br\/assecom1\/coordenador-do-curso-de-jornalismo-ministra-palestra-sobre-democracia-e-midia-na-universidade-federal-de-ouro-preto\/","title":{"rendered":"Coordenador do curso de Jornalismo ministra palestra sobre democracia e m\u00eddia na Universidade Federal de Ouro Preto"},"content":{"rendered":"<div align=\"justify\"><i>Com reportagem de Ana Elisa Siqueira &#8211; Ufop<\/i><\/p>\n<p>O Instituto de Ci\u00eancias Sociais Aplicadas (ICSA) promove hoje, 19, a palestra &#8220;Conceitos de Democracia e a Democracia da M\u00eddia&#8221;, ministrada pelo professor Juliano Domingues e a professora do curso de Jornalismo da UFOP, Ju\u00e7ara Brittes. Juliano \u00e9 jornalista, cientista pol\u00edtico e coordenador do curso de Jornalismo da Universidade Cat\u00f3lica de Pernambuco (Unicap).<\/p><\/div>\n<div align=\"justify\">\nA partir dos conceitos de Ci\u00eancias Pol\u00edticas, o professor, ir\u00e1 abordar as diversas defini\u00e7\u00f5es de Democracia, dando suporte para discutir a democracia relacionada com os meios de comunica\u00e7\u00e3o brasileiros. A palestra ser\u00e1 realizada na sala da Hemeroteca, \u00e0s 19h, no ICSA, em Mariana.<\/div>\n","protected":false},"excerpt":{"rendered":"<p>Com reportagem de Ana Elisa Siqueira &#8211; Ufop O Instituto de Ci\u00eancias Sociais Aplicadas (ICSA) promove hoje, 19, a palestra &#8220;Conceitos de Democracia e a Democracia da M\u00eddia&#8221;, ministrada pelo professor Juliano Domingues e a professora do curso de Jornalismo da UFOP, Ju\u00e7ara Brittes. Juliano \u00e9 jornalista, cientista pol\u00edtico e coordenador do curso de Jornalismo [&hellip;]<\/p>\n","protected":false},"author":8,"featured_media":0,"comment_status":"open","ping_status":"open","sticky":false,"template":"","format":"standard","meta":[],"categories":[4],"tags":[],"jetpack-related-posts":[],"_links":{"self":[{"href":"https:\/\/www1.unicap.br\/assecom1\/wp-json\/wp\/v2\/posts\/44504"}],"collection":[{"href":"https:\/\/www1.unicap.br\/assecom1\/wp-json\/wp\/v2\/posts"}],"about":[{"href":"https:\/\/www1.unicap.br\/assecom1\/wp-json\/wp\/v2\/types\/post"}],"author":[{"embeddable":true,"href":"https:\/\/www1.unicap.br\/assecom1\/wp-json\/wp\/v2\/users\/8"}],"replies":[{"embeddable":true,"href":"https:\/\/www1.unicap.br\/assecom1\/wp-json\/wp\/v2\/comments?post=44504"}],"version-history":[{"count":1,"href":"https:\/\/www1.unicap.br\/assecom1\/wp-json\/wp\/v2\/posts\/44504\/revisions"}],"predecessor-version":[{"id":44505,"href":"https:\/\/www1.unicap.br\/assecom1\/wp-json\/wp\/v2\/posts\/44504\/revisions\/44505"}],"wp:attachment":[{"href":"https:\/\/www1.unicap.br\/assecom1\/wp-json\/wp\/v2\/media?parent=44504"}],"wp:term":[{"taxonomy":"category","embeddable":true,"href":"https:\/\/www1.unicap.br\/assecom1\/wp-json\/wp\/v2\/categories?post=44504"},{"taxonomy":"post_tag","embeddable":true,"href":"https:\/\/www1.unicap.br\/assecom1\/wp-json\/wp\/v2\/tags?post=44504"}],"curies":[{"name":"wp","href":"https:\/\/api.w.org\/{rel}","templated":true}]}}