{"id":44033,"date":"2013-11-28T20:14:01","date_gmt":"2013-11-28T23:14:01","guid":{"rendered":"http:\/\/www.unicap.br\/assecom1\/?p=44033"},"modified":"2013-11-29T14:06:13","modified_gmt":"2013-11-29T17:06:13","slug":"padre-pedro-rubens-participa-de-debate-sobre-a-lei-das-comunitarias-na-univesp-tv-em-sao-paulo","status":"publish","type":"post","link":"https:\/\/www1.unicap.br\/assecom1\/padre-pedro-rubens-participa-de-debate-sobre-a-lei-das-comunitarias-na-univesp-tv-em-sao-paulo\/","title":{"rendered":"Padre Pedro Rubens participa de programa sobre a Lei das Comunit\u00e1rias na Univesp TV, em S\u00e3o Paulo"},"content":{"rendered":"<div><a href=\"https:\/\/i0.wp.com\/www1.unicap.br\/assecom1\/wp-content\/uploads\/2013\/11\/2007_05_10_coletiva_higor-29.jpg?ssl=1\"><img data-attachment-id=\"44034\" data-permalink=\"https:\/\/www1.unicap.br\/assecom1\/padre-pedro-rubens-participa-de-debate-sobre-a-lei-das-comunitarias-na-univesp-tv-em-sao-paulo\/2007_05_10_coletiva_higor-29\/\" data-orig-file=\"https:\/\/i2.wp.com\/www1.unicap.br\/assecom1\/wp-content\/uploads\/2013\/11\/2007_05_10_coletiva_higor-29-e1385680387547.jpg?fit=700%2C525&amp;ssl=1\" data-orig-size=\"700,525\" data-comments-opened=\"1\" data-image-meta=\"{&quot;aperture&quot;:&quot;3.1&quot;,&quot;credit&quot;:&quot;&quot;,&quot;camera&quot;:&quot;FinePix S7000&quot;,&quot;caption&quot;:&quot;&quot;,&quot;created_timestamp&quot;:&quot;1168387172&quot;,&quot;copyright&quot;:&quot;&quot;,&quot;focal_length&quot;:&quot;24&quot;,&quot;iso&quot;:&quot;200&quot;,&quot;shutter_speed&quot;:&quot;0.008&quot;,&quot;title&quot;:&quot;&quot;}\" data-image-title=\"Padre Pedro\" data-image-description=\"\" data-medium-file=\"https:\/\/i2.wp.com\/www1.unicap.br\/assecom1\/wp-content\/uploads\/2013\/11\/2007_05_10_coletiva_higor-29-e1385680387547.jpg?fit=300%2C225&amp;ssl=1\" data-large-file=\"https:\/\/i2.wp.com\/www1.unicap.br\/assecom1\/wp-content\/uploads\/2013\/11\/2007_05_10_coletiva_higor-29-e1385680387547.jpg?fit=640%2C480&amp;ssl=1\" loading=\"lazy\" class=\"alignnone size-full wp-image-44034\" alt=\"Padre Pedro\" src=\"https:\/\/i2.wp.com\/www1.unicap.br\/assecom1\/wp-content\/uploads\/2013\/11\/2007_05_10_coletiva_higor-29-e1385680387547.jpg?resize=640%2C480&#038;ssl=1\" data-recalc-dims=\"1\" \/><\/a><\/div>\n<div><\/div>\n<div>Com informa\u00e7\u00f5es da Assessoria de Comunica\u00e7\u00e3o da Abruc<\/div>\n<div><\/div>\n<div>Na manh\u00e3 desta sexta-feira (29\/11), \u00e0s 9h15, o Reitor da Universidade Cat\u00f3lica de Pernambuco e presidente da Associa\u00e7\u00e3o Brasileira das Universidades Comunit\u00e1rias (Abruc), Padre Pedro Rubens, \u00a0e o Reitor da FEI, F\u00e1bio do Prado, estar\u00e3o ao vivo na Univesp TV, para participar do programa Ensino Superior, que nesta edi\u00e7\u00e3o ir\u00e1 debater a nova lei \u00a012.881\/13, Lei das Comunit\u00e1rias.\u00a0O programa \u00e9 exibido mensalmente e discute quest\u00f5es atuais ligadas \u00e0s universidades.<\/div>\n<div><\/div>\n<div>A Univesp TV \u00e9 uma emissora educativa p\u00fablica da Funda\u00e7\u00e3o Padre Anchieta que funciona nas mesmas depend\u00eancias da TV Cultura, em S\u00e3o Paulo. Document\u00e1rios, reportagens e entrevistas comp\u00f5em a grade de programa\u00e7\u00e3o da TV, que est\u00e1 dispon\u00edvel no canal 2.2 (TV digital), na capital Paulista e no site <a href=\"http:\/\/www.univesp.tv.br\" target=\"_blank\">www.univesp.tv.br<\/a>.<\/div>\n","protected":false},"excerpt":{"rendered":"<p>Com informa\u00e7\u00f5es da Assessoria de Comunica\u00e7\u00e3o da Abruc Na manh\u00e3 desta sexta-feira (29\/11), \u00e0s 9h15, o Reitor da Universidade Cat\u00f3lica de Pernambuco e presidente da Associa\u00e7\u00e3o Brasileira das Universidades Comunit\u00e1rias (Abruc), Padre Pedro Rubens, \u00a0e o Reitor da FEI, F\u00e1bio do Prado, estar\u00e3o ao vivo na Univesp TV, para participar do programa Ensino Superior, que [&hellip;]<\/p>\n","protected":false},"author":3,"featured_media":44034,"comment_status":"open","ping_status":"open","sticky":false,"template":"","format":"standard","meta":[],"categories":[3,4],"tags":[],"jetpack-related-posts":[],"_links":{"self":[{"href":"https:\/\/www1.unicap.br\/assecom1\/wp-json\/wp\/v2\/posts\/44033"}],"collection":[{"href":"https:\/\/www1.unicap.br\/assecom1\/wp-json\/wp\/v2\/posts"}],"about":[{"href":"https:\/\/www1.unicap.br\/assecom1\/wp-json\/wp\/v2\/types\/post"}],"author":[{"embeddable":true,"href":"https:\/\/www1.unicap.br\/assecom1\/wp-json\/wp\/v2\/users\/3"}],"replies":[{"embeddable":true,"href":"https:\/\/www1.unicap.br\/assecom1\/wp-json\/wp\/v2\/comments?post=44033"}],"version-history":[{"count":6,"href":"https:\/\/www1.unicap.br\/assecom1\/wp-json\/wp\/v2\/posts\/44033\/revisions"}],"predecessor-version":[{"id":44050,"href":"https:\/\/www1.unicap.br\/assecom1\/wp-json\/wp\/v2\/posts\/44033\/revisions\/44050"}],"wp:featuredmedia":[{"embeddable":true,"href":"https:\/\/www1.unicap.br\/assecom1\/wp-json\/wp\/v2\/media\/44034"}],"wp:attachment":[{"href":"https:\/\/www1.unicap.br\/assecom1\/wp-json\/wp\/v2\/media?parent=44033"}],"wp:term":[{"taxonomy":"category","embeddable":true,"href":"https:\/\/www1.unicap.br\/assecom1\/wp-json\/wp\/v2\/categories?post=44033"},{"taxonomy":"post_tag","embeddable":true,"href":"https:\/\/www1.unicap.br\/assecom1\/wp-json\/wp\/v2\/tags?post=44033"}],"curies":[{"name":"wp","href":"https:\/\/api.w.org\/{rel}","templated":true}]}}