{"id":43871,"date":"2013-11-20T12:29:04","date_gmt":"2013-11-20T15:29:04","guid":{"rendered":"http:\/\/www.unicap.br\/assecom1\/?p=43871"},"modified":"2013-11-20T12:29:04","modified_gmt":"2013-11-20T15:29:04","slug":"unicap-sedia-seminario-sobre-direitos-humanos","status":"publish","type":"post","link":"https:\/\/www1.unicap.br\/assecom1\/unicap-sedia-seminario-sobre-direitos-humanos\/","title":{"rendered":"Unicap sedia Semin\u00e1rio sobre Direitos Humanos"},"content":{"rendered":"<p><a href=\"https:\/\/i0.wp.com\/www1.unicap.br\/assecom1\/wp-content\/uploads\/2013\/11\/DSCN6145.jpg?ssl=1\"><img data-attachment-id=\"43873\" data-permalink=\"https:\/\/www1.unicap.br\/assecom1\/unicap-sedia-seminario-sobre-direitos-humanos\/dscn6145\/\" data-orig-file=\"https:\/\/i0.wp.com\/www1.unicap.br\/assecom1\/wp-content\/uploads\/2013\/11\/DSCN6145.jpg?fit=4608%2C3456&amp;ssl=1\" data-orig-size=\"4608,3456\" data-comments-opened=\"1\" data-image-meta=\"{&quot;aperture&quot;:&quot;5&quot;,&quot;credit&quot;:&quot;&quot;,&quot;camera&quot;:&quot;COOLPIX L810&quot;,&quot;caption&quot;:&quot;&quot;,&quot;created_timestamp&quot;:&quot;&quot;,&quot;copyright&quot;:&quot;&quot;,&quot;focal_length&quot;:&quot;23.4&quot;,&quot;iso&quot;:&quot;400&quot;,&quot;shutter_speed&quot;:&quot;0.125&quot;,&quot;title&quot;:&quot;&quot;}\" data-image-title=\"\" data-image-description=\"\" data-medium-file=\"https:\/\/i0.wp.com\/www1.unicap.br\/assecom1\/wp-content\/uploads\/2013\/11\/DSCN6145.jpg?fit=300%2C225&amp;ssl=1\" data-large-file=\"https:\/\/i0.wp.com\/www1.unicap.br\/assecom1\/wp-content\/uploads\/2013\/11\/DSCN6145.jpg?fit=640%2C480&amp;ssl=1\" loading=\"lazy\" class=\"aligncenter size-large wp-image-43873\" alt=\"\" src=\"https:\/\/i0.wp.com\/www1.unicap.br\/assecom1\/wp-content\/uploads\/2013\/11\/DSCN6145.jpg?resize=640%2C480&#038;ssl=1\" srcset=\"https:\/\/i0.wp.com\/www1.unicap.br\/assecom1\/wp-content\/uploads\/2013\/11\/DSCN6145.jpg?resize=1024%2C768&amp;ssl=1 1024w, https:\/\/i0.wp.com\/www1.unicap.br\/assecom1\/wp-content\/uploads\/2013\/11\/DSCN6145.jpg?resize=300%2C225&amp;ssl=1 300w, https:\/\/i0.wp.com\/www1.unicap.br\/assecom1\/wp-content\/uploads\/2013\/11\/DSCN6145.jpg?w=1280&amp;ssl=1 1280w, https:\/\/i0.wp.com\/www1.unicap.br\/assecom1\/wp-content\/uploads\/2013\/11\/DSCN6145.jpg?w=1920&amp;ssl=1 1920w\" sizes=\"(max-width: 640px) 100vw, 640px\" data-recalc-dims=\"1\" \/><\/a><\/p>\n<p>No Dia da Consci\u00eancia Negra (20), a Universidade Cat\u00f3lica de Pernambuco sediou\u00a0 um Semin\u00e1rio sobre Racismo Institucional. O debate contou com importantes nomes do cen\u00e1rio social de Pernambuco. O tema geral das palestras foi\u00a0<em>Da Seguran\u00e7a P\u00fablica aos Direitos Humanos.<\/em>\u00a0Al\u00e9m de ter o apoio do Instituto Humanitas Unicap, o evento contou com a coopera\u00e7\u00e3o da Prefeitura do Recife, da Secretaria de Defesa Social da Pol\u00edcia Militar de Pernambuco, da Secretaria Executiva de Justi\u00e7a e Direitos Humanos do estado, da Secretaria de Desenvolvimento Social e Direitos Humanos de Pernambuco e do Governo do Estado.<\/p>\n<p>Os debates aconteceram no audit\u00f3rio G1 e foram abertos ao p\u00fablico. Na plateia, quase todos os presentes eram membros da Pol\u00edcia Militar de Pernambuco. Eles ouviram temas relacionados \u00e0 Filtragem Racial e ao Racismo Institucional. Entre dados e considera\u00e7\u00f5es, os palestrantes foram enf\u00e1ticos ao afirmarem que ainda hoje existe muito preconceito racial no pa\u00eds.<\/p>\n<p>A primeira mesa de di\u00e1logo ocorreu por volta das 9h e contou com a media\u00e7\u00e3o da coordenadora de Forma\u00e7\u00e3o da Secretaria Executiva de Justi\u00e7a e Direitos Humanos de Pernambuco, Rosa Marques. Ela estava acompanhada pelo mestre em Ci\u00eancia Pol\u00edtica da Universidade Federal de Pernambuco, coronel Geov\u00e1 Barros, e pelo pesquisador da Funda\u00e7\u00e3o Joaquim Nabuco\u00a0 Carlos Sant&#8217;anna. \u00a0Eles apresentaram dados e proposi\u00e7\u00f5es que instigaram a plateia que acompanhava atentamente os debates.<\/p>\n<p>\u00c0s 11h, a segunda mesa de di\u00e1logo, que foi mediada pela capit\u00e3 Lucia Helena Salgueiro, contou com a participa\u00e7\u00e3o do babalorix\u00e1 da Na\u00e7\u00e3o Xamb\u00e1, Ivo de Xamb\u00e1, e de uma promotora p\u00fablica do Minist\u00e9rio P\u00fablico de Pernambuco (MPPE). Eles falaram da rela\u00e7\u00e3o entre a intoler\u00e2ncia religiosa com polui\u00e7\u00e3o sonora e a lei do sil\u00eancio.<\/p>\n<p>\u00c0 tarde, a programa\u00e7\u00e3o trouxe debates ainda mais interessantes, com as participa\u00e7\u00f5es da secret\u00e1ria executiva de Direitos Humanos do Recife, \u00a0Elizabete Godinho, e da cientista pol\u00edtica Rebeca Duarte. O debate foi mediado pela ex-coordenadora do GT Racismo da Pol\u00edcia Militar de Pernambuco, major Ver\u00f4nica Silva.<\/p>\n<p>&nbsp;<\/p>\n","protected":false},"excerpt":{"rendered":"<p>No Dia da Consci\u00eancia Negra (20), a Universidade Cat\u00f3lica de Pernambuco sediou\u00a0 um Semin\u00e1rio sobre Racismo Institucional. O debate contou com importantes nomes do cen\u00e1rio social de Pernambuco. O tema geral das palestras foi\u00a0Da Seguran\u00e7a P\u00fablica aos Direitos Humanos.\u00a0Al\u00e9m de ter o apoio do Instituto Humanitas Unicap, o evento contou com a coopera\u00e7\u00e3o da Prefeitura [&hellip;]<\/p>\n","protected":false},"author":52,"featured_media":0,"comment_status":"open","ping_status":"open","sticky":false,"template":"","format":"standard","meta":[],"categories":[4],"tags":[],"jetpack-related-posts":[],"_links":{"self":[{"href":"https:\/\/www1.unicap.br\/assecom1\/wp-json\/wp\/v2\/posts\/43871"}],"collection":[{"href":"https:\/\/www1.unicap.br\/assecom1\/wp-json\/wp\/v2\/posts"}],"about":[{"href":"https:\/\/www1.unicap.br\/assecom1\/wp-json\/wp\/v2\/types\/post"}],"author":[{"embeddable":true,"href":"https:\/\/www1.unicap.br\/assecom1\/wp-json\/wp\/v2\/users\/52"}],"replies":[{"embeddable":true,"href":"https:\/\/www1.unicap.br\/assecom1\/wp-json\/wp\/v2\/comments?post=43871"}],"version-history":[{"count":4,"href":"https:\/\/www1.unicap.br\/assecom1\/wp-json\/wp\/v2\/posts\/43871\/revisions"}],"predecessor-version":[{"id":43879,"href":"https:\/\/www1.unicap.br\/assecom1\/wp-json\/wp\/v2\/posts\/43871\/revisions\/43879"}],"wp:attachment":[{"href":"https:\/\/www1.unicap.br\/assecom1\/wp-json\/wp\/v2\/media?parent=43871"}],"wp:term":[{"taxonomy":"category","embeddable":true,"href":"https:\/\/www1.unicap.br\/assecom1\/wp-json\/wp\/v2\/categories?post=43871"},{"taxonomy":"post_tag","embeddable":true,"href":"https:\/\/www1.unicap.br\/assecom1\/wp-json\/wp\/v2\/tags?post=43871"}],"curies":[{"name":"wp","href":"https:\/\/api.w.org\/{rel}","templated":true}]}}