{"id":43798,"date":"2013-11-20T13:06:21","date_gmt":"2013-11-20T16:06:21","guid":{"rendered":"http:\/\/www.unicap.br\/assecom1\/?p=43798"},"modified":"2013-11-20T13:09:52","modified_gmt":"2013-11-20T16:09:52","slug":"relacoes-publicas-promove-debate-sobre-os-100-anos-da-profissao-no-brasil-no-dia-23-de-novembro","status":"publish","type":"post","link":"https:\/\/www1.unicap.br\/assecom1\/relacoes-publicas-promove-debate-sobre-os-100-anos-da-profissao-no-brasil-no-dia-23-de-novembro\/","title":{"rendered":"Rela\u00e7\u00f5es P\u00fablicas promove debate sobre os 100 anos da profiss\u00e3o no Brasil no dia 23 de novembro"},"content":{"rendered":"<p>Em 2014 a profiss\u00e3o de Rela\u00e7\u00f5es P\u00fablicas faz 100 anos no Brasil. Antecipando as reflex\u00f5es sobre as mudan\u00e7as e perspectivas na \u00e1rea, estudantes do 6\u00ba per\u00edodo do curso da Unicap est\u00e3o promovendo ciclo de debates. O tema \u201c100 anos de Rela\u00e7\u00f5es P\u00fablicas no Brasil: novos aportes para a profiss\u00e3o\u201d est\u00e1 norteando o evento, que re\u00fane RPs atuantes em diversas \u00e1reas, como o terceiro setor, obras de grande porte, redes sociais e publicidade.<\/p>\n<p>Os dois \u00faltimos debates acontecem no dia 23, a partir das 9h30, na sala 404 do bloco A, com Ianne Vilas-Boas, da Qualidados, abordando a import\u00e2ncia do RP na articula\u00e7\u00e3o com os p\u00fablicos em obras de grande porte; e a rela\u00e7\u00f5es p\u00fablicas e professora da Unicap, Thelma Guerra, tra\u00e7ando um painel sobre RP e Publicidade. A iniciativa faz parte da disciplina Oficina de Rela\u00e7\u00f5es P\u00fablicas I, ministrada pela professora Carla Teixeira.<\/p>\n<p>&nbsp;<\/p>\n","protected":false},"excerpt":{"rendered":"<p>Em 2014 a profiss\u00e3o de Rela\u00e7\u00f5es P\u00fablicas faz 100 anos no Brasil. Antecipando as reflex\u00f5es sobre as mudan\u00e7as e perspectivas na \u00e1rea, estudantes do 6\u00ba per\u00edodo do curso da Unicap est\u00e3o promovendo ciclo de debates. O tema \u201c100 anos de Rela\u00e7\u00f5es P\u00fablicas no Brasil: novos aportes para a profiss\u00e3o\u201d est\u00e1 norteando o evento, que re\u00fane [&hellip;]<\/p>\n","protected":false},"author":52,"featured_media":0,"comment_status":"open","ping_status":"open","sticky":false,"template":"","format":"standard","meta":[],"categories":[4],"tags":[],"jetpack-related-posts":[],"_links":{"self":[{"href":"https:\/\/www1.unicap.br\/assecom1\/wp-json\/wp\/v2\/posts\/43798"}],"collection":[{"href":"https:\/\/www1.unicap.br\/assecom1\/wp-json\/wp\/v2\/posts"}],"about":[{"href":"https:\/\/www1.unicap.br\/assecom1\/wp-json\/wp\/v2\/types\/post"}],"author":[{"embeddable":true,"href":"https:\/\/www1.unicap.br\/assecom1\/wp-json\/wp\/v2\/users\/52"}],"replies":[{"embeddable":true,"href":"https:\/\/www1.unicap.br\/assecom1\/wp-json\/wp\/v2\/comments?post=43798"}],"version-history":[{"count":6,"href":"https:\/\/www1.unicap.br\/assecom1\/wp-json\/wp\/v2\/posts\/43798\/revisions"}],"predecessor-version":[{"id":43893,"href":"https:\/\/www1.unicap.br\/assecom1\/wp-json\/wp\/v2\/posts\/43798\/revisions\/43893"}],"wp:attachment":[{"href":"https:\/\/www1.unicap.br\/assecom1\/wp-json\/wp\/v2\/media?parent=43798"}],"wp:term":[{"taxonomy":"category","embeddable":true,"href":"https:\/\/www1.unicap.br\/assecom1\/wp-json\/wp\/v2\/categories?post=43798"},{"taxonomy":"post_tag","embeddable":true,"href":"https:\/\/www1.unicap.br\/assecom1\/wp-json\/wp\/v2\/tags?post=43798"}],"curies":[{"name":"wp","href":"https:\/\/api.w.org\/{rel}","templated":true}]}}