{"id":43700,"date":"2013-11-11T21:08:28","date_gmt":"2013-11-12T00:08:28","guid":{"rendered":"http:\/\/www.unicap.br\/assecom1\/?p=43700"},"modified":"2013-11-12T11:13:45","modified_gmt":"2013-11-12T14:13:45","slug":"simcbio-comeca-com-palestras-sobre-a-importancia-da-agua-para-a-sociedade","status":"publish","type":"post","link":"https:\/\/www1.unicap.br\/assecom1\/simcbio-comeca-com-palestras-sobre-a-importancia-da-agua-para-a-sociedade\/","title":{"rendered":"SIMCBIO come\u00e7a com palestras sobre a import\u00e2ncia da \u00e1gua para a sociedade"},"content":{"rendered":"<p><a href=\"https:\/\/i1.wp.com\/www1.unicap.br\/assecom1\/wp-content\/uploads\/2013\/11\/20131111_113934.jpg?ssl=1\"><img data-attachment-id=\"43701\" data-permalink=\"https:\/\/www1.unicap.br\/assecom1\/simcbio-comeca-com-palestras-sobre-a-importancia-da-agua-para-a-sociedade\/20131111_113934\/\" data-orig-file=\"https:\/\/i1.wp.com\/www1.unicap.br\/assecom1\/wp-content\/uploads\/2013\/11\/20131111_113934.jpg?fit=3264%2C2448&amp;ssl=1\" data-orig-size=\"3264,2448\" data-comments-opened=\"1\" data-image-meta=\"{&quot;aperture&quot;:&quot;2.65&quot;,&quot;credit&quot;:&quot;&quot;,&quot;camera&quot;:&quot;GT-I9082L&quot;,&quot;caption&quot;:&quot;&quot;,&quot;created_timestamp&quot;:&quot;1384169973&quot;,&quot;copyright&quot;:&quot;&quot;,&quot;focal_length&quot;:&quot;3.9687&quot;,&quot;iso&quot;:&quot;1250&quot;,&quot;shutter_speed&quot;:&quot;0.066664&quot;,&quot;title&quot;:&quot;&quot;}\" data-image-title=\"\" data-image-description=\"\" data-medium-file=\"https:\/\/i1.wp.com\/www1.unicap.br\/assecom1\/wp-content\/uploads\/2013\/11\/20131111_113934.jpg?fit=300%2C225&amp;ssl=1\" data-large-file=\"https:\/\/i1.wp.com\/www1.unicap.br\/assecom1\/wp-content\/uploads\/2013\/11\/20131111_113934.jpg?fit=640%2C480&amp;ssl=1\" loading=\"lazy\" class=\"aligncenter size-large wp-image-43701\" alt=\"\" src=\"https:\/\/i1.wp.com\/www1.unicap.br\/assecom1\/wp-content\/uploads\/2013\/11\/20131111_113934.jpg?resize=640%2C480&#038;ssl=1\" srcset=\"https:\/\/i1.wp.com\/www1.unicap.br\/assecom1\/wp-content\/uploads\/2013\/11\/20131111_113934.jpg?resize=1024%2C768&amp;ssl=1 1024w, https:\/\/i1.wp.com\/www1.unicap.br\/assecom1\/wp-content\/uploads\/2013\/11\/20131111_113934.jpg?resize=300%2C225&amp;ssl=1 300w, https:\/\/i1.wp.com\/www1.unicap.br\/assecom1\/wp-content\/uploads\/2013\/11\/20131111_113934.jpg?w=1280&amp;ssl=1 1280w, https:\/\/i1.wp.com\/www1.unicap.br\/assecom1\/wp-content\/uploads\/2013\/11\/20131111_113934.jpg?w=1920&amp;ssl=1 1920w\" sizes=\"(max-width: 640px) 100vw, 640px\" data-recalc-dims=\"1\" \/><\/a><\/p>\n<p>Palestras e confer\u00eancias marcaram a manh\u00e3 desta segunda-feira (11), no SIMCBIO ( Simp\u00f3sio de Ci\u00eancias Biol\u00f3gicas), que est\u00e1 sendo realizado esta semana na Universidade Cat\u00f3lica de Pernambuco. Professores e estudantes de v\u00e1rias Institui\u00e7\u00f5es de Ensino Superior se reuniram no audit\u00f3rio G1 da Unicap para discutir a import\u00e2ncia da \u00e1gua para a sociedade atual.<\/p>\n<p>A primeira mesa do dia, teve como o tema\u00a0<em>Aquicultura: Gest\u00e3o e Produ\u00e7\u00e3o. O Prof <\/em>Dr. Eudes de Souza\u00a0Correia, Prof. Dr. Alfredo Olivera G\u00e1lvez e Prof Dr. Lourinaldo Barreto Cavalcanti, todos da \u00a0UFRPE, foram os respons\u00e1veis pelo desenvolvimento do tema discutido. Eles falaram das cadeias produtivas de aquicultura do Nordeste, da rela\u00e7\u00e3o da gest\u00e3o com sustentabilidade e da rede nacional de carcinicultura (RECARCINA)<\/p>\n<p>A partir das 11h, a primeira confer\u00eancia do evento teve a participa\u00e7\u00e3o do Prof. Dr. M\u00facio Luiz Banja Fernandes, da UPE e\u00a0 Fafire. Ele comentou sobre o uso de ferramentas para compensa\u00e7\u00e3o de impactos sobre \u00e1guas costeiras. Lembrou ainda que o\u00a0desenvolvimento industrial portu\u00e1rio no Estado de Pernambuco tem promovido a\u00e7\u00f5es consideravelmente danosas aos seus recursos naturais.\u00a0Nesta confer\u00eancia, foi apresentada uma positiva experi\u00eancia de compensa\u00e7\u00e3o de perdas de habitats naturais por meio de testes e instala\u00e7\u00f5es de recifes artificiais, que objetiva incrementar a explora\u00e7\u00e3o dos recursos marinhos costeiros.<\/p>\n<p>O SIMCBIO segue at\u00e9 quinta-feira (14). A programa\u00e7\u00e3o completa est\u00e1 dispon\u00edvel no site abaixo;<\/p>\n<p><a href=\"http:\/\/www.unicap.br\/simcbio\/?page_id=1041\">http:\/\/www.unicap.br\/simcbio\/?page_id=1041<\/a><\/p>\n","protected":false},"excerpt":{"rendered":"<p>Palestras e confer\u00eancias marcaram a manh\u00e3 desta segunda-feira (11), no SIMCBIO ( Simp\u00f3sio de Ci\u00eancias Biol\u00f3gicas), que est\u00e1 sendo realizado esta semana na Universidade Cat\u00f3lica de Pernambuco. Professores e estudantes de v\u00e1rias Institui\u00e7\u00f5es de Ensino Superior se reuniram no audit\u00f3rio G1 da Unicap para discutir a import\u00e2ncia da \u00e1gua para a sociedade atual. A primeira [&hellip;]<\/p>\n","protected":false},"author":52,"featured_media":43701,"comment_status":"open","ping_status":"open","sticky":false,"template":"","format":"standard","meta":[],"categories":[4],"tags":[],"jetpack-related-posts":[],"_links":{"self":[{"href":"https:\/\/www1.unicap.br\/assecom1\/wp-json\/wp\/v2\/posts\/43700"}],"collection":[{"href":"https:\/\/www1.unicap.br\/assecom1\/wp-json\/wp\/v2\/posts"}],"about":[{"href":"https:\/\/www1.unicap.br\/assecom1\/wp-json\/wp\/v2\/types\/post"}],"author":[{"embeddable":true,"href":"https:\/\/www1.unicap.br\/assecom1\/wp-json\/wp\/v2\/users\/52"}],"replies":[{"embeddable":true,"href":"https:\/\/www1.unicap.br\/assecom1\/wp-json\/wp\/v2\/comments?post=43700"}],"version-history":[{"count":3,"href":"https:\/\/www1.unicap.br\/assecom1\/wp-json\/wp\/v2\/posts\/43700\/revisions"}],"predecessor-version":[{"id":43718,"href":"https:\/\/www1.unicap.br\/assecom1\/wp-json\/wp\/v2\/posts\/43700\/revisions\/43718"}],"wp:featuredmedia":[{"embeddable":true,"href":"https:\/\/www1.unicap.br\/assecom1\/wp-json\/wp\/v2\/media\/43701"}],"wp:attachment":[{"href":"https:\/\/www1.unicap.br\/assecom1\/wp-json\/wp\/v2\/media?parent=43700"}],"wp:term":[{"taxonomy":"category","embeddable":true,"href":"https:\/\/www1.unicap.br\/assecom1\/wp-json\/wp\/v2\/categories?post=43700"},{"taxonomy":"post_tag","embeddable":true,"href":"https:\/\/www1.unicap.br\/assecom1\/wp-json\/wp\/v2\/tags?post=43700"}],"curies":[{"name":"wp","href":"https:\/\/api.w.org\/{rel}","templated":true}]}}