{"id":43213,"date":"2013-10-27T21:45:44","date_gmt":"2013-10-28T00:45:44","guid":{"rendered":"http:\/\/www.unicap.br\/assecom1\/?p=43213"},"modified":"2013-10-28T15:51:27","modified_gmt":"2013-10-28T18:51:27","slug":"curso-de-jornalismo-promoveu-oficina-em-parceria-com-ministerio-publico-na-11a-semana-de-integracao","status":"publish","type":"post","link":"https:\/\/www1.unicap.br\/assecom1\/curso-de-jornalismo-promoveu-oficina-em-parceria-com-ministerio-publico-na-11a-semana-de-integracao\/","title":{"rendered":"Curso de Jornalismo promoveu oficina em parceria com Minist\u00e9rio P\u00fablico do Trabalho  na 11\u00aa Semana de Integra\u00e7\u00e3o"},"content":{"rendered":"<p><img data-attachment-id=\"43216\" data-permalink=\"https:\/\/www1.unicap.br\/assecom1\/curso-de-jornalismo-promoveu-oficina-em-parceria-com-ministerio-publico-na-11a-semana-de-integracao\/mpt-3\/\" data-orig-file=\"https:\/\/i2.wp.com\/www1.unicap.br\/assecom1\/wp-content\/uploads\/2013\/10\/mpt-3.jpg?fit=459%2C816&amp;ssl=1\" data-orig-size=\"459,816\" data-comments-opened=\"1\" data-image-meta=\"{&quot;aperture&quot;:&quot;0&quot;,&quot;credit&quot;:&quot;&quot;,&quot;camera&quot;:&quot;&quot;,&quot;caption&quot;:&quot;&quot;,&quot;created_timestamp&quot;:&quot;0&quot;,&quot;copyright&quot;:&quot;&quot;,&quot;focal_length&quot;:&quot;0&quot;,&quot;iso&quot;:&quot;0&quot;,&quot;shutter_speed&quot;:&quot;0&quot;,&quot;title&quot;:&quot;&quot;}\" data-image-title=\"\" data-image-description=\"\" data-medium-file=\"https:\/\/i2.wp.com\/www1.unicap.br\/assecom1\/wp-content\/uploads\/2013\/10\/mpt-3.jpg?fit=168%2C300&amp;ssl=1\" data-large-file=\"https:\/\/i2.wp.com\/www1.unicap.br\/assecom1\/wp-content\/uploads\/2013\/10\/mpt-3.jpg?fit=459%2C816&amp;ssl=1\" loading=\"lazy\" class=\" wp-image-43216 alignleft\" alt=\"\" src=\"https:\/\/i2.wp.com\/www1.unicap.br\/assecom1\/wp-content\/uploads\/2013\/10\/mpt-3.jpg?resize=367%2C653&#038;ssl=1\" srcset=\"https:\/\/i2.wp.com\/www1.unicap.br\/assecom1\/wp-content\/uploads\/2013\/10\/mpt-3.jpg?w=459&amp;ssl=1 459w, https:\/\/i2.wp.com\/www1.unicap.br\/assecom1\/wp-content\/uploads\/2013\/10\/mpt-3.jpg?resize=168%2C300&amp;ssl=1 168w\" sizes=\"(max-width: 367px) 100vw, 367px\" data-recalc-dims=\"1\" \/><\/p>\n<p>Oficina sobre a atua\u00e7\u00e3o do Minist\u00e9rio P\u00fablico do Trabalho (MPT) fez parte da programa\u00e7\u00e3o da 11\u00aa Semana de Integra\u00e7\u00e3o. O minicurso, que foi voltado para alunos do curso de Jornalismo, aconteceu na sala 509 do bloco A na tarde de quinta feira (24) . A respons\u00e1vel por coordenar o encontro foi a assessora de comunica\u00e7\u00e3o do MPT, Mariana Banja, que \u00e9 ex-aluna da Unicap.<\/p>\n<p>A oficina teve como objetivo esclarecer as d\u00favidas dos alunos sobre a atua\u00e7\u00e3o do MP e evitar que erros sobre o \u00f3rg\u00e3o sejam veiculados naimprensa. Para come\u00e7ar, Mariana divulgou cartilhas e explicou como funcionava a institui\u00e7\u00e3o. Em seguida, a assessora mostrou equ\u00edvocos cometidos por meios de comunica\u00e7\u00e3o.\u00a0 Para dar dinamismo ao encontro, os alunos foram estimulados a produzir uma mat\u00e9ria sobre o MPT, a partir de informa\u00e7\u00f5es t\u00e9cnicas sobre o \u00f3rg\u00e3o.<\/p>\n<p><img data-attachment-id=\"43217\" data-permalink=\"https:\/\/www1.unicap.br\/assecom1\/curso-de-jornalismo-promoveu-oficina-em-parceria-com-ministerio-publico-na-11a-semana-de-integracao\/mpt-2\/\" data-orig-file=\"https:\/\/i0.wp.com\/www1.unicap.br\/assecom1\/wp-content\/uploads\/2013\/10\/mpt-2.jpg?fit=459%2C816&amp;ssl=1\" data-orig-size=\"459,816\" data-comments-opened=\"1\" data-image-meta=\"{&quot;aperture&quot;:&quot;0&quot;,&quot;credit&quot;:&quot;&quot;,&quot;camera&quot;:&quot;&quot;,&quot;caption&quot;:&quot;&quot;,&quot;created_timestamp&quot;:&quot;0&quot;,&quot;copyright&quot;:&quot;&quot;,&quot;focal_length&quot;:&quot;0&quot;,&quot;iso&quot;:&quot;0&quot;,&quot;shutter_speed&quot;:&quot;0&quot;,&quot;title&quot;:&quot;&quot;}\" data-image-title=\"Mariana Banja, assessora do Minist\u00e9rio P\u00fablico do Trabalho\" data-image-description=\"\" data-medium-file=\"https:\/\/i0.wp.com\/www1.unicap.br\/assecom1\/wp-content\/uploads\/2013\/10\/mpt-2.jpg?fit=168%2C300&amp;ssl=1\" data-large-file=\"https:\/\/i0.wp.com\/www1.unicap.br\/assecom1\/wp-content\/uploads\/2013\/10\/mpt-2.jpg?fit=459%2C816&amp;ssl=1\" loading=\"lazy\" class=\"alignright size-medium wp-image-43217\" alt=\"Mariana Banja, assessora do Minist\u00e9rio P\u00fablico do Trabalho\" src=\"https:\/\/i0.wp.com\/www1.unicap.br\/assecom1\/wp-content\/uploads\/2013\/10\/mpt-2.jpg?resize=168%2C300&#038;ssl=1\" srcset=\"https:\/\/i0.wp.com\/www1.unicap.br\/assecom1\/wp-content\/uploads\/2013\/10\/mpt-2.jpg?resize=168%2C300&amp;ssl=1 168w, https:\/\/i0.wp.com\/www1.unicap.br\/assecom1\/wp-content\/uploads\/2013\/10\/mpt-2.jpg?w=459&amp;ssl=1 459w\" sizes=\"(max-width: 168px) 100vw, 168px\" data-recalc-dims=\"1\" \/><\/p>\n<p>Mariana destacou a import\u00e2ncia da parceria do Minist\u00e9rio P\u00fablico do Trabalho com a Universidade. \u201cOs dois \u00f3rg\u00e3os est\u00e3o conseguindo cumprir parte de suas miss\u00f5es, na medida que est\u00e3o se aproximando da sociedade. O Minist\u00e9rio P\u00fablico ao ir ao encontro da Universidade e dos alunos, e a Unicap ao propor um projeto de extens\u00e3o, saindo dos seus muros.\u201d<\/p>\n","protected":false},"excerpt":{"rendered":"<p>Oficina sobre a atua\u00e7\u00e3o do Minist\u00e9rio P\u00fablico do Trabalho (MPT) fez parte da programa\u00e7\u00e3o da 11\u00aa Semana de Integra\u00e7\u00e3o. O minicurso, que foi voltado para alunos do curso de Jornalismo, aconteceu na sala 509 do bloco A na tarde de quinta feira (24) . A respons\u00e1vel por coordenar o encontro foi a assessora de comunica\u00e7\u00e3o [&hellip;]<\/p>\n","protected":false},"author":54,"featured_media":43216,"comment_status":"open","ping_status":"open","sticky":false,"template":"","format":"standard","meta":[],"categories":[4],"tags":[],"jetpack-related-posts":[],"_links":{"self":[{"href":"https:\/\/www1.unicap.br\/assecom1\/wp-json\/wp\/v2\/posts\/43213"}],"collection":[{"href":"https:\/\/www1.unicap.br\/assecom1\/wp-json\/wp\/v2\/posts"}],"about":[{"href":"https:\/\/www1.unicap.br\/assecom1\/wp-json\/wp\/v2\/types\/post"}],"author":[{"embeddable":true,"href":"https:\/\/www1.unicap.br\/assecom1\/wp-json\/wp\/v2\/users\/54"}],"replies":[{"embeddable":true,"href":"https:\/\/www1.unicap.br\/assecom1\/wp-json\/wp\/v2\/comments?post=43213"}],"version-history":[{"count":15,"href":"https:\/\/www1.unicap.br\/assecom1\/wp-json\/wp\/v2\/posts\/43213\/revisions"}],"predecessor-version":[{"id":43328,"href":"https:\/\/www1.unicap.br\/assecom1\/wp-json\/wp\/v2\/posts\/43213\/revisions\/43328"}],"wp:featuredmedia":[{"embeddable":true,"href":"https:\/\/www1.unicap.br\/assecom1\/wp-json\/wp\/v2\/media\/43216"}],"wp:attachment":[{"href":"https:\/\/www1.unicap.br\/assecom1\/wp-json\/wp\/v2\/media?parent=43213"}],"wp:term":[{"taxonomy":"category","embeddable":true,"href":"https:\/\/www1.unicap.br\/assecom1\/wp-json\/wp\/v2\/categories?post=43213"},{"taxonomy":"post_tag","embeddable":true,"href":"https:\/\/www1.unicap.br\/assecom1\/wp-json\/wp\/v2\/tags?post=43213"}],"curies":[{"name":"wp","href":"https:\/\/api.w.org\/{rel}","templated":true}]}}