{"id":43162,"date":"2013-10-25T15:34:54","date_gmt":"2013-10-25T18:34:54","guid":{"rendered":"http:\/\/www.unicap.br\/assecom1\/?p=43162"},"modified":"2013-10-25T17:26:50","modified_gmt":"2013-10-25T20:26:50","slug":"biblioteca-central-promove-oficinas-de-libras-na-11a-siucs","status":"publish","type":"post","link":"https:\/\/www1.unicap.br\/assecom1\/biblioteca-central-promove-oficinas-de-libras-na-11a-siucs\/","title":{"rendered":"Biblioteca Central promove oficinas de Libras na 11\u00aa Siucs"},"content":{"rendered":"<p><a href=\"https:\/\/i0.wp.com\/www1.unicap.br\/assecom1\/wp-content\/uploads\/2013\/10\/DSCN5657.jpg?ssl=1\"><img data-attachment-id=\"43164\" data-permalink=\"https:\/\/www1.unicap.br\/assecom1\/biblioteca-central-promove-oficinas-de-libras-na-11a-siucs\/dscn5657\/\" data-orig-file=\"https:\/\/i0.wp.com\/www1.unicap.br\/assecom1\/wp-content\/uploads\/2013\/10\/DSCN5657.jpg?fit=4608%2C3456&amp;ssl=1\" data-orig-size=\"4608,3456\" data-comments-opened=\"1\" data-image-meta=\"{&quot;aperture&quot;:&quot;3.1&quot;,&quot;credit&quot;:&quot;&quot;,&quot;camera&quot;:&quot;COOLPIX L810&quot;,&quot;caption&quot;:&quot;&quot;,&quot;created_timestamp&quot;:&quot;&quot;,&quot;copyright&quot;:&quot;&quot;,&quot;focal_length&quot;:&quot;4&quot;,&quot;iso&quot;:&quot;320&quot;,&quot;shutter_speed&quot;:&quot;0.033333333333333&quot;,&quot;title&quot;:&quot;&quot;}\" data-image-title=\"\" data-image-description=\"\" data-medium-file=\"https:\/\/i0.wp.com\/www1.unicap.br\/assecom1\/wp-content\/uploads\/2013\/10\/DSCN5657.jpg?fit=300%2C225&amp;ssl=1\" data-large-file=\"https:\/\/i0.wp.com\/www1.unicap.br\/assecom1\/wp-content\/uploads\/2013\/10\/DSCN5657.jpg?fit=640%2C480&amp;ssl=1\" loading=\"lazy\" class=\"aligncenter size-large wp-image-43164\" alt=\"\" src=\"https:\/\/i0.wp.com\/www1.unicap.br\/assecom1\/wp-content\/uploads\/2013\/10\/DSCN5657.jpg?resize=640%2C480&#038;ssl=1\" srcset=\"https:\/\/i0.wp.com\/www1.unicap.br\/assecom1\/wp-content\/uploads\/2013\/10\/DSCN5657.jpg?resize=1024%2C768&amp;ssl=1 1024w, https:\/\/i0.wp.com\/www1.unicap.br\/assecom1\/wp-content\/uploads\/2013\/10\/DSCN5657.jpg?resize=300%2C225&amp;ssl=1 300w, https:\/\/i0.wp.com\/www1.unicap.br\/assecom1\/wp-content\/uploads\/2013\/10\/DSCN5657.jpg?w=1280&amp;ssl=1 1280w, https:\/\/i0.wp.com\/www1.unicap.br\/assecom1\/wp-content\/uploads\/2013\/10\/DSCN5657.jpg?w=1920&amp;ssl=1 1920w\" sizes=\"(max-width: 640px) 100vw, 640px\" data-recalc-dims=\"1\" \/><\/a><\/p>\n<p>A oficina de Linguagem Brasileira de Sinais (Libras) movimentou a manh\u00e3 desta sexta-feira (25) na programa\u00e7\u00e3o da 11\u00aaSiucs.\u00a0<span style=\"font-size: 13px; line-height: 19px;\">\u00a0A oficina foi ministrada pelo professor\u00a0<\/span><span style=\"font-size: 13px; line-height: 19px;\">M\u00e1rcio Assis.\u00a0<\/span><\/p>\n<p>Segundo ele, a lei no Brasil determina que o poder p\u00fablico e empresas concession\u00e1rias de servi\u00e7os p\u00fablicos devem difundir e garantir comunica\u00e7\u00e3o via Libras.<\/p>\n<p>A legisla\u00e7\u00e3o em vigor determina ainda que o Estado e concession\u00e1rias de sa\u00fade p\u00fablica s\u00e3o obrigados a prestar atendimento aos portadores de defici\u00eancia auditiva.<\/p>\n<p>Os sistemas educacionais federal, estadual e municipal s\u00e3o obrigados a incluir a Libras nos cursos de forma\u00e7\u00e3o de educa\u00e7\u00e3o especial, fonoaudiologia e no magist\u00e9rio.<\/p>\n<p>Ainda de acordo com M\u00e1rcio, \u00e9 dever do poder p\u00fablico garantir acesso e educa\u00e7\u00e3o para surdos nas escolas regulares de ensino.\u00a0A oficina teve carga hor\u00e1ria de seis horas de atividade complementar.<\/p>\n<p>&nbsp;<\/p>\n","protected":false},"excerpt":{"rendered":"<p>A oficina de Linguagem Brasileira de Sinais (Libras) movimentou a manh\u00e3 desta sexta-feira (25) na programa\u00e7\u00e3o da 11\u00aaSiucs.\u00a0\u00a0A oficina foi ministrada pelo professor\u00a0M\u00e1rcio Assis.\u00a0 Segundo ele, a lei no Brasil determina que o poder p\u00fablico e empresas concession\u00e1rias de servi\u00e7os p\u00fablicos devem difundir e garantir comunica\u00e7\u00e3o via Libras. A legisla\u00e7\u00e3o em vigor determina ainda que [&hellip;]<\/p>\n","protected":false},"author":52,"featured_media":43164,"comment_status":"open","ping_status":"open","sticky":false,"template":"","format":"standard","meta":[],"categories":[4],"tags":[],"jetpack-related-posts":[],"_links":{"self":[{"href":"https:\/\/www1.unicap.br\/assecom1\/wp-json\/wp\/v2\/posts\/43162"}],"collection":[{"href":"https:\/\/www1.unicap.br\/assecom1\/wp-json\/wp\/v2\/posts"}],"about":[{"href":"https:\/\/www1.unicap.br\/assecom1\/wp-json\/wp\/v2\/types\/post"}],"author":[{"embeddable":true,"href":"https:\/\/www1.unicap.br\/assecom1\/wp-json\/wp\/v2\/users\/52"}],"replies":[{"embeddable":true,"href":"https:\/\/www1.unicap.br\/assecom1\/wp-json\/wp\/v2\/comments?post=43162"}],"version-history":[{"count":5,"href":"https:\/\/www1.unicap.br\/assecom1\/wp-json\/wp\/v2\/posts\/43162\/revisions"}],"predecessor-version":[{"id":43204,"href":"https:\/\/www1.unicap.br\/assecom1\/wp-json\/wp\/v2\/posts\/43162\/revisions\/43204"}],"wp:featuredmedia":[{"embeddable":true,"href":"https:\/\/www1.unicap.br\/assecom1\/wp-json\/wp\/v2\/media\/43164"}],"wp:attachment":[{"href":"https:\/\/www1.unicap.br\/assecom1\/wp-json\/wp\/v2\/media?parent=43162"}],"wp:term":[{"taxonomy":"category","embeddable":true,"href":"https:\/\/www1.unicap.br\/assecom1\/wp-json\/wp\/v2\/categories?post=43162"},{"taxonomy":"post_tag","embeddable":true,"href":"https:\/\/www1.unicap.br\/assecom1\/wp-json\/wp\/v2\/tags?post=43162"}],"curies":[{"name":"wp","href":"https:\/\/api.w.org\/{rel}","templated":true}]}}