{"id":43030,"date":"2013-10-24T12:29:01","date_gmt":"2013-10-24T15:29:01","guid":{"rendered":"http:\/\/www.unicap.br\/assecom1\/?p=43030"},"modified":"2013-10-24T12:29:01","modified_gmt":"2013-10-24T15:29:01","slug":"centro-de-ciencias-e-tecnologia-oferece-oficinas-na-11a-semana-de-integracao","status":"publish","type":"post","link":"https:\/\/www1.unicap.br\/assecom1\/centro-de-ciencias-e-tecnologia-oferece-oficinas-na-11a-semana-de-integracao\/","title":{"rendered":"Centro de Ci\u00eancias e Tecnologia oferece oficinas na 11\u00aa Semana de Integra\u00e7\u00e3o"},"content":{"rendered":"<p style=\"text-align: center;\"><a href=\"https:\/\/i1.wp.com\/www1.unicap.br\/assecom1\/wp-content\/uploads\/2013\/10\/1395816_549207415148720_1776540436_n.jpg?ssl=1\"><img data-attachment-id=\"43043\" data-permalink=\"https:\/\/www1.unicap.br\/assecom1\/centro-de-ciencias-e-tecnologia-oferece-oficinas-na-11a-semana-de-integracao\/1395816_549207415148720_1776540436_n\/\" data-orig-file=\"https:\/\/i1.wp.com\/www1.unicap.br\/assecom1\/wp-content\/uploads\/2013\/10\/1395816_549207415148720_1776540436_n.jpg?fit=960%2C720&amp;ssl=1\" data-orig-size=\"960,720\" data-comments-opened=\"1\" data-image-meta=\"{&quot;aperture&quot;:&quot;0&quot;,&quot;credit&quot;:&quot;&quot;,&quot;camera&quot;:&quot;&quot;,&quot;caption&quot;:&quot;&quot;,&quot;created_timestamp&quot;:&quot;0&quot;,&quot;copyright&quot;:&quot;&quot;,&quot;focal_length&quot;:&quot;0&quot;,&quot;iso&quot;:&quot;0&quot;,&quot;shutter_speed&quot;:&quot;0&quot;,&quot;title&quot;:&quot;&quot;}\" data-image-title=\"1395816_549207415148720_1776540436_n\" data-image-description=\"\" data-medium-file=\"https:\/\/i1.wp.com\/www1.unicap.br\/assecom1\/wp-content\/uploads\/2013\/10\/1395816_549207415148720_1776540436_n.jpg?fit=300%2C225&amp;ssl=1\" data-large-file=\"https:\/\/i1.wp.com\/www1.unicap.br\/assecom1\/wp-content\/uploads\/2013\/10\/1395816_549207415148720_1776540436_n.jpg?fit=640%2C480&amp;ssl=1\" loading=\"lazy\" class=\"size-medium wp-image-43043 aligncenter\" alt=\"1395816_549207415148720_1776540436_n\" src=\"https:\/\/i1.wp.com\/www1.unicap.br\/assecom1\/wp-content\/uploads\/2013\/10\/1395816_549207415148720_1776540436_n.jpg?resize=300%2C225&#038;ssl=1\" srcset=\"https:\/\/i1.wp.com\/www1.unicap.br\/assecom1\/wp-content\/uploads\/2013\/10\/1395816_549207415148720_1776540436_n.jpg?resize=300%2C225&amp;ssl=1 300w, https:\/\/i1.wp.com\/www1.unicap.br\/assecom1\/wp-content\/uploads\/2013\/10\/1395816_549207415148720_1776540436_n.jpg?w=960&amp;ssl=1 960w\" sizes=\"(max-width: 300px) 100vw, 300px\" data-recalc-dims=\"1\" \/><\/a>Os cursos de Licenciatura Qu\u00edmica, Engenharia Qu\u00edmica e Engenharia Ambiental marcaram\u00a0presen\u00e7a, na tarde desta quarta-feira (23), na 11\u00aa Semana de Integra\u00e7\u00e3o\u00a0da Universidade Cat\u00f3lica de Pernambuco. As oficinas com os temas &#8220;Como cuidar da \u00e1gua do dia a dia&#8221;, ministrada pelo professor S\u00e9rgio Carvalho; e &#8220;Sab\u00e3o, detergente e xampu: quer saber como se faz?&#8221;, ministrada pelos alunos do Programa Institucional de Bolsas de Inicia\u00e7\u00e3o \u00e0 Doc\u00eancia (PIBID), ensinaram aos participantes a como reutilizar e economizar, de forma f\u00e1cil e pr\u00e1tica.<\/p>\n<p><a href=\"https:\/\/i0.wp.com\/www1.unicap.br\/assecom1\/wp-content\/uploads\/2013\/10\/1235471_549207601815368_1272166840_n.jpg?ssl=1\"><img data-attachment-id=\"43044\" data-permalink=\"https:\/\/www1.unicap.br\/assecom1\/centro-de-ciencias-e-tecnologia-oferece-oficinas-na-11a-semana-de-integracao\/1235471_549207601815368_1272166840_n\/\" data-orig-file=\"https:\/\/i0.wp.com\/www1.unicap.br\/assecom1\/wp-content\/uploads\/2013\/10\/1235471_549207601815368_1272166840_n.jpg?fit=960%2C720&amp;ssl=1\" data-orig-size=\"960,720\" data-comments-opened=\"1\" data-image-meta=\"{&quot;aperture&quot;:&quot;0&quot;,&quot;credit&quot;:&quot;&quot;,&quot;camera&quot;:&quot;&quot;,&quot;caption&quot;:&quot;&quot;,&quot;created_timestamp&quot;:&quot;0&quot;,&quot;copyright&quot;:&quot;&quot;,&quot;focal_length&quot;:&quot;0&quot;,&quot;iso&quot;:&quot;0&quot;,&quot;shutter_speed&quot;:&quot;0&quot;,&quot;title&quot;:&quot;&quot;}\" data-image-title=\"1235471_549207601815368_1272166840_n\" data-image-description=\"\" data-medium-file=\"https:\/\/i0.wp.com\/www1.unicap.br\/assecom1\/wp-content\/uploads\/2013\/10\/1235471_549207601815368_1272166840_n.jpg?fit=300%2C225&amp;ssl=1\" data-large-file=\"https:\/\/i0.wp.com\/www1.unicap.br\/assecom1\/wp-content\/uploads\/2013\/10\/1235471_549207601815368_1272166840_n.jpg?fit=640%2C480&amp;ssl=1\" loading=\"lazy\" class=\" wp-image-43044 alignleft\" alt=\"1235471_549207601815368_1272166840_n\" src=\"https:\/\/i0.wp.com\/www1.unicap.br\/assecom1\/wp-content\/uploads\/2013\/10\/1235471_549207601815368_1272166840_n.jpg?resize=210%2C158&#038;ssl=1\" srcset=\"https:\/\/i0.wp.com\/www1.unicap.br\/assecom1\/wp-content\/uploads\/2013\/10\/1235471_549207601815368_1272166840_n.jpg?resize=300%2C225&amp;ssl=1 300w, https:\/\/i0.wp.com\/www1.unicap.br\/assecom1\/wp-content\/uploads\/2013\/10\/1235471_549207601815368_1272166840_n.jpg?w=960&amp;ssl=1 960w\" sizes=\"(max-width: 210px) 100vw, 210px\" data-recalc-dims=\"1\" \/><\/a>Na oficina &#8220;Como cuidar da \u00e1gua do dia a dia&#8221;, foram discutidas quest\u00f5es relativas \u00e0 educa\u00e7\u00e3o ambiental, preocupa\u00e7\u00e3o com a escassez de \u00e1gua no planeta e a conscientiza\u00e7\u00e3o sobre o uso e reaproveitamento da mesma. Foram debatidas e mostradas pelo professor S\u00e9rgio diversas situa\u00e7\u00f5es onde o reutiliza\u00e7\u00e3o da \u00e1gua pode ser totalmente vi\u00e1vel, al\u00e9m de econ\u00f4mica.<\/p>\n<p>J\u00e1 na oficina &#8220;Sab\u00e3o, detergente e xampu: quer saber como se faz?&#8221;, os alunos do PIBID ensinaram os presentes<\/p>\n<p><img data-attachment-id=\"43048\" data-permalink=\"https:\/\/www1.unicap.br\/assecom1\/centro-de-ciencias-e-tecnologia-oferece-oficinas-na-11a-semana-de-integracao\/1377434_549207248482070_1848710575_n\/\" data-orig-file=\"https:\/\/i0.wp.com\/www1.unicap.br\/assecom1\/wp-content\/uploads\/2013\/10\/1377434_549207248482070_1848710575_n.jpg?fit=960%2C720&amp;ssl=1\" data-orig-size=\"960,720\" data-comments-opened=\"1\" data-image-meta=\"{&quot;aperture&quot;:&quot;0&quot;,&quot;credit&quot;:&quot;&quot;,&quot;camera&quot;:&quot;&quot;,&quot;caption&quot;:&quot;&quot;,&quot;created_timestamp&quot;:&quot;0&quot;,&quot;copyright&quot;:&quot;&quot;,&quot;focal_length&quot;:&quot;0&quot;,&quot;iso&quot;:&quot;0&quot;,&quot;shutter_speed&quot;:&quot;0&quot;,&quot;title&quot;:&quot;&quot;}\" data-image-title=\"1377434_549207248482070_1848710575_n\" data-image-description=\"\" data-medium-file=\"https:\/\/i0.wp.com\/www1.unicap.br\/assecom1\/wp-content\/uploads\/2013\/10\/1377434_549207248482070_1848710575_n.jpg?fit=300%2C225&amp;ssl=1\" data-large-file=\"https:\/\/i0.wp.com\/www1.unicap.br\/assecom1\/wp-content\/uploads\/2013\/10\/1377434_549207248482070_1848710575_n.jpg?fit=640%2C480&amp;ssl=1\" loading=\"lazy\" class=\" wp-image-43048 alignright\" alt=\"1377434_549207248482070_1848710575_n\" src=\"https:\/\/i0.wp.com\/www1.unicap.br\/assecom1\/wp-content\/uploads\/2013\/10\/1377434_549207248482070_1848710575_n.jpg?resize=147%2C111&#038;ssl=1\" srcset=\"https:\/\/i0.wp.com\/www1.unicap.br\/assecom1\/wp-content\/uploads\/2013\/10\/1377434_549207248482070_1848710575_n.jpg?resize=300%2C225&amp;ssl=1 300w, https:\/\/i0.wp.com\/www1.unicap.br\/assecom1\/wp-content\/uploads\/2013\/10\/1377434_549207248482070_1848710575_n.jpg?w=960&amp;ssl=1 960w\" sizes=\"(max-width: 147px) 100vw, 147px\" data-recalc-dims=\"1\" \/><\/p>\n<p>a como fazer sab\u00e3o, detergente e xampu, gastando pouco dinheiro com os materiais e reaproveitando alguns deles, como por exemplo o \u00f3leo de cozinha, que \u00e9 utilizado na fabrica\u00e7\u00e3o do sab\u00e3o em barra.\u00a0A professora de Licenciatura em Qu\u00edmica e orientadora do PIBID, L\u00facia Fernanda, frisou a\u00a0import\u00e2ncia da participa\u00e7\u00e3o dos alunos em atividades que t\u00eam uma rela\u00e7\u00e3o direta com a comunidade fora da Universidade: &#8220;Temos oito alunos de Licenciatura em Qu\u00edmica que participam do PIBID. Nosso objetivo \u00e9 trazer pr\u00e1ticas de f\u00e1cil manuseio e baixo custo para as escolas e a comunidade em geral&#8221;, enfatizou.<\/p>\n<p>A Semana de Integra\u00e7\u00e3o continua sua programa\u00e7\u00e3o nesta quinta-feira (24). Confira as pr\u00f3ximas atividades ligadas ao Centro de Ci\u00eancias e Tecnologia (CCT) pelo site:\u00a0<a href=\"http:\/\/www.unicap.br\/siucs\/?page_id=715\">http:\/\/www.unicap.br\/siucs\/?page_id=715<\/a><\/p>\n<p style=\"text-align: center;\">\n","protected":false},"excerpt":{"rendered":"<p>Os cursos de Licenciatura Qu\u00edmica, Engenharia Qu\u00edmica e Engenharia Ambiental marcaram\u00a0presen\u00e7a, na tarde desta quarta-feira (23), na 11\u00aa Semana de Integra\u00e7\u00e3o\u00a0da Universidade Cat\u00f3lica de Pernambuco. As oficinas com os temas &#8220;Como cuidar da \u00e1gua do dia a dia&#8221;, ministrada pelo professor S\u00e9rgio Carvalho; e &#8220;Sab\u00e3o, detergente e xampu: quer saber como se faz?&#8221;, ministrada pelos [&hellip;]<\/p>\n","protected":false},"author":51,"featured_media":43043,"comment_status":"open","ping_status":"open","sticky":false,"template":"","format":"standard","meta":[],"categories":[4],"tags":[],"jetpack-related-posts":[],"_links":{"self":[{"href":"https:\/\/www1.unicap.br\/assecom1\/wp-json\/wp\/v2\/posts\/43030"}],"collection":[{"href":"https:\/\/www1.unicap.br\/assecom1\/wp-json\/wp\/v2\/posts"}],"about":[{"href":"https:\/\/www1.unicap.br\/assecom1\/wp-json\/wp\/v2\/types\/post"}],"author":[{"embeddable":true,"href":"https:\/\/www1.unicap.br\/assecom1\/wp-json\/wp\/v2\/users\/51"}],"replies":[{"embeddable":true,"href":"https:\/\/www1.unicap.br\/assecom1\/wp-json\/wp\/v2\/comments?post=43030"}],"version-history":[{"count":7,"href":"https:\/\/www1.unicap.br\/assecom1\/wp-json\/wp\/v2\/posts\/43030\/revisions"}],"predecessor-version":[{"id":43111,"href":"https:\/\/www1.unicap.br\/assecom1\/wp-json\/wp\/v2\/posts\/43030\/revisions\/43111"}],"wp:featuredmedia":[{"embeddable":true,"href":"https:\/\/www1.unicap.br\/assecom1\/wp-json\/wp\/v2\/media\/43043"}],"wp:attachment":[{"href":"https:\/\/www1.unicap.br\/assecom1\/wp-json\/wp\/v2\/media?parent=43030"}],"wp:term":[{"taxonomy":"category","embeddable":true,"href":"https:\/\/www1.unicap.br\/assecom1\/wp-json\/wp\/v2\/categories?post=43030"},{"taxonomy":"post_tag","embeddable":true,"href":"https:\/\/www1.unicap.br\/assecom1\/wp-json\/wp\/v2\/tags?post=43030"}],"curies":[{"name":"wp","href":"https:\/\/api.w.org\/{rel}","templated":true}]}}