{"id":43013,"date":"2013-10-24T10:10:59","date_gmt":"2013-10-24T13:10:59","guid":{"rendered":"http:\/\/www.unicap.br\/assecom1\/?p=43013"},"modified":"2013-10-24T11:39:58","modified_gmt":"2013-10-24T14:39:58","slug":"abertura-da-siucs-recebe-francisco-jose-da-tv-globo","status":"publish","type":"post","link":"https:\/\/www1.unicap.br\/assecom1\/abertura-da-siucs-recebe-francisco-jose-da-tv-globo\/","title":{"rendered":"Jornalista da TV Globo Francisco Jos\u00e9 abre a 11\u00aa Semana de Integra\u00e7\u00e3o"},"content":{"rendered":"<figure id=\"attachment_43032\" aria-describedby=\"caption-attachment-43032\" style=\"width: 614px\" class=\"wp-caption alignleft\"><a href=\"https:\/\/i1.wp.com\/www1.unicap.br\/assecom1\/wp-content\/uploads\/2013\/10\/pmaia_assecom-13.jpg?ssl=1\"><img data-attachment-id=\"43032\" data-permalink=\"https:\/\/www1.unicap.br\/assecom1\/abertura-da-siucs-recebe-francisco-jose-da-tv-globo\/pmaia_assecom-13\/\" data-orig-file=\"https:\/\/i1.wp.com\/www1.unicap.br\/assecom1\/wp-content\/uploads\/2013\/10\/pmaia_assecom-13.jpg?fit=4046%2C2482&amp;ssl=1\" data-orig-size=\"4046,2482\" data-comments-opened=\"1\" data-image-meta=\"{&quot;aperture&quot;:&quot;4&quot;,&quot;credit&quot;:&quot;Paulo Maia&quot;,&quot;camera&quot;:&quot;Canon EOS 5D Mark III&quot;,&quot;caption&quot;:&quot;&quot;,&quot;created_timestamp&quot;:&quot;1382469320&quot;,&quot;copyright&quot;:&quot;&quot;,&quot;focal_length&quot;:&quot;105&quot;,&quot;iso&quot;:&quot;1600&quot;,&quot;shutter_speed&quot;:&quot;0.016666666666667&quot;,&quot;title&quot;:&quot;&quot;}\" data-image-title=\"\" data-image-description=\"\" data-medium-file=\"https:\/\/i1.wp.com\/www1.unicap.br\/assecom1\/wp-content\/uploads\/2013\/10\/pmaia_assecom-13.jpg?fit=300%2C184&amp;ssl=1\" data-large-file=\"https:\/\/i1.wp.com\/www1.unicap.br\/assecom1\/wp-content\/uploads\/2013\/10\/pmaia_assecom-13.jpg?fit=640%2C393&amp;ssl=1\" loading=\"lazy\" class=\" wp-image-43032 \" alt=\"Prof\u00aa Aline Grego, Francisco Jos\u00e9 e Pe. L\u00facio Fl\u00e1vio. Foto Paulo Maia.\" src=\"https:\/\/i1.wp.com\/www1.unicap.br\/assecom1\/wp-content\/uploads\/2013\/10\/pmaia_assecom-13.jpg?resize=614%2C377&#038;ssl=1\" srcset=\"https:\/\/i1.wp.com\/www1.unicap.br\/assecom1\/wp-content\/uploads\/2013\/10\/pmaia_assecom-13.jpg?resize=1024%2C628&amp;ssl=1 1024w, https:\/\/i1.wp.com\/www1.unicap.br\/assecom1\/wp-content\/uploads\/2013\/10\/pmaia_assecom-13.jpg?resize=300%2C184&amp;ssl=1 300w, https:\/\/i1.wp.com\/www1.unicap.br\/assecom1\/wp-content\/uploads\/2013\/10\/pmaia_assecom-13.jpg?w=1280&amp;ssl=1 1280w, https:\/\/i1.wp.com\/www1.unicap.br\/assecom1\/wp-content\/uploads\/2013\/10\/pmaia_assecom-13.jpg?w=1920&amp;ssl=1 1920w\" sizes=\"(max-width: 614px) 100vw, 614px\" data-recalc-dims=\"1\" \/><\/a><figcaption id=\"caption-attachment-43032\" class=\"wp-caption-text\">Prof\u00aa Aline Grego, Francisco Jos\u00e9 e Pe. L\u00facio Fl\u00e1vio. Foto Paulo Maia.<\/figcaption><\/figure>\n<p>A abertura da 11\u00aa Semana de Integra\u00e7\u00e3o Universidade Cat\u00f3lica e Sociedade, \u00a0na ter\u00e7a-feira (22)\u00a0\u00e0 noite , no audit\u00f3rio G2, foi marcada pela palestra do rep\u00f3rter especial da TV Globo Francisco Jos\u00e9. Contando bastidores de reportagens e exibindo trechos em v\u00eddeo, ele falou sobre sustentabilidade. A mesa foi composta ainda pela Pr\u00f3-reitora Acad\u00eamica, Prof.\u00aa Dr\u00aa Aline Grego; e pelo Pr\u00f3-reitor Comunit\u00e1rio, Prof. Dr. Padre L\u00facio Fl\u00e1vio Cirne. Eles representaram o Reitor, Prof. Dr. Padre Pedro Rubens, que est\u00e1 em f\u00e9rias.<\/p>\n<p>Chico Jos\u00e9 tem uma rela\u00e7\u00e3o especial com a Unicap, onde chegou a cursar Direito, mas as viagens pela emissora o fizeram n\u00e3o ter tempo para conclu\u00ed-lo. &#8220;Sou ex-aluno e todos os meus filhos estudaram aqui. Dois se formaram em Jornalismo e Direito e agora a mais nova est\u00e1 fazendo Arquitetura e Urbanismo&#8221;, ressaltou.<\/p>\n<p>A trajet\u00f3ria de Chico Jos\u00e9 no jornalismo ambiental tem tudo a ver com o tema da Siucs: <em>A\u00e7\u00f5es Inteligentes para uma vida sustent\u00e1vel. <\/em>O jornalista tem mais de duas mil reportagens, incluindo 89 <em>Globos Rep\u00f3rteres <\/em>nos cinco continentes. Os polos Norte e Sul e mergulhos nos sete mares j\u00e1 foram cen\u00e1rios de reportagens dele em 37 anos de Rede Globo.\u00a0<span style=\"font-size: 13px; line-height: 19px;\">\u00a0<\/span><\/p>\n<figure id=\"attachment_43050\" aria-describedby=\"caption-attachment-43050\" style=\"width: 430px\" class=\"wp-caption alignleft\"><a href=\"https:\/\/i1.wp.com\/www1.unicap.br\/assecom1\/wp-content\/uploads\/2013\/10\/IMG_9648.jpg?ssl=1\"><img data-attachment-id=\"43050\" data-permalink=\"https:\/\/www1.unicap.br\/assecom1\/abertura-da-siucs-recebe-francisco-jose-da-tv-globo\/img_9648\/\" data-orig-file=\"https:\/\/i1.wp.com\/www1.unicap.br\/assecom1\/wp-content\/uploads\/2013\/10\/IMG_9648.jpg?fit=5184%2C3456&amp;ssl=1\" data-orig-size=\"5184,3456\" data-comments-opened=\"1\" data-image-meta=\"{&quot;aperture&quot;:&quot;5&quot;,&quot;credit&quot;:&quot;&quot;,&quot;camera&quot;:&quot;Canon EOS REBEL T3i&quot;,&quot;caption&quot;:&quot;&quot;,&quot;created_timestamp&quot;:&quot;1382470602&quot;,&quot;copyright&quot;:&quot;&quot;,&quot;focal_length&quot;:&quot;42&quot;,&quot;iso&quot;:&quot;3200&quot;,&quot;shutter_speed&quot;:&quot;0.016666666666667&quot;,&quot;title&quot;:&quot;&quot;}\" data-image-title=\"IMG_9648\" data-image-description=\"\" data-medium-file=\"https:\/\/i1.wp.com\/www1.unicap.br\/assecom1\/wp-content\/uploads\/2013\/10\/IMG_9648.jpg?fit=300%2C200&amp;ssl=1\" data-large-file=\"https:\/\/i1.wp.com\/www1.unicap.br\/assecom1\/wp-content\/uploads\/2013\/10\/IMG_9648.jpg?fit=640%2C426&amp;ssl=1\" loading=\"lazy\" class=\"wp-image-43050 \" alt=\"Chico recebeu uma camisa da loja da Fasa feita com poli\u00e9ster reciclado de garrafas pet. Foto: Taisa Tavares \" src=\"https:\/\/i1.wp.com\/www1.unicap.br\/assecom1\/wp-content\/uploads\/2013\/10\/IMG_9648.jpg?resize=430%2C286&#038;ssl=1\" srcset=\"https:\/\/i1.wp.com\/www1.unicap.br\/assecom1\/wp-content\/uploads\/2013\/10\/IMG_9648.jpg?resize=1024%2C682&amp;ssl=1 1024w, https:\/\/i1.wp.com\/www1.unicap.br\/assecom1\/wp-content\/uploads\/2013\/10\/IMG_9648.jpg?resize=300%2C200&amp;ssl=1 300w, https:\/\/i1.wp.com\/www1.unicap.br\/assecom1\/wp-content\/uploads\/2013\/10\/IMG_9648.jpg?w=1280&amp;ssl=1 1280w, https:\/\/i1.wp.com\/www1.unicap.br\/assecom1\/wp-content\/uploads\/2013\/10\/IMG_9648.jpg?w=1920&amp;ssl=1 1920w\" sizes=\"(max-width: 430px) 100vw, 430px\" data-recalc-dims=\"1\" \/><\/a><figcaption id=\"caption-attachment-43050\" class=\"wp-caption-text\">Foto: Taisa Tavares<\/figcaption><\/figure>\n<p><span style=\"font-size: 13px; line-height: 19px;\">O jornalista deu exemplos das consequ\u00eancias da interfer\u00eancia humana no meio ambiente. Em um deles, Chico citou o exemplo africano da proibi\u00e7\u00e3o da ca\u00e7a de elefantes que, num passado recente, explorava predatoriamente o marfim de suas presas.<\/span><\/p>\n<p>&#8220;Hoje os nativos atuam como guia em saf\u00e1ris que s\u00f3 mostram os animais aos turistas. Eles est\u00e3o ganhando mais dinheiro, em contato com outros idiomas, evoluindo econ\u00f4mica e culturalmente. \u00c9 a prova de que os animais valem mais vivos do que mortos&#8221;.<\/p>\n<dl class=\"wp-caption alignright\" id=\"attachment_43051\" style=\"width: 210px;\">\n<dt class=\"wp-caption-dt\" style=\"display: inline !important;\"><a href=\"https:\/\/i2.wp.com\/www1.unicap.br\/assecom1\/wp-content\/uploads\/2013\/10\/IMG_9662.jpg?ssl=1\"><img data-attachment-id=\"43051\" data-permalink=\"https:\/\/www1.unicap.br\/assecom1\/abertura-da-siucs-recebe-francisco-jose-da-tv-globo\/img_9662\/\" data-orig-file=\"https:\/\/i2.wp.com\/www1.unicap.br\/assecom1\/wp-content\/uploads\/2013\/10\/IMG_9662.jpg?fit=3456%2C5184&amp;ssl=1\" data-orig-size=\"3456,5184\" data-comments-opened=\"1\" data-image-meta=\"{&quot;aperture&quot;:&quot;5.6&quot;,&quot;credit&quot;:&quot;&quot;,&quot;camera&quot;:&quot;Canon EOS REBEL T3i&quot;,&quot;caption&quot;:&quot;&quot;,&quot;created_timestamp&quot;:&quot;1382470694&quot;,&quot;copyright&quot;:&quot;&quot;,&quot;focal_length&quot;:&quot;55&quot;,&quot;iso&quot;:&quot;3200&quot;,&quot;shutter_speed&quot;:&quot;0.016666666666667&quot;,&quot;title&quot;:&quot;&quot;}\" data-image-title=\"IMG_9662\" data-image-description=\"\" data-medium-file=\"https:\/\/i2.wp.com\/www1.unicap.br\/assecom1\/wp-content\/uploads\/2013\/10\/IMG_9662.jpg?fit=200%2C300&amp;ssl=1\" data-large-file=\"https:\/\/i2.wp.com\/www1.unicap.br\/assecom1\/wp-content\/uploads\/2013\/10\/IMG_9662.jpg?fit=640%2C961&amp;ssl=1\" loading=\"lazy\" class=\"size-medium wp-image-43051   \" alt=\"Foto: Taisa Tavares\" src=\"https:\/\/i2.wp.com\/www1.unicap.br\/assecom1\/wp-content\/uploads\/2013\/10\/IMG_9662.jpg?resize=200%2C300&#038;ssl=1\" srcset=\"https:\/\/i2.wp.com\/www1.unicap.br\/assecom1\/wp-content\/uploads\/2013\/10\/IMG_9662.jpg?resize=200%2C300&amp;ssl=1 200w, https:\/\/i2.wp.com\/www1.unicap.br\/assecom1\/wp-content\/uploads\/2013\/10\/IMG_9662.jpg?resize=682%2C1024&amp;ssl=1 682w, https:\/\/i2.wp.com\/www1.unicap.br\/assecom1\/wp-content\/uploads\/2013\/10\/IMG_9662.jpg?w=1280&amp;ssl=1 1280w, https:\/\/i2.wp.com\/www1.unicap.br\/assecom1\/wp-content\/uploads\/2013\/10\/IMG_9662.jpg?w=1920&amp;ssl=1 1920w\" sizes=\"(max-width: 200px) 100vw, 200px\" data-recalc-dims=\"1\" \/><\/a><\/dt>\n<\/dl>\n<p>Chico criticou o poder p\u00fablico brasileiro em rela\u00e7\u00e3o a pr\u00e1ticas de sustentabilidade. &#8220;Os governos, sejam eles estaduais, municipais ou federais, n\u00e3o t\u00eam pol\u00edticas voltadas para proteger o meio ambiente. Pelo contr\u00e1rio, eles saem autorizando todo tipo de projeto e as matas v\u00e3o sumindo, v\u00e3o desaparecendo\u201d. Chico recebeu de presente uma camisa da Fasa feita com poli\u00e9ster reciclado de garrafas pet.<\/p>\n<p><span style=\"font-size: 13px; line-height: 19px;\">A Siucs continua at\u00e9 a pr\u00f3xima sexta-feira (25). Para mais informa\u00e7\u00f5es, acesse: <\/span><a style=\"font-size: 13px; line-height: 19px;\" href=\"www.unicap.br\/siucs\">www.unicap.br\/siucs<\/a><\/p>\n","protected":false},"excerpt":{"rendered":"<p>A abertura da 11\u00aa Semana de Integra\u00e7\u00e3o Universidade Cat\u00f3lica e Sociedade, \u00a0na ter\u00e7a-feira (22)\u00a0\u00e0 noite , no audit\u00f3rio G2, foi marcada pela palestra do rep\u00f3rter especial da TV Globo Francisco Jos\u00e9. Contando bastidores de reportagens e exibindo trechos em v\u00eddeo, ele falou sobre sustentabilidade. A mesa foi composta ainda pela Pr\u00f3-reitora Acad\u00eamica, Prof.\u00aa Dr\u00aa Aline [&hellip;]<\/p>\n","protected":false},"author":53,"featured_media":43032,"comment_status":"open","ping_status":"open","sticky":false,"template":"","format":"standard","meta":[],"categories":[286,4],"tags":[],"jetpack-related-posts":[],"_links":{"self":[{"href":"https:\/\/www1.unicap.br\/assecom1\/wp-json\/wp\/v2\/posts\/43013"}],"collection":[{"href":"https:\/\/www1.unicap.br\/assecom1\/wp-json\/wp\/v2\/posts"}],"about":[{"href":"https:\/\/www1.unicap.br\/assecom1\/wp-json\/wp\/v2\/types\/post"}],"author":[{"embeddable":true,"href":"https:\/\/www1.unicap.br\/assecom1\/wp-json\/wp\/v2\/users\/53"}],"replies":[{"embeddable":true,"href":"https:\/\/www1.unicap.br\/assecom1\/wp-json\/wp\/v2\/comments?post=43013"}],"version-history":[{"count":20,"href":"https:\/\/www1.unicap.br\/assecom1\/wp-json\/wp\/v2\/posts\/43013\/revisions"}],"predecessor-version":[{"id":43089,"href":"https:\/\/www1.unicap.br\/assecom1\/wp-json\/wp\/v2\/posts\/43013\/revisions\/43089"}],"wp:featuredmedia":[{"embeddable":true,"href":"https:\/\/www1.unicap.br\/assecom1\/wp-json\/wp\/v2\/media\/43032"}],"wp:attachment":[{"href":"https:\/\/www1.unicap.br\/assecom1\/wp-json\/wp\/v2\/media?parent=43013"}],"wp:term":[{"taxonomy":"category","embeddable":true,"href":"https:\/\/www1.unicap.br\/assecom1\/wp-json\/wp\/v2\/categories?post=43013"},{"taxonomy":"post_tag","embeddable":true,"href":"https:\/\/www1.unicap.br\/assecom1\/wp-json\/wp\/v2\/tags?post=43013"}],"curies":[{"name":"wp","href":"https:\/\/api.w.org\/{rel}","templated":true}]}}