{"id":42960,"date":"2013-10-23T14:56:31","date_gmt":"2013-10-23T17:56:31","guid":{"rendered":"http:\/\/www.unicap.br\/assecom1\/?p=42960"},"modified":"2013-10-23T14:56:31","modified_gmt":"2013-10-23T17:56:31","slug":"oficinas-do-2o-encontro-fotovideo-tem-inicio-no-primeiro-dia-da-11a-semana-de-integracao-da-catolica","status":"publish","type":"post","link":"https:\/\/www1.unicap.br\/assecom1\/oficinas-do-2o-encontro-fotovideo-tem-inicio-no-primeiro-dia-da-11a-semana-de-integracao-da-catolica\/","title":{"rendered":"Oficinas do 2\u00ba Encontro FotoV\u00eddeo t\u00eam in\u00edcio no primeiro dia da 11\u00aa Semana de Integra\u00e7\u00e3o da Cat\u00f3lica"},"content":{"rendered":"<p style=\"text-align: center;\"><a href=\"https:\/\/i2.wp.com\/www1.unicap.br\/assecom1\/wp-content\/uploads\/2013\/10\/DSC1446.jpg?ssl=1\"><img data-attachment-id=\"42961\" data-permalink=\"https:\/\/www1.unicap.br\/assecom1\/oficinas-do-2o-encontro-fotovideo-tem-inicio-no-primeiro-dia-da-11a-semana-de-integracao-da-catolica\/_dsc1446\/\" data-orig-file=\"https:\/\/i2.wp.com\/www1.unicap.br\/assecom1\/wp-content\/uploads\/2013\/10\/DSC1446.jpg?fit=4288%2C2848&amp;ssl=1\" data-orig-size=\"4288,2848\" data-comments-opened=\"1\" data-image-meta=\"{&quot;aperture&quot;:&quot;4&quot;,&quot;credit&quot;:&quot;&quot;,&quot;camera&quot;:&quot;NIKON D90&quot;,&quot;caption&quot;:&quot;&quot;,&quot;created_timestamp&quot;:&quot;1382394366&quot;,&quot;copyright&quot;:&quot;&quot;,&quot;focal_length&quot;:&quot;18&quot;,&quot;iso&quot;:&quot;400&quot;,&quot;shutter_speed&quot;:&quot;0.033333333333333&quot;,&quot;title&quot;:&quot;&quot;}\" data-image-title=\"_DSC1446\" data-image-description=\"\" data-medium-file=\"https:\/\/i2.wp.com\/www1.unicap.br\/assecom1\/wp-content\/uploads\/2013\/10\/DSC1446.jpg?fit=300%2C199&amp;ssl=1\" data-large-file=\"https:\/\/i2.wp.com\/www1.unicap.br\/assecom1\/wp-content\/uploads\/2013\/10\/DSC1446.jpg?fit=640%2C425&amp;ssl=1\" loading=\"lazy\" class=\"size-medium wp-image-42961 aligncenter\" alt=\"_DSC1446\" src=\"https:\/\/i2.wp.com\/www1.unicap.br\/assecom1\/wp-content\/uploads\/2013\/10\/DSC1446.jpg?resize=300%2C199&#038;ssl=1\" srcset=\"https:\/\/i2.wp.com\/www1.unicap.br\/assecom1\/wp-content\/uploads\/2013\/10\/DSC1446.jpg?resize=300%2C200&amp;ssl=1 300w, https:\/\/i2.wp.com\/www1.unicap.br\/assecom1\/wp-content\/uploads\/2013\/10\/DSC1446.jpg?resize=1024%2C680&amp;ssl=1 1024w, https:\/\/i2.wp.com\/www1.unicap.br\/assecom1\/wp-content\/uploads\/2013\/10\/DSC1446.jpg?w=1280&amp;ssl=1 1280w, https:\/\/i2.wp.com\/www1.unicap.br\/assecom1\/wp-content\/uploads\/2013\/10\/DSC1446.jpg?w=1920&amp;ssl=1 1920w\" sizes=\"(max-width: 300px) 100vw, 300px\" data-recalc-dims=\"1\" \/><\/a>O primeiro dia da 11\u00aa Semana de Integra\u00e7\u00e3o da Universidade Cat\u00f3lica de Pernambuco foi marcado pelo in\u00edcio do 2\u00b0 Encontro FotoV\u00eddeo.\u00a0Durante a manh\u00e3 e a tarde desta ter\u00e7a-feira (22), foram iniciadas as oficinas de Diagrama\u00e7\u00e3o de \u00c1lbum, com a professora Romena Reis; Passo a passo na Cobertura de Casamento, com o professor Daniel Fons\u00eaca; Captura de V\u00eddeo em HDSLR, com a rep\u00f3rter cinematogr\u00e1fica Kety Marinho; Captura de V\u00eddeo em HDSLR em Document\u00e1rio, com a jornalista e documentarista Maria Eduarda Andrade; e Edi\u00e7\u00e3o de V\u00eddeo, com o professor Zito Barbosa.<\/p>\n<p style=\"text-align: left;\"><a href=\"https:\/\/i0.wp.com\/www1.unicap.br\/assecom1\/wp-content\/uploads\/2013\/10\/DSC1491.jpg?ssl=1\"><img data-attachment-id=\"42963\" data-permalink=\"https:\/\/www1.unicap.br\/assecom1\/oficinas-do-2o-encontro-fotovideo-tem-inicio-no-primeiro-dia-da-11a-semana-de-integracao-da-catolica\/_dsc1491\/\" data-orig-file=\"https:\/\/i0.wp.com\/www1.unicap.br\/assecom1\/wp-content\/uploads\/2013\/10\/DSC1491.jpg?fit=4288%2C2848&amp;ssl=1\" data-orig-size=\"4288,2848\" data-comments-opened=\"1\" data-image-meta=\"{&quot;aperture&quot;:&quot;4.5&quot;,&quot;credit&quot;:&quot;&quot;,&quot;camera&quot;:&quot;NIKON D90&quot;,&quot;caption&quot;:&quot;&quot;,&quot;created_timestamp&quot;:&quot;1382402056&quot;,&quot;copyright&quot;:&quot;&quot;,&quot;focal_length&quot;:&quot;18&quot;,&quot;iso&quot;:&quot;400&quot;,&quot;shutter_speed&quot;:&quot;0.00625&quot;,&quot;title&quot;:&quot;&quot;}\" data-image-title=\"_DSC1491\" data-image-description=\"\" data-medium-file=\"https:\/\/i0.wp.com\/www1.unicap.br\/assecom1\/wp-content\/uploads\/2013\/10\/DSC1491.jpg?fit=300%2C199&amp;ssl=1\" data-large-file=\"https:\/\/i0.wp.com\/www1.unicap.br\/assecom1\/wp-content\/uploads\/2013\/10\/DSC1491.jpg?fit=640%2C425&amp;ssl=1\" loading=\"lazy\" class=\" wp-image-42963 alignleft\" alt=\"_DSC1491\" src=\"https:\/\/i0.wp.com\/www1.unicap.br\/assecom1\/wp-content\/uploads\/2013\/10\/DSC1491.jpg?resize=240%2C159&#038;ssl=1\" srcset=\"https:\/\/i0.wp.com\/www1.unicap.br\/assecom1\/wp-content\/uploads\/2013\/10\/DSC1491.jpg?resize=300%2C200&amp;ssl=1 300w, https:\/\/i0.wp.com\/www1.unicap.br\/assecom1\/wp-content\/uploads\/2013\/10\/DSC1491.jpg?resize=1024%2C680&amp;ssl=1 1024w, https:\/\/i0.wp.com\/www1.unicap.br\/assecom1\/wp-content\/uploads\/2013\/10\/DSC1491.jpg?w=1280&amp;ssl=1 1280w, https:\/\/i0.wp.com\/www1.unicap.br\/assecom1\/wp-content\/uploads\/2013\/10\/DSC1491.jpg?w=1920&amp;ssl=1 1920w\" sizes=\"(max-width: 240px) 100vw, 240px\" data-recalc-dims=\"1\" \/><\/a>Na parte da manh\u00e3, a oficina ministrada pela jornalista e documentarista Maria Eduarda Andrade proporcionou aos presentes um acompanhamento real do que \u00e9 e de como fazer um v\u00eddeo documental, atrav\u00e9s de caracter\u00edsticas t\u00e9cnicas e da sua experi\u00eancia na \u00e1rea. Foram exibidos v\u00eddeos produzidos pela jornalista, al\u00e9m de ser discutida qual a import\u00e2ncia dos equipamentos necess\u00e1rios para a produ\u00e7\u00e3o de v\u00eddeo com c\u00e2meras fotogr\u00e1ficas. Para Eduarda, independentemente do material fotogr\u00e1fico utilizado nas grava\u00e7\u00f5es, o que realmente importa \u00e9 o olhar diferenciado sobre os acontecimentos cotidianos.<\/p>\n<p style=\"text-align: left;\"><a href=\"https:\/\/i2.wp.com\/www1.unicap.br\/assecom1\/wp-content\/uploads\/2013\/10\/DSC1456.jpg?ssl=1\"><img data-attachment-id=\"42962\" data-permalink=\"https:\/\/www1.unicap.br\/assecom1\/oficinas-do-2o-encontro-fotovideo-tem-inicio-no-primeiro-dia-da-11a-semana-de-integracao-da-catolica\/_dsc1456\/\" data-orig-file=\"https:\/\/i2.wp.com\/www1.unicap.br\/assecom1\/wp-content\/uploads\/2013\/10\/DSC1456.jpg?fit=4288%2C2848&amp;ssl=1\" data-orig-size=\"4288,2848\" data-comments-opened=\"1\" data-image-meta=\"{&quot;aperture&quot;:&quot;5&quot;,&quot;credit&quot;:&quot;&quot;,&quot;camera&quot;:&quot;NIKON D90&quot;,&quot;caption&quot;:&quot;&quot;,&quot;created_timestamp&quot;:&quot;1382395337&quot;,&quot;copyright&quot;:&quot;&quot;,&quot;focal_length&quot;:&quot;52&quot;,&quot;iso&quot;:&quot;400&quot;,&quot;shutter_speed&quot;:&quot;0.033333333333333&quot;,&quot;title&quot;:&quot;&quot;}\" data-image-title=\"_DSC1456\" data-image-description=\"\" data-medium-file=\"https:\/\/i2.wp.com\/www1.unicap.br\/assecom1\/wp-content\/uploads\/2013\/10\/DSC1456.jpg?fit=300%2C199&amp;ssl=1\" data-large-file=\"https:\/\/i2.wp.com\/www1.unicap.br\/assecom1\/wp-content\/uploads\/2013\/10\/DSC1456.jpg?fit=640%2C425&amp;ssl=1\" loading=\"lazy\" class=\" wp-image-42962 alignright\" alt=\"_DSC1456\" src=\"https:\/\/i2.wp.com\/www1.unicap.br\/assecom1\/wp-content\/uploads\/2013\/10\/DSC1456.jpg?resize=210%2C139&#038;ssl=1\" srcset=\"https:\/\/i2.wp.com\/www1.unicap.br\/assecom1\/wp-content\/uploads\/2013\/10\/DSC1456.jpg?resize=300%2C200&amp;ssl=1 300w, https:\/\/i2.wp.com\/www1.unicap.br\/assecom1\/wp-content\/uploads\/2013\/10\/DSC1456.jpg?resize=1024%2C680&amp;ssl=1 1024w, https:\/\/i2.wp.com\/www1.unicap.br\/assecom1\/wp-content\/uploads\/2013\/10\/DSC1456.jpg?w=1280&amp;ssl=1 1280w, https:\/\/i2.wp.com\/www1.unicap.br\/assecom1\/wp-content\/uploads\/2013\/10\/DSC1456.jpg?w=1920&amp;ssl=1 1920w\" sizes=\"(max-width: 210px) 100vw, 210px\" data-recalc-dims=\"1\" \/><\/a>J\u00e1 na parte da tarde, a rep\u00f3rter cinematogr\u00e1fica Kety Marinho come\u00e7ou a oficina de Captura de V\u00eddeo explicando qual o significado da sigla HDSLR, que s\u00e3o as c\u00e2meras fotogr\u00e1ficas \u00a0digitais e capazes de filmar em qualidade <em>High Definition<\/em> (HD). Logo ap\u00f3s o esclarecimento desta defini\u00e7\u00e3o, foi a vez de Kety fazer uma introdu\u00e7\u00e3o \u00e0 fotografia, abordando por exemplo, conceitos de luz, velocidade do diafragma e cor. O uso da luz e o enquadramento ideal para diferentes situa\u00e7\u00f5es a serem registradas tamb\u00e9m foram temas discutidos.<\/p>\n<p style=\"text-align: left;\">O 2\u00b0 Encontro FotoV\u00eddeo\u00a0tem como objetivo discutir a fotografia contempor\u00e2nea e oferece durante toda a Semana de Integra\u00e7\u00e3o nove oficinas e tr\u00eas palestras abertas ao p\u00fablico. Para mais informa\u00e7\u00f5es sobre as palestras que acontecem nas pr\u00f3ximas quarta (23) e quinta-feira (24), acesse:\u00a0<a href=\"http:\/\/www.unicap.br\/galeria\/pages\/wp-content\/uploads\/2013\/10\/cartaz-foto.jpg\">http:\/\/www.unicap.br\/galeria\/pages\/wp-content\/uploads\/2013\/10\/cartaz-foto.jpg<\/a><\/p>\n","protected":false},"excerpt":{"rendered":"<p>O primeiro dia da 11\u00aa Semana de Integra\u00e7\u00e3o da Universidade Cat\u00f3lica de Pernambuco foi marcado pelo in\u00edcio do 2\u00b0 Encontro FotoV\u00eddeo.\u00a0Durante a manh\u00e3 e a tarde desta ter\u00e7a-feira (22), foram iniciadas as oficinas de Diagrama\u00e7\u00e3o de \u00c1lbum, com a professora Romena Reis; Passo a passo na Cobertura de Casamento, com o professor Daniel Fons\u00eaca; Captura [&hellip;]<\/p>\n","protected":false},"author":51,"featured_media":42961,"comment_status":"open","ping_status":"open","sticky":false,"template":"","format":"standard","meta":[],"categories":[4],"tags":[],"jetpack-related-posts":[],"_links":{"self":[{"href":"https:\/\/www1.unicap.br\/assecom1\/wp-json\/wp\/v2\/posts\/42960"}],"collection":[{"href":"https:\/\/www1.unicap.br\/assecom1\/wp-json\/wp\/v2\/posts"}],"about":[{"href":"https:\/\/www1.unicap.br\/assecom1\/wp-json\/wp\/v2\/types\/post"}],"author":[{"embeddable":true,"href":"https:\/\/www1.unicap.br\/assecom1\/wp-json\/wp\/v2\/users\/51"}],"replies":[{"embeddable":true,"href":"https:\/\/www1.unicap.br\/assecom1\/wp-json\/wp\/v2\/comments?post=42960"}],"version-history":[{"count":6,"href":"https:\/\/www1.unicap.br\/assecom1\/wp-json\/wp\/v2\/posts\/42960\/revisions"}],"predecessor-version":[{"id":42994,"href":"https:\/\/www1.unicap.br\/assecom1\/wp-json\/wp\/v2\/posts\/42960\/revisions\/42994"}],"wp:featuredmedia":[{"embeddable":true,"href":"https:\/\/www1.unicap.br\/assecom1\/wp-json\/wp\/v2\/media\/42961"}],"wp:attachment":[{"href":"https:\/\/www1.unicap.br\/assecom1\/wp-json\/wp\/v2\/media?parent=42960"}],"wp:term":[{"taxonomy":"category","embeddable":true,"href":"https:\/\/www1.unicap.br\/assecom1\/wp-json\/wp\/v2\/categories?post=42960"},{"taxonomy":"post_tag","embeddable":true,"href":"https:\/\/www1.unicap.br\/assecom1\/wp-json\/wp\/v2\/tags?post=42960"}],"curies":[{"name":"wp","href":"https:\/\/api.w.org\/{rel}","templated":true}]}}