{"id":42942,"date":"2013-10-22T14:34:02","date_gmt":"2013-10-22T17:34:02","guid":{"rendered":"http:\/\/www.unicap.br\/assecom1\/?p=42942"},"modified":"2013-10-22T14:34:02","modified_gmt":"2013-10-22T17:34:02","slug":"curso-de-jornalismo-lamenta-morte-do-ex-coordenador-roberto-benjamin","status":"publish","type":"post","link":"https:\/\/www1.unicap.br\/assecom1\/curso-de-jornalismo-lamenta-morte-do-ex-coordenador-roberto-benjamin\/","title":{"rendered":"Curso de Jornalismo lamenta morte do ex-coordenador Roberto Benjamin"},"content":{"rendered":"<p><span style=\"font-family: Arial,Helvetica;\">O curso de Jornalismo da Universidade Cat\u00f3lica de Pernambuco lamenta o falecimento do seu ex-aluno, ex-professor e ex-coordenador de curso Roberto Benjamin. Seguidor fiel de Luiz Beltr\u00e3o, Benjamin integrou a primeira turma de concluintes em Jornalismo da Cat\u00f3lica (1963) e se tornou uma das maiores refer\u00eancias na \u00e1rea de Folkcomunica\u00e7\u00e3o no Brasil. Ele faleceu neste fim de semana.<\/span><\/p>\n","protected":false},"excerpt":{"rendered":"<p>O curso de Jornalismo da Universidade Cat\u00f3lica de Pernambuco lamenta o falecimento do seu ex-aluno, ex-professor e ex-coordenador de curso Roberto Benjamin. Seguidor fiel de Luiz Beltr\u00e3o, Benjamin integrou a primeira turma de concluintes em Jornalismo da Cat\u00f3lica (1963) e se tornou uma das maiores refer\u00eancias na \u00e1rea de Folkcomunica\u00e7\u00e3o no Brasil. Ele faleceu neste [&hellip;]<\/p>\n","protected":false},"author":2,"featured_media":0,"comment_status":"open","ping_status":"open","sticky":false,"template":"","format":"standard","meta":[],"categories":[4],"tags":[],"jetpack-related-posts":[],"_links":{"self":[{"href":"https:\/\/www1.unicap.br\/assecom1\/wp-json\/wp\/v2\/posts\/42942"}],"collection":[{"href":"https:\/\/www1.unicap.br\/assecom1\/wp-json\/wp\/v2\/posts"}],"about":[{"href":"https:\/\/www1.unicap.br\/assecom1\/wp-json\/wp\/v2\/types\/post"}],"author":[{"embeddable":true,"href":"https:\/\/www1.unicap.br\/assecom1\/wp-json\/wp\/v2\/users\/2"}],"replies":[{"embeddable":true,"href":"https:\/\/www1.unicap.br\/assecom1\/wp-json\/wp\/v2\/comments?post=42942"}],"version-history":[{"count":1,"href":"https:\/\/www1.unicap.br\/assecom1\/wp-json\/wp\/v2\/posts\/42942\/revisions"}],"predecessor-version":[{"id":42943,"href":"https:\/\/www1.unicap.br\/assecom1\/wp-json\/wp\/v2\/posts\/42942\/revisions\/42943"}],"wp:attachment":[{"href":"https:\/\/www1.unicap.br\/assecom1\/wp-json\/wp\/v2\/media?parent=42942"}],"wp:term":[{"taxonomy":"category","embeddable":true,"href":"https:\/\/www1.unicap.br\/assecom1\/wp-json\/wp\/v2\/categories?post=42942"},{"taxonomy":"post_tag","embeddable":true,"href":"https:\/\/www1.unicap.br\/assecom1\/wp-json\/wp\/v2\/tags?post=42942"}],"curies":[{"name":"wp","href":"https:\/\/api.w.org\/{rel}","templated":true}]}}