{"id":42910,"date":"2013-10-18T18:44:15","date_gmt":"2013-10-18T21:44:15","guid":{"rendered":"http:\/\/www.unicap.br\/assecom1\/?p=42910"},"modified":"2013-10-18T23:39:36","modified_gmt":"2013-10-19T02:39:36","slug":"catolica-promove-vi-encontro-de-literatura-infantojuvenil","status":"publish","type":"post","link":"https:\/\/www1.unicap.br\/assecom1\/catolica-promove-vi-encontro-de-literatura-infantojuvenil\/","title":{"rendered":"Cat\u00f3lica promove VI Encontro de Literatura Infantojuvenil"},"content":{"rendered":"<p><a href=\"https:\/\/i2.wp.com\/www1.unicap.br\/assecom1\/wp-content\/uploads\/2013\/10\/lieraura-top.jpg?ssl=1\"><img data-attachment-id=\"42912\" data-permalink=\"https:\/\/www1.unicap.br\/assecom1\/catolica-promove-vi-encontro-de-literatura-infantojuvenil\/lieraura-top\/\" data-orig-file=\"https:\/\/i2.wp.com\/www1.unicap.br\/assecom1\/wp-content\/uploads\/2013\/10\/lieraura-top.jpg?fit=500%2C246&amp;ssl=1\" data-orig-size=\"500,246\" data-comments-opened=\"1\" data-image-meta=\"{&quot;aperture&quot;:&quot;0&quot;,&quot;credit&quot;:&quot;&quot;,&quot;camera&quot;:&quot;&quot;,&quot;caption&quot;:&quot;&quot;,&quot;created_timestamp&quot;:&quot;0&quot;,&quot;copyright&quot;:&quot;&quot;,&quot;focal_length&quot;:&quot;0&quot;,&quot;iso&quot;:&quot;0&quot;,&quot;shutter_speed&quot;:&quot;0&quot;,&quot;title&quot;:&quot;&quot;}\" data-image-title=\"lieraura-top\" data-image-description=\"\" data-medium-file=\"https:\/\/i2.wp.com\/www1.unicap.br\/assecom1\/wp-content\/uploads\/2013\/10\/lieraura-top.jpg?fit=300%2C147&amp;ssl=1\" data-large-file=\"https:\/\/i2.wp.com\/www1.unicap.br\/assecom1\/wp-content\/uploads\/2013\/10\/lieraura-top.jpg?fit=500%2C246&amp;ssl=1\" loading=\"lazy\" class=\"alignnone size-full wp-image-42912\" alt=\"lieraura-top\" src=\"https:\/\/i2.wp.com\/www1.unicap.br\/assecom1\/wp-content\/uploads\/2013\/10\/lieraura-top.jpg?resize=500%2C246&#038;ssl=1\" srcset=\"https:\/\/i2.wp.com\/www1.unicap.br\/assecom1\/wp-content\/uploads\/2013\/10\/lieraura-top.jpg?w=500&amp;ssl=1 500w, https:\/\/i2.wp.com\/www1.unicap.br\/assecom1\/wp-content\/uploads\/2013\/10\/lieraura-top.jpg?resize=300%2C147&amp;ssl=1 300w\" sizes=\"(max-width: 500px) 100vw, 500px\" data-recalc-dims=\"1\" \/><\/a><\/p>\n<p>Marco Camartti: Um di\u00e1logo com a linguagem, este \u00e9 o tema do VI Encontro Infantojuvenil da Unicap. As palestras e oficinas ser\u00e3o realizadas nos audit\u00f3rios do bloco G, de 28 a 30 de outubro.<\/p>\n<p>&nbsp;<\/p>\n<p>Confira a programa\u00e7\u00e3o:<\/p>\n<p><strong>Dia 28\/10\/2013<\/strong><\/p>\n<p>18h-Entrega do material<br \/>\n18h30 \u2013 Abertura \u2013 Palavra inicial \u2013 Prof. Degislando N\u00f3brega (Diretor do CTCH) e Fl\u00e1via Ramos (Coordenadora do Curso de Letras)<br \/>\n19h \u2013 Confer\u00eancia \u2013 O jogo, o po\u00e9tico e a narra\u00e7\u00e3o como linguagem no teatro para inf\u00e2ncia \u2013 Luciano Pontes (Escritor\/Ator\/Palha\u00e7o do Programa Doutores da Alegria)<br \/>\n20h \u2013 Palestra 1 \u2013 Teatro para crian\u00e7as no Recife: avan\u00e7os e retrocessos \u2013 Leidson Ferraz (Ator\/Jornalista\/Pesquisador Teatral)<br \/>\n20h30 \u2013 Comunica\u00e7\u00f5es<br \/>\nCoordena\u00e7\u00e3o dos trabalhos: Prof. Fanuel Paes Barreto<\/p>\n<p><strong>Dia 29\/10\/2013<\/strong><br \/>\n16h \u2013 Oficina de Contadores de Hist\u00f3ria \u201cEncantadores de Hist\u00f3rias\u201d \u2013 Maia Piva (Cena Hum Academia de Artes C\u00eanicas \u2013 Curitiba\/PR) \u2013 Sala 404 \u2013 Bloco B<br \/>\nMesa \u2013 AFETO, IMAGEM E CRIAN\u00c7A<br \/>\n19h \u2013 A Magia e o Encantamento das Hist\u00f3rias na Forma\u00e7\u00e3o Humana \u2013 Kilder Alves (Fundador da ONG S.O.S Amizade\/Escritor\/Professor de Biologia)<br \/>\n19h30 \u2013 Palestra 2 \u2013 A ilustra\u00e7\u00e3o no universo liter\u00e1rio infantil \u2013 Guto Stresser (Ilustrador\/Escritor \u2013 UTFPR \u2013 Curitiba\/PR)<br \/>\n20h30 \u2013 Conta\u00e7\u00e3o da hist\u00f3ria A Borboleta e o P\u00e1ssaro, de Maia Piva, ilustrado por Guto Stresser \u2013 Maia Piva (Cena Hum Academia de Artes C\u00eanicas \u2013 Curitiba\/PR)<br \/>\n20h30 \u2013 Comunica\u00e7\u00f5es<br \/>\nCoordena\u00e7\u00e3o dos trabalhos: Prof. Robson Teles<\/p>\n<p><strong>Dia 30\/10\/2013<\/strong><br \/>\n16h \u2013 Oficina de Contadores de Hist\u00f3ria \u201cEncantadores de Hist\u00f3rias\u201d \u2013 Maia Piva (Cena Hum Academia de Artes C\u00eanicas \u2013 Curitiba\/PR) \u2013 Sala 404 \u2013 Bloco B<br \/>\n19h \u2013 Palestra 3 \u2013 Produ\u00e7\u00e3o X Espa\u00e7o para o teatro para a inf\u00e2ncia e juventude \u2013 Edivane Bactista (Jornalista\/Produtora Cultural\/Atriz\/Diretora da M\u00e9tron)<br \/>\n20h \u2013 Literatura Infanto-juvenil Brasileira: hist\u00f3rias e hist\u00f3rias \u2013 Alexandrina Guedes (Mestranda em Ci\u00eancias da Linguagem\/Especialista em Literatura Brasileira\/Contadora de hist\u00f3rias)<br \/>\n20h30 \u2013 Comunica\u00e7\u00f5es<br \/>\nCoordena\u00e7\u00e3o dos trabalhos: Prof. Felipe Casado<\/p>\n<p>Encerramento:<br \/>\n21h \u2013 Momento Cultural \u2013 Galo, galo, n\u00e3o me calo, de S\u00edlvia Orthof \u2013 Performance com Paulo Andr\u00e9 Viana (Ator e contador de hist\u00f3rias)<\/p>\n","protected":false},"excerpt":{"rendered":"<p>Marco Camartti: Um di\u00e1logo com a linguagem, este \u00e9 o tema do VI Encontro Infantojuvenil da Unicap. As palestras e oficinas ser\u00e3o realizadas nos audit\u00f3rios do bloco G, de 28 a 30 de outubro. &nbsp; Confira a programa\u00e7\u00e3o: Dia 28\/10\/2013 18h-Entrega do material 18h30 \u2013 Abertura \u2013 Palavra inicial \u2013 Prof. Degislando N\u00f3brega (Diretor do [&hellip;]<\/p>\n","protected":false},"author":54,"featured_media":42912,"comment_status":"open","ping_status":"open","sticky":false,"template":"","format":"standard","meta":[],"categories":[286,4],"tags":[],"jetpack-related-posts":[],"_links":{"self":[{"href":"https:\/\/www1.unicap.br\/assecom1\/wp-json\/wp\/v2\/posts\/42910"}],"collection":[{"href":"https:\/\/www1.unicap.br\/assecom1\/wp-json\/wp\/v2\/posts"}],"about":[{"href":"https:\/\/www1.unicap.br\/assecom1\/wp-json\/wp\/v2\/types\/post"}],"author":[{"embeddable":true,"href":"https:\/\/www1.unicap.br\/assecom1\/wp-json\/wp\/v2\/users\/54"}],"replies":[{"embeddable":true,"href":"https:\/\/www1.unicap.br\/assecom1\/wp-json\/wp\/v2\/comments?post=42910"}],"version-history":[{"count":3,"href":"https:\/\/www1.unicap.br\/assecom1\/wp-json\/wp\/v2\/posts\/42910\/revisions"}],"predecessor-version":[{"id":42914,"href":"https:\/\/www1.unicap.br\/assecom1\/wp-json\/wp\/v2\/posts\/42910\/revisions\/42914"}],"wp:featuredmedia":[{"embeddable":true,"href":"https:\/\/www1.unicap.br\/assecom1\/wp-json\/wp\/v2\/media\/42912"}],"wp:attachment":[{"href":"https:\/\/www1.unicap.br\/assecom1\/wp-json\/wp\/v2\/media?parent=42910"}],"wp:term":[{"taxonomy":"category","embeddable":true,"href":"https:\/\/www1.unicap.br\/assecom1\/wp-json\/wp\/v2\/categories?post=42910"},{"taxonomy":"post_tag","embeddable":true,"href":"https:\/\/www1.unicap.br\/assecom1\/wp-json\/wp\/v2\/tags?post=42910"}],"curies":[{"name":"wp","href":"https:\/\/api.w.org\/{rel}","templated":true}]}}