{"id":42828,"date":"2013-10-22T15:33:50","date_gmt":"2013-10-22T18:33:50","guid":{"rendered":"http:\/\/www.unicap.br\/assecom1\/?p=42828"},"modified":"2013-10-23T10:36:41","modified_gmt":"2013-10-23T13:36:41","slug":"oficina-sobre-como-exercer-a-lideranca-no-meio-social-e-profissional-da-continuidade-ao-projeto-articulando-conhecimentos-resgatando-saberes","status":"publish","type":"post","link":"https:\/\/www1.unicap.br\/assecom1\/oficina-sobre-como-exercer-a-lideranca-no-meio-social-e-profissional-da-continuidade-ao-projeto-articulando-conhecimentos-resgatando-saberes\/","title":{"rendered":"Oficina sobre como exercer a lideran\u00e7a no meio social e profissional d\u00e1 continuidade ao projeto &#8220;Articulando conhecimentos, resgatando saberes&#8221;"},"content":{"rendered":"<p><a href=\"https:\/\/i2.wp.com\/www1.unicap.br\/assecom1\/wp-content\/uploads\/2013\/10\/20131017_142848.jpg?ssl=1\"><img data-attachment-id=\"42829\" data-permalink=\"https:\/\/www1.unicap.br\/assecom1\/oficina-sobre-como-exercer-a-lideranca-no-meio-social-e-profissional-da-continuidade-ao-projeto-articulando-conhecimentos-resgatando-saberes\/20131017_142848\/\" data-orig-file=\"https:\/\/i2.wp.com\/www1.unicap.br\/assecom1\/wp-content\/uploads\/2013\/10\/20131017_142848.jpg?fit=3264%2C2448&amp;ssl=1\" data-orig-size=\"3264,2448\" data-comments-opened=\"1\" data-image-meta=\"{&quot;aperture&quot;:&quot;2.65&quot;,&quot;credit&quot;:&quot;&quot;,&quot;camera&quot;:&quot;GT-I9082L&quot;,&quot;caption&quot;:&quot;&quot;,&quot;created_timestamp&quot;:&quot;1382020125&quot;,&quot;copyright&quot;:&quot;&quot;,&quot;focal_length&quot;:&quot;3.9687&quot;,&quot;iso&quot;:&quot;160&quot;,&quot;shutter_speed&quot;:&quot;0.033322&quot;,&quot;title&quot;:&quot;&quot;}\" data-image-title=\"20131017_142848\" data-image-description=\"\" data-medium-file=\"https:\/\/i2.wp.com\/www1.unicap.br\/assecom1\/wp-content\/uploads\/2013\/10\/20131017_142848.jpg?fit=300%2C225&amp;ssl=1\" data-large-file=\"https:\/\/i2.wp.com\/www1.unicap.br\/assecom1\/wp-content\/uploads\/2013\/10\/20131017_142848.jpg?fit=640%2C480&amp;ssl=1\" loading=\"lazy\" class=\"size-medium wp-image-42829 alignleft\" alt=\"20131017_142848\" src=\"https:\/\/i2.wp.com\/www1.unicap.br\/assecom1\/wp-content\/uploads\/2013\/10\/20131017_142848.jpg?resize=300%2C225&#038;ssl=1\" srcset=\"https:\/\/i2.wp.com\/www1.unicap.br\/assecom1\/wp-content\/uploads\/2013\/10\/20131017_142848.jpg?resize=300%2C225&amp;ssl=1 300w, https:\/\/i2.wp.com\/www1.unicap.br\/assecom1\/wp-content\/uploads\/2013\/10\/20131017_142848.jpg?resize=1024%2C768&amp;ssl=1 1024w, https:\/\/i2.wp.com\/www1.unicap.br\/assecom1\/wp-content\/uploads\/2013\/10\/20131017_142848.jpg?w=1280&amp;ssl=1 1280w, https:\/\/i2.wp.com\/www1.unicap.br\/assecom1\/wp-content\/uploads\/2013\/10\/20131017_142848.jpg?w=1920&amp;ssl=1 1920w\" sizes=\"(max-width: 300px) 100vw, 300px\" data-recalc-dims=\"1\" \/><\/a>Dando continuidade \u00e0 programa\u00e7\u00e3o do projeto \u201cArticulando conhecimentos, resgatando saberes\u201d, uma parceria entre o Instituto Humanitas Unicap e o Liceu N\u00f3brega, foi realizada na tarde da \u00faltima quinta-feira (17) a oficina \u201cComo exercer a lideran\u00e7a no meio social e profissional\u201d. Participaram os \u00a0representantes de classe do 6\u00ba ano at\u00e9 o ensino m\u00e9dio do Liceu.<\/p>\n<p>O principal objetivo da oficina foi tratar do contexto em que a juventude est\u00e1 inserida atualmente, fazendo uma rela\u00e7\u00e3o com a representa\u00e7\u00e3o de classe. Tamb\u00e9m foram discutidas as perspectivas para a escola, uma vez que se assume o papel de l\u00edder de classe, e os desdobramentos disso na comunidade como um todo. Os conte\u00fados te\u00f3ricos foram abordados a partir do texto <em>Juventude e Vulnerabilidade Social,<\/em> da bacharela em Ci\u00eancias Sociais, Edna Jatob\u00e1. Os alunos tamb\u00e9m puderam elaborar uma campanha a partir de alguns questionamentos sobre como seria a escola ideal.<\/p>\n<p><a href=\"https:\/\/i2.wp.com\/www1.unicap.br\/assecom1\/wp-content\/uploads\/2013\/10\/20131017_142956.jpg?ssl=1\"><img data-attachment-id=\"42832\" data-permalink=\"https:\/\/www1.unicap.br\/assecom1\/oficina-sobre-como-exercer-a-lideranca-no-meio-social-e-profissional-da-continuidade-ao-projeto-articulando-conhecimentos-resgatando-saberes\/20131017_142956\/\" data-orig-file=\"https:\/\/i2.wp.com\/www1.unicap.br\/assecom1\/wp-content\/uploads\/2013\/10\/20131017_142956.jpg?fit=3264%2C2448&amp;ssl=1\" data-orig-size=\"3264,2448\" data-comments-opened=\"1\" data-image-meta=\"{&quot;aperture&quot;:&quot;2.65&quot;,&quot;credit&quot;:&quot;&quot;,&quot;camera&quot;:&quot;GT-I9082L&quot;,&quot;caption&quot;:&quot;&quot;,&quot;created_timestamp&quot;:&quot;1382020195&quot;,&quot;copyright&quot;:&quot;&quot;,&quot;focal_length&quot;:&quot;3.9687&quot;,&quot;iso&quot;:&quot;160&quot;,&quot;shutter_speed&quot;:&quot;0.033322&quot;,&quot;title&quot;:&quot;&quot;}\" data-image-title=\"20131017_142956\" data-image-description=\"\" data-medium-file=\"https:\/\/i2.wp.com\/www1.unicap.br\/assecom1\/wp-content\/uploads\/2013\/10\/20131017_142956.jpg?fit=300%2C225&amp;ssl=1\" data-large-file=\"https:\/\/i2.wp.com\/www1.unicap.br\/assecom1\/wp-content\/uploads\/2013\/10\/20131017_142956.jpg?fit=640%2C480&amp;ssl=1\" loading=\"lazy\" class=\" wp-image-42832 alignleft\" alt=\"20131017_142956\" src=\"https:\/\/i2.wp.com\/www1.unicap.br\/assecom1\/wp-content\/uploads\/2013\/10\/20131017_142956.jpg?resize=168%2C126&#038;ssl=1\" srcset=\"https:\/\/i2.wp.com\/www1.unicap.br\/assecom1\/wp-content\/uploads\/2013\/10\/20131017_142956.jpg?resize=300%2C225&amp;ssl=1 300w, https:\/\/i2.wp.com\/www1.unicap.br\/assecom1\/wp-content\/uploads\/2013\/10\/20131017_142956.jpg?resize=1024%2C768&amp;ssl=1 1024w, https:\/\/i2.wp.com\/www1.unicap.br\/assecom1\/wp-content\/uploads\/2013\/10\/20131017_142956.jpg?w=1280&amp;ssl=1 1280w, https:\/\/i2.wp.com\/www1.unicap.br\/assecom1\/wp-content\/uploads\/2013\/10\/20131017_142956.jpg?w=1920&amp;ssl=1 1920w\" sizes=\"(max-width: 168px) 100vw, 168px\" data-recalc-dims=\"1\" \/><\/a>A oficina foi ministrada pela supervisora pedag\u00f3gica do programa Educa\u00e7\u00e3o para a Cidadania e funcion\u00e1ria do Gabinete de Assessoria Jur\u00eddica \u00e0s Organiza\u00e7\u00f5es Populares (Gajop), Juliana Carvalho. Como convidada de Juliana, a educadora de teatro e funcion\u00e1ria da ONG Centro de Arte e de Cultura (CAEC), Elaine Fran\u00e7a, falou um pouco sobre lideran\u00e7a comunit\u00e1ria.<\/p>\n<p>&nbsp;<\/p>\n","protected":false},"excerpt":{"rendered":"<p>Dando continuidade \u00e0 programa\u00e7\u00e3o do projeto \u201cArticulando conhecimentos, resgatando saberes\u201d, uma parceria entre o Instituto Humanitas Unicap e o Liceu N\u00f3brega, foi realizada na tarde da \u00faltima quinta-feira (17) a oficina \u201cComo exercer a lideran\u00e7a no meio social e profissional\u201d. Participaram os \u00a0representantes de classe do 6\u00ba ano at\u00e9 o ensino m\u00e9dio do Liceu. O [&hellip;]<\/p>\n","protected":false},"author":51,"featured_media":42829,"comment_status":"open","ping_status":"open","sticky":false,"template":"","format":"standard","meta":[],"categories":[4],"tags":[],"jetpack-related-posts":[],"_links":{"self":[{"href":"https:\/\/www1.unicap.br\/assecom1\/wp-json\/wp\/v2\/posts\/42828"}],"collection":[{"href":"https:\/\/www1.unicap.br\/assecom1\/wp-json\/wp\/v2\/posts"}],"about":[{"href":"https:\/\/www1.unicap.br\/assecom1\/wp-json\/wp\/v2\/types\/post"}],"author":[{"embeddable":true,"href":"https:\/\/www1.unicap.br\/assecom1\/wp-json\/wp\/v2\/users\/51"}],"replies":[{"embeddable":true,"href":"https:\/\/www1.unicap.br\/assecom1\/wp-json\/wp\/v2\/comments?post=42828"}],"version-history":[{"count":9,"href":"https:\/\/www1.unicap.br\/assecom1\/wp-json\/wp\/v2\/posts\/42828\/revisions"}],"predecessor-version":[{"id":43064,"href":"https:\/\/www1.unicap.br\/assecom1\/wp-json\/wp\/v2\/posts\/42828\/revisions\/43064"}],"wp:featuredmedia":[{"embeddable":true,"href":"https:\/\/www1.unicap.br\/assecom1\/wp-json\/wp\/v2\/media\/42829"}],"wp:attachment":[{"href":"https:\/\/www1.unicap.br\/assecom1\/wp-json\/wp\/v2\/media?parent=42828"}],"wp:term":[{"taxonomy":"category","embeddable":true,"href":"https:\/\/www1.unicap.br\/assecom1\/wp-json\/wp\/v2\/categories?post=42828"},{"taxonomy":"post_tag","embeddable":true,"href":"https:\/\/www1.unicap.br\/assecom1\/wp-json\/wp\/v2\/tags?post=42828"}],"curies":[{"name":"wp","href":"https:\/\/api.w.org\/{rel}","templated":true}]}}