{"id":42781,"date":"2013-10-16T17:13:14","date_gmt":"2013-10-16T20:13:14","guid":{"rendered":"http:\/\/www.unicap.br\/assecom1\/?p=42781"},"modified":"2013-10-21T11:54:03","modified_gmt":"2013-10-21T14:54:03","slug":"jornalista-da-tv-globo-francisco-jose-fara-a-palestra-de-abertura-da-11a-siucs","status":"publish","type":"post","link":"https:\/\/www1.unicap.br\/assecom1\/jornalista-da-tv-globo-francisco-jose-fara-a-palestra-de-abertura-da-11a-siucs\/","title":{"rendered":"Jornalista da TV Globo Francisco Jos\u00e9 far\u00e1 a palestra de abertura da 11\u00aa Siucs"},"content":{"rendered":"<p>A Unicap ir\u00e1 promover, entre os pr\u00f3ximos dias 22 e 25 de outubro, no campus, a 11\u00aa Semana de Integra\u00e7\u00e3o Universidade Cat\u00f3lica e Sociedade (Siucs). O maior evento anual da Cat\u00f3lica tem como tema\u00a0<i>A\u00e7\u00f5es inteligentes para uma vida Sustent\u00e1vel<\/i>. A palestra de abertura, \u00e0s 19h, no audit\u00f3rio G2, ser\u00e1 feita pelo rep\u00f3rter especial da TV Globo Francisco Jos\u00e9. A trajet\u00f3ria profissional do jornalista est\u00e1 diretamente ligada \u00e0s quest\u00f5es do meio ambiente. Recentemente, ele foi indicado ao pr\u00eamio <em>Internacional Emmy Awards<\/em> <em>2013<\/em>, considerado o Oscar da TV mundial, com uma reportagem produzida para o Globo Rep\u00f3rter sobre os\u00a0\u00edndios\u00a0<em>Enawen\u00ea-Naw\u00ea<\/em>, na Amaz\u00f4nia.<\/p>\n<figure id=\"attachment_42783\" aria-describedby=\"caption-attachment-42783\" style=\"width: 606px\" class=\"wp-caption alignleft\"><a href=\"https:\/\/i2.wp.com\/www1.unicap.br\/assecom1\/wp-content\/uploads\/2013\/10\/Chico-Jos\u00e9-\u00c9globo-reporter-emmy-2013.jpg?ssl=1\"><img data-attachment-id=\"42783\" data-permalink=\"https:\/\/www1.unicap.br\/assecom1\/jornalista-da-tv-globo-francisco-jose-fara-a-palestra-de-abertura-da-11a-siucs\/chico-jose-eglobo-reporter-emmy-2013\/\" data-orig-file=\"https:\/\/i2.wp.com\/www1.unicap.br\/assecom1\/wp-content\/uploads\/2013\/10\/Chico-Jos\u00e9-\u00c9globo-reporter-emmy-2013.jpg?fit=606%2C340&amp;ssl=1\" data-orig-size=\"606,340\" data-comments-opened=\"1\" data-image-meta=\"{&quot;aperture&quot;:&quot;0&quot;,&quot;credit&quot;:&quot;&quot;,&quot;camera&quot;:&quot;&quot;,&quot;caption&quot;:&quot;&quot;,&quot;created_timestamp&quot;:&quot;0&quot;,&quot;copyright&quot;:&quot;&quot;,&quot;focal_length&quot;:&quot;0&quot;,&quot;iso&quot;:&quot;0&quot;,&quot;shutter_speed&quot;:&quot;0&quot;,&quot;title&quot;:&quot;&quot;}\" data-image-title=\"Chico-Jos\u00e9-\u00c9globo-reporter-emmy-2013\" data-image-description=\"\" data-medium-file=\"https:\/\/i2.wp.com\/www1.unicap.br\/assecom1\/wp-content\/uploads\/2013\/10\/Chico-Jos\u00e9-\u00c9globo-reporter-emmy-2013.jpg?fit=300%2C168&amp;ssl=1\" data-large-file=\"https:\/\/i2.wp.com\/www1.unicap.br\/assecom1\/wp-content\/uploads\/2013\/10\/Chico-Jos\u00e9-\u00c9globo-reporter-emmy-2013.jpg?fit=606%2C340&amp;ssl=1\" loading=\"lazy\" class=\"size-full wp-image-42783\" alt=\"Chico-Jos\u00e9-\u00c9globo-reporter-emmy-2013\" src=\"https:\/\/i2.wp.com\/www1.unicap.br\/assecom1\/wp-content\/uploads\/2013\/10\/Chico-Jos\u00e9-\u00c9globo-reporter-emmy-2013.jpg?resize=606%2C340&#038;ssl=1\" srcset=\"https:\/\/i2.wp.com\/www1.unicap.br\/assecom1\/wp-content\/uploads\/2013\/10\/Chico-Jos\u00e9-\u00c9globo-reporter-emmy-2013.jpg?w=606&amp;ssl=1 606w, https:\/\/i2.wp.com\/www1.unicap.br\/assecom1\/wp-content\/uploads\/2013\/10\/Chico-Jos\u00e9-\u00c9globo-reporter-emmy-2013.jpg?resize=300%2C168&amp;ssl=1 300w\" sizes=\"(max-width: 606px) 100vw, 606px\" data-recalc-dims=\"1\" \/><\/a><figcaption id=\"caption-attachment-42783\" class=\"wp-caption-text\">Foto: divulga\u00e7\u00e3o TV Globo\/Blog Viver Noronha &#8211; Ana Clara Marinho G1-PE<\/figcaption><\/figure>\n<p>A programa\u00e7\u00e3o da 11\u00aa Siucs contar\u00e1 ainda com semin\u00e1rios, col\u00f3quios, palestras, f\u00f3runs, mesas-redondas, debates, minicursos e oficinas gratuitas e abertas ao p\u00fablico em geral. No t\u00e9rreo do bloco G, o Instituto Humanitas, em parceria com a Associa\u00e7\u00e3o Pernambucana de Defesa da Natureza (Aspan), ir\u00e1 promover a\u00a0<i>Feira dos 3Rs<\/i>\u00a0(redu\u00e7\u00e3o, reutiliza\u00e7\u00e3o e reciclagem). Ser\u00e3o montados\u00a0<i>stands<\/i>\u00a0com produtos elaborados a partir desses tr\u00eas aspectos da sustentabilidade. Outro destaque \u00e9 a 15\u00aa Jornada de Inicia\u00e7\u00e3o Cient\u00edfica da Unicap.<\/p>\n<p>A programa\u00e7\u00e3o cultural tamb\u00e9m est\u00e1 repleta de atra\u00e7\u00f5es. Dia 22, \u00e0s 18h, a Banda Francisco, formada por alunos da Unicap, ir\u00e1 se apresentar no t\u00e9rreo do bloco G. Dia 23, a partir das 17h, nos jardins da Biblioteca, haver\u00e1 Festival de Cinema Socioambiental da Serra do Cip\u00f3, com a exibi\u00e7\u00e3o de sete filmes em curta-metragem. O Espa\u00e7o Crian\u00e7a Esperan\u00e7a tamb\u00e9m estar\u00e1 presente na 11\u00aa Siucs com a apresenta\u00e7\u00e3o, no t\u00e9rreo do bloco B, do Espet\u00e1culo\u00a0<i>Que Coisa!,\u00a0<\/i>produzido pela Companhia de Garagem de Teatro. O Ecej promover\u00e1 ainda semin\u00e1rios informativos sobre est\u00e1gios no projeto da TV Globo em parceria com a Unesco. O encerramento da programa\u00e7\u00e3o, dia 25, ficar\u00e1 a cargo da Orquestra Crian\u00e7a Cidad\u00e3, que se apresentar\u00e1 no t\u00e9rreo do bloco G. A programa\u00e7\u00e3o completa est\u00e1 dispon\u00edvel no\u00a0<a href=\"http:\/\/www.unicap.br\/siucs\" target=\"_blank\">www.unicap.br\/siucs<\/a><\/p>\n","protected":false},"excerpt":{"rendered":"<p>A Unicap ir\u00e1 promover, entre os pr\u00f3ximos dias 22 e 25 de outubro, no campus, a 11\u00aa Semana de Integra\u00e7\u00e3o Universidade Cat\u00f3lica e Sociedade (Siucs). O maior evento anual da Cat\u00f3lica tem como tema\u00a0A\u00e7\u00f5es inteligentes para uma vida Sustent\u00e1vel. A palestra de abertura, \u00e0s 19h, no audit\u00f3rio G2, ser\u00e1 feita pelo rep\u00f3rter especial da TV [&hellip;]<\/p>\n","protected":false},"author":8,"featured_media":42783,"comment_status":"open","ping_status":"open","sticky":false,"template":"","format":"standard","meta":[],"categories":[286],"tags":[],"jetpack-related-posts":[],"_links":{"self":[{"href":"https:\/\/www1.unicap.br\/assecom1\/wp-json\/wp\/v2\/posts\/42781"}],"collection":[{"href":"https:\/\/www1.unicap.br\/assecom1\/wp-json\/wp\/v2\/posts"}],"about":[{"href":"https:\/\/www1.unicap.br\/assecom1\/wp-json\/wp\/v2\/types\/post"}],"author":[{"embeddable":true,"href":"https:\/\/www1.unicap.br\/assecom1\/wp-json\/wp\/v2\/users\/8"}],"replies":[{"embeddable":true,"href":"https:\/\/www1.unicap.br\/assecom1\/wp-json\/wp\/v2\/comments?post=42781"}],"version-history":[{"count":5,"href":"https:\/\/www1.unicap.br\/assecom1\/wp-json\/wp\/v2\/posts\/42781\/revisions"}],"predecessor-version":[{"id":42915,"href":"https:\/\/www1.unicap.br\/assecom1\/wp-json\/wp\/v2\/posts\/42781\/revisions\/42915"}],"wp:featuredmedia":[{"embeddable":true,"href":"https:\/\/www1.unicap.br\/assecom1\/wp-json\/wp\/v2\/media\/42783"}],"wp:attachment":[{"href":"https:\/\/www1.unicap.br\/assecom1\/wp-json\/wp\/v2\/media?parent=42781"}],"wp:term":[{"taxonomy":"category","embeddable":true,"href":"https:\/\/www1.unicap.br\/assecom1\/wp-json\/wp\/v2\/categories?post=42781"},{"taxonomy":"post_tag","embeddable":true,"href":"https:\/\/www1.unicap.br\/assecom1\/wp-json\/wp\/v2\/tags?post=42781"}],"curies":[{"name":"wp","href":"https:\/\/api.w.org\/{rel}","templated":true}]}}