{"id":42687,"date":"2013-10-16T13:47:05","date_gmt":"2013-10-16T16:47:05","guid":{"rendered":"http:\/\/www.unicap.br\/assecom1\/?p=42687"},"modified":"2013-10-16T18:47:30","modified_gmt":"2013-10-16T21:47:30","slug":"dom-fernando-saburido-faz-palestra-na-catolica","status":"publish","type":"post","link":"https:\/\/www1.unicap.br\/assecom1\/dom-fernando-saburido-faz-palestra-na-catolica\/","title":{"rendered":"Dom Fernando Saburido faz palestra na Cat\u00f3lica"},"content":{"rendered":"<p>&nbsp;<\/p>\n<p>O Arcebispo de Olinda e Recife, Dom Fernando Saburido, participou do \u00faltimo <i>Teologia em Di\u00e1logo <\/i>deste semestre, nesta quinta-feira (10). Ele foi recebido por uma longa salva de palmas, um reflexo da empolga\u00e7\u00e3o que contagiou o teatro do Centro de Teologia e Ci\u00eancias Humanas (CTCH), do bloco B.<\/p>\n<figure id=\"attachment_42684\" aria-describedby=\"caption-attachment-42684\" style=\"width: 300px\" class=\"wp-caption alignright\"><img data-attachment-id=\"42684\" data-permalink=\"https:\/\/www1.unicap.br\/assecom1\/dscn5408\/\" data-orig-file=\"https:\/\/i2.wp.com\/www1.unicap.br\/assecom1\/wp-content\/uploads\/2013\/10\/DSCN5408.jpg?fit=4608%2C3456&amp;ssl=1\" data-orig-size=\"4608,3456\" data-comments-opened=\"1\" data-image-meta=\"{&quot;aperture&quot;:&quot;3.9&quot;,&quot;credit&quot;:&quot;&quot;,&quot;camera&quot;:&quot;COOLPIX L810&quot;,&quot;caption&quot;:&quot;&quot;,&quot;created_timestamp&quot;:&quot;1325560445&quot;,&quot;copyright&quot;:&quot;&quot;,&quot;focal_length&quot;:&quot;9.3&quot;,&quot;iso&quot;:&quot;400&quot;,&quot;shutter_speed&quot;:&quot;0.2&quot;,&quot;title&quot;:&quot;&quot;}\" data-image-title=\"\" data-image-description=\"\" data-medium-file=\"https:\/\/i2.wp.com\/www1.unicap.br\/assecom1\/wp-content\/uploads\/2013\/10\/DSCN5408.jpg?fit=300%2C225&amp;ssl=1\" data-large-file=\"https:\/\/i2.wp.com\/www1.unicap.br\/assecom1\/wp-content\/uploads\/2013\/10\/DSCN5408.jpg?fit=640%2C480&amp;ssl=1\" loading=\"lazy\" class=\"size-medium wp-image-42684 \" alt=\"Dom Fernando Saburido\" src=\"https:\/\/i2.wp.com\/www1.unicap.br\/assecom1\/wp-content\/uploads\/2013\/10\/DSCN5408.jpg?resize=300%2C225&#038;ssl=1\" srcset=\"https:\/\/i2.wp.com\/www1.unicap.br\/assecom1\/wp-content\/uploads\/2013\/10\/DSCN5408.jpg?resize=300%2C225&amp;ssl=1 300w, https:\/\/i2.wp.com\/www1.unicap.br\/assecom1\/wp-content\/uploads\/2013\/10\/DSCN5408.jpg?resize=1024%2C768&amp;ssl=1 1024w, https:\/\/i2.wp.com\/www1.unicap.br\/assecom1\/wp-content\/uploads\/2013\/10\/DSCN5408.jpg?w=1280&amp;ssl=1 1280w, https:\/\/i2.wp.com\/www1.unicap.br\/assecom1\/wp-content\/uploads\/2013\/10\/DSCN5408.jpg?w=1920&amp;ssl=1 1920w\" sizes=\"(max-width: 300px) 100vw, 300px\" data-recalc-dims=\"1\" \/><figcaption id=\"caption-attachment-42684\" class=\"wp-caption-text\">Dom Fernando Saburido<\/figcaption><\/figure>\n<p>O <i>Teologia em Di\u00e1logo<\/i>, que \u00e9 um evento realizado pelo curso de Teologia em parceria com o Instituto Humanitas, acontece toda semana e tem como objetivo trazer as outras \u00e1reas do saber para o debate teol\u00f3gico. Nos encontros que encerram cada edi\u00e7\u00e3o, s\u00e3o convidados palestrantes de fora da Universidade e este \u00faltimo debate do semestre foi abrilhantado pela ilustre presen\u00e7a do Arcebispo das cidades-irm\u00e3s pernambucanas.<\/p>\n<p>A palestra, que teve como tema <i>A estrutura da Igreja no Brasil e a Assembleia Pastoral da Arquidiocese de Olinda e Recife,<\/i> debateu a estrutura organizacional da Igreja e diretrizes pastorais da Confer\u00eancia Nacional dos Bispos do Brasil (CNBB). \u201cEste tema n\u00e3o se restringe ao campo da Teologia. Na verdade, ele \u00e9 um assunto pr\u00e1tico. \u00c9 importante falar sobre estrutura da CNBB, conhecer um pouco dessa realidade, tanto do ponto de vista nacional, como regional&#8221;, explicou Dom Fernando.<\/p>\n","protected":false},"excerpt":{"rendered":"<p>&nbsp; O Arcebispo de Olinda e Recife, Dom Fernando Saburido, participou do \u00faltimo Teologia em Di\u00e1logo deste semestre, nesta quinta-feira (10). Ele foi recebido por uma longa salva de palmas, um reflexo da empolga\u00e7\u00e3o que contagiou o teatro do Centro de Teologia e Ci\u00eancias Humanas (CTCH), do bloco B. O Teologia em Di\u00e1logo, que \u00e9 [&hellip;]<\/p>\n","protected":false},"author":54,"featured_media":36101,"comment_status":"open","ping_status":"open","sticky":false,"template":"","format":"standard","meta":[],"categories":[4],"tags":[],"jetpack-related-posts":[],"_links":{"self":[{"href":"https:\/\/www1.unicap.br\/assecom1\/wp-json\/wp\/v2\/posts\/42687"}],"collection":[{"href":"https:\/\/www1.unicap.br\/assecom1\/wp-json\/wp\/v2\/posts"}],"about":[{"href":"https:\/\/www1.unicap.br\/assecom1\/wp-json\/wp\/v2\/types\/post"}],"author":[{"embeddable":true,"href":"https:\/\/www1.unicap.br\/assecom1\/wp-json\/wp\/v2\/users\/54"}],"replies":[{"embeddable":true,"href":"https:\/\/www1.unicap.br\/assecom1\/wp-json\/wp\/v2\/comments?post=42687"}],"version-history":[{"count":6,"href":"https:\/\/www1.unicap.br\/assecom1\/wp-json\/wp\/v2\/posts\/42687\/revisions"}],"predecessor-version":[{"id":42793,"href":"https:\/\/www1.unicap.br\/assecom1\/wp-json\/wp\/v2\/posts\/42687\/revisions\/42793"}],"wp:featuredmedia":[{"embeddable":true,"href":"https:\/\/www1.unicap.br\/assecom1\/wp-json\/wp\/v2\/media\/36101"}],"wp:attachment":[{"href":"https:\/\/www1.unicap.br\/assecom1\/wp-json\/wp\/v2\/media?parent=42687"}],"wp:term":[{"taxonomy":"category","embeddable":true,"href":"https:\/\/www1.unicap.br\/assecom1\/wp-json\/wp\/v2\/categories?post=42687"},{"taxonomy":"post_tag","embeddable":true,"href":"https:\/\/www1.unicap.br\/assecom1\/wp-json\/wp\/v2\/tags?post=42687"}],"curies":[{"name":"wp","href":"https:\/\/api.w.org\/{rel}","templated":true}]}}