{"id":42546,"date":"2013-10-09T16:04:57","date_gmt":"2013-10-09T19:04:57","guid":{"rendered":"http:\/\/www.unicap.br\/assecom1\/?p=42546"},"modified":"2013-10-09T16:04:57","modified_gmt":"2013-10-09T19:04:57","slug":"a-fasa-esta-arrecadando-brinquedos-para-criancas-carentes","status":"publish","type":"post","link":"https:\/\/www1.unicap.br\/assecom1\/a-fasa-esta-arrecadando-brinquedos-para-criancas-carentes\/","title":{"rendered":"A FASA est\u00e1 arrecadando brinquedos para crian\u00e7as carentes"},"content":{"rendered":"<p><a href=\"https:\/\/i1.wp.com\/www1.unicap.br\/assecom1\/wp-content\/uploads\/2013\/10\/DSCN5326.jpg?ssl=1\"><img data-attachment-id=\"42547\" data-permalink=\"https:\/\/www1.unicap.br\/assecom1\/a-fasa-esta-arrecadando-brinquedos-para-criancas-carentes\/dscn5326\/\" data-orig-file=\"https:\/\/i1.wp.com\/www1.unicap.br\/assecom1\/wp-content\/uploads\/2013\/10\/DSCN5326.jpg?fit=4608%2C3456&amp;ssl=1\" data-orig-size=\"4608,3456\" data-comments-opened=\"1\" data-image-meta=\"{&quot;aperture&quot;:&quot;4.2&quot;,&quot;credit&quot;:&quot;&quot;,&quot;camera&quot;:&quot;COOLPIX L810&quot;,&quot;caption&quot;:&quot;&quot;,&quot;created_timestamp&quot;:&quot;&quot;,&quot;copyright&quot;:&quot;&quot;,&quot;focal_length&quot;:&quot;12.5&quot;,&quot;iso&quot;:&quot;400&quot;,&quot;shutter_speed&quot;:&quot;0.04&quot;,&quot;title&quot;:&quot;&quot;}\" data-image-title=\"\" data-image-description=\"\" data-medium-file=\"https:\/\/i1.wp.com\/www1.unicap.br\/assecom1\/wp-content\/uploads\/2013\/10\/DSCN5326.jpg?fit=300%2C225&amp;ssl=1\" data-large-file=\"https:\/\/i1.wp.com\/www1.unicap.br\/assecom1\/wp-content\/uploads\/2013\/10\/DSCN5326.jpg?fit=640%2C480&amp;ssl=1\" loading=\"lazy\" class=\"alignleft size-thumbnail wp-image-42547\" alt=\"\" src=\"https:\/\/i1.wp.com\/www1.unicap.br\/assecom1\/wp-content\/uploads\/2013\/10\/DSCN5326.jpg?resize=150%2C150&#038;ssl=1\" srcset=\"https:\/\/i1.wp.com\/www1.unicap.br\/assecom1\/wp-content\/uploads\/2013\/10\/DSCN5326.jpg?resize=150%2C150&amp;ssl=1 150w, https:\/\/i1.wp.com\/www1.unicap.br\/assecom1\/wp-content\/uploads\/2013\/10\/DSCN5326.jpg?zoom=2&amp;resize=150%2C150&amp;ssl=1 300w, https:\/\/i1.wp.com\/www1.unicap.br\/assecom1\/wp-content\/uploads\/2013\/10\/DSCN5326.jpg?zoom=3&amp;resize=150%2C150&amp;ssl=1 450w\" sizes=\"(max-width: 150px) 100vw, 150px\" data-recalc-dims=\"1\" \/><\/a>Para comemorar o Dia das Crian\u00e7as, a Funda\u00e7\u00e3o Ant\u00f4nio dos Santos Abranches (FASA), est\u00e1 com a campanha <i>Doe Brinquedos. <\/i>Os donativos ser\u00e3o enviados para o Educand\u00e1rio Nossa Senhora do Sagrado Cora\u00e7\u00e3o, localizado em \u00c1gua Preta, munic\u00edpio do interior pernambucano atingido pela enchente em 2010. Quem desejar participar, pode doar brinquedos at\u00e9 esta quinta-feira, dia 9\/10, na loja ou na gr\u00e1fica da FASA, que ficam no hall do bloco A e na entrada do estacionamento do bloco E, respectivamente.<a href=\"https:\/\/i1.wp.com\/www1.unicap.br\/assecom1\/wp-content\/uploads\/2013\/10\/DSCN5328.jpg?ssl=1\"><img data-attachment-id=\"42549\" data-permalink=\"https:\/\/www1.unicap.br\/assecom1\/a-fasa-esta-arrecadando-brinquedos-para-criancas-carentes\/dscn5328\/\" data-orig-file=\"https:\/\/i1.wp.com\/www1.unicap.br\/assecom1\/wp-content\/uploads\/2013\/10\/DSCN5328.jpg?fit=4608%2C3456&amp;ssl=1\" data-orig-size=\"4608,3456\" data-comments-opened=\"1\" data-image-meta=\"{&quot;aperture&quot;:&quot;3.2&quot;,&quot;credit&quot;:&quot;&quot;,&quot;camera&quot;:&quot;COOLPIX L810&quot;,&quot;caption&quot;:&quot;&quot;,&quot;created_timestamp&quot;:&quot;&quot;,&quot;copyright&quot;:&quot;&quot;,&quot;focal_length&quot;:&quot;4.8&quot;,&quot;iso&quot;:&quot;320&quot;,&quot;shutter_speed&quot;:&quot;0.033333333333333&quot;,&quot;title&quot;:&quot;&quot;}\" data-image-title=\"\" data-image-description=\"\" data-medium-file=\"https:\/\/i1.wp.com\/www1.unicap.br\/assecom1\/wp-content\/uploads\/2013\/10\/DSCN5328.jpg?fit=300%2C225&amp;ssl=1\" data-large-file=\"https:\/\/i1.wp.com\/www1.unicap.br\/assecom1\/wp-content\/uploads\/2013\/10\/DSCN5328.jpg?fit=640%2C480&amp;ssl=1\" loading=\"lazy\" class=\"alignright size-thumbnail wp-image-42549\" alt=\"\" src=\"https:\/\/i1.wp.com\/www1.unicap.br\/assecom1\/wp-content\/uploads\/2013\/10\/DSCN5328.jpg?resize=150%2C150&#038;ssl=1\" srcset=\"https:\/\/i1.wp.com\/www1.unicap.br\/assecom1\/wp-content\/uploads\/2013\/10\/DSCN5328.jpg?resize=150%2C150&amp;ssl=1 150w, https:\/\/i1.wp.com\/www1.unicap.br\/assecom1\/wp-content\/uploads\/2013\/10\/DSCN5328.jpg?zoom=2&amp;resize=150%2C150&amp;ssl=1 300w, https:\/\/i1.wp.com\/www1.unicap.br\/assecom1\/wp-content\/uploads\/2013\/10\/DSCN5328.jpg?zoom=3&amp;resize=150%2C150&amp;ssl=1 450w\" sizes=\"(max-width: 150px) 100vw, 150px\" data-recalc-dims=\"1\" \/><\/a><\/p>\n<p>O Educand\u00e1rio Nossa Senhora do Sagrado Cora\u00e7\u00e3o acolhe 70 crian\u00e7as, vindas de fam\u00edlias que trabalhavam no corte da cana e hoje est\u00e3o desempregadas, vivendo na periferia. A institui\u00e7\u00e3o oferece atividades complementares como refor\u00e7o escolar, artes e pinturas, logo ap\u00f3s o hor\u00e1rio das aulas.<\/p>\n<figure id=\"attachment_42550\" aria-describedby=\"caption-attachment-42550\" style=\"width: 300px\" class=\"wp-caption aligncenter\"><a href=\"https:\/\/i2.wp.com\/www1.unicap.br\/assecom1\/wp-content\/uploads\/2013\/10\/aaaaaa.jpg?ssl=1\"><img data-attachment-id=\"42550\" data-permalink=\"https:\/\/www1.unicap.br\/assecom1\/a-fasa-esta-arrecadando-brinquedos-para-criancas-carentes\/aaaaaa\/\" data-orig-file=\"https:\/\/i2.wp.com\/www1.unicap.br\/assecom1\/wp-content\/uploads\/2013\/10\/aaaaaa.jpg?fit=2048%2C1536&amp;ssl=1\" data-orig-size=\"2048,1536\" data-comments-opened=\"1\" data-image-meta=\"{&quot;aperture&quot;:&quot;0&quot;,&quot;credit&quot;:&quot;&quot;,&quot;camera&quot;:&quot;&quot;,&quot;caption&quot;:&quot;&quot;,&quot;created_timestamp&quot;:&quot;0&quot;,&quot;copyright&quot;:&quot;&quot;,&quot;focal_length&quot;:&quot;0&quot;,&quot;iso&quot;:&quot;0&quot;,&quot;shutter_speed&quot;:&quot;0&quot;,&quot;title&quot;:&quot;&quot;}\" data-image-title=\"\" data-image-description=\"\" data-medium-file=\"https:\/\/i2.wp.com\/www1.unicap.br\/assecom1\/wp-content\/uploads\/2013\/10\/aaaaaa.jpg?fit=300%2C225&amp;ssl=1\" data-large-file=\"https:\/\/i2.wp.com\/www1.unicap.br\/assecom1\/wp-content\/uploads\/2013\/10\/aaaaaa.jpg?fit=640%2C480&amp;ssl=1\" loading=\"lazy\" class=\"size-medium wp-image-42550\" alt=\"Educand\u00e1rio Nossa Senhora do Sagrado Cora\u00e7\u00e3o \" src=\"https:\/\/i2.wp.com\/www1.unicap.br\/assecom1\/wp-content\/uploads\/2013\/10\/aaaaaa.jpg?resize=300%2C225&#038;ssl=1\" srcset=\"https:\/\/i2.wp.com\/www1.unicap.br\/assecom1\/wp-content\/uploads\/2013\/10\/aaaaaa.jpg?resize=300%2C225&amp;ssl=1 300w, https:\/\/i2.wp.com\/www1.unicap.br\/assecom1\/wp-content\/uploads\/2013\/10\/aaaaaa.jpg?resize=1024%2C768&amp;ssl=1 1024w, https:\/\/i2.wp.com\/www1.unicap.br\/assecom1\/wp-content\/uploads\/2013\/10\/aaaaaa.jpg?w=2048&amp;ssl=1 2048w, https:\/\/i2.wp.com\/www1.unicap.br\/assecom1\/wp-content\/uploads\/2013\/10\/aaaaaa.jpg?w=1280&amp;ssl=1 1280w, https:\/\/i2.wp.com\/www1.unicap.br\/assecom1\/wp-content\/uploads\/2013\/10\/aaaaaa.jpg?w=1920&amp;ssl=1 1920w\" sizes=\"(max-width: 300px) 100vw, 300px\" data-recalc-dims=\"1\" \/><\/a><figcaption id=\"caption-attachment-42550\" class=\"wp-caption-text\">Educand\u00e1rio Nossa Senhora do Sagrado Cora\u00e7\u00e3o<\/figcaption><\/figure>\n<p>Um outro projeto realizado pelo Educand\u00e1rio \u00e9 a Sexta Cultural, que acontece na terceira sexta-feira do m\u00eas. Nestes encontros, as crian\u00e7as fazem apresenta\u00e7\u00f5es e vedem artesanatos que elas mesmas produzem. O dinheiro arrecadado \u00e9 destinado \u00e0s fam\u00edlias.<\/p>\n<p>&nbsp;<\/p>\n<p>&nbsp;<\/p>\n<p>&nbsp;<\/p>\n<p>&nbsp;<\/p>\n","protected":false},"excerpt":{"rendered":"<p>Para comemorar o Dia das Crian\u00e7as, a Funda\u00e7\u00e3o Ant\u00f4nio dos Santos Abranches (FASA), est\u00e1 com a campanha Doe Brinquedos. Os donativos ser\u00e3o enviados para o Educand\u00e1rio Nossa Senhora do Sagrado Cora\u00e7\u00e3o, localizado em \u00c1gua Preta, munic\u00edpio do interior pernambucano atingido pela enchente em 2010. Quem desejar participar, pode doar brinquedos at\u00e9 esta quinta-feira, dia 9\/10, [&hellip;]<\/p>\n","protected":false},"author":54,"featured_media":0,"comment_status":"open","ping_status":"open","sticky":false,"template":"","format":"standard","meta":[],"categories":[4],"tags":[],"jetpack-related-posts":[],"_links":{"self":[{"href":"https:\/\/www1.unicap.br\/assecom1\/wp-json\/wp\/v2\/posts\/42546"}],"collection":[{"href":"https:\/\/www1.unicap.br\/assecom1\/wp-json\/wp\/v2\/posts"}],"about":[{"href":"https:\/\/www1.unicap.br\/assecom1\/wp-json\/wp\/v2\/types\/post"}],"author":[{"embeddable":true,"href":"https:\/\/www1.unicap.br\/assecom1\/wp-json\/wp\/v2\/users\/54"}],"replies":[{"embeddable":true,"href":"https:\/\/www1.unicap.br\/assecom1\/wp-json\/wp\/v2\/comments?post=42546"}],"version-history":[{"count":3,"href":"https:\/\/www1.unicap.br\/assecom1\/wp-json\/wp\/v2\/posts\/42546\/revisions"}],"predecessor-version":[{"id":42585,"href":"https:\/\/www1.unicap.br\/assecom1\/wp-json\/wp\/v2\/posts\/42546\/revisions\/42585"}],"wp:attachment":[{"href":"https:\/\/www1.unicap.br\/assecom1\/wp-json\/wp\/v2\/media?parent=42546"}],"wp:term":[{"taxonomy":"category","embeddable":true,"href":"https:\/\/www1.unicap.br\/assecom1\/wp-json\/wp\/v2\/categories?post=42546"},{"taxonomy":"post_tag","embeddable":true,"href":"https:\/\/www1.unicap.br\/assecom1\/wp-json\/wp\/v2\/tags?post=42546"}],"curies":[{"name":"wp","href":"https:\/\/api.w.org\/{rel}","templated":true}]}}