{"id":42534,"date":"2013-10-09T16:33:11","date_gmt":"2013-10-09T19:33:11","guid":{"rendered":"http:\/\/www.unicap.br\/assecom1\/?p=42534"},"modified":"2013-10-09T17:26:52","modified_gmt":"2013-10-09T20:26:52","slug":"os-200-anos-da-restauracao-jesuita-foi-tema-de-palestra-na-unicap","status":"publish","type":"post","link":"https:\/\/www1.unicap.br\/assecom1\/os-200-anos-da-restauracao-jesuita-foi-tema-de-palestra-na-unicap\/","title":{"rendered":"Os 200 anos da Restaura\u00e7\u00e3o Jesu\u00edta foi tema de palestra na Unicap"},"content":{"rendered":"<p>&nbsp;<\/p>\n<figure id=\"attachment_42539\" aria-describedby=\"caption-attachment-42539\" style=\"width: 645px\" class=\"wp-caption alignnone\"><a href=\"https:\/\/i0.wp.com\/www1.unicap.br\/assecom1\/wp-content\/uploads\/2013\/10\/DSCN5323.jpg?ssl=1\"><img data-attachment-id=\"42539\" data-permalink=\"https:\/\/www1.unicap.br\/assecom1\/os-200-anos-da-restauracao-jesuita-foi-tema-de-palestra-na-unicap\/dscn5323\/\" data-orig-file=\"https:\/\/i0.wp.com\/www1.unicap.br\/assecom1\/wp-content\/uploads\/2013\/10\/DSCN5323.jpg?fit=4608%2C3456&amp;ssl=1\" data-orig-size=\"4608,3456\" data-comments-opened=\"1\" data-image-meta=\"{&quot;aperture&quot;:&quot;4.3&quot;,&quot;credit&quot;:&quot;&quot;,&quot;camera&quot;:&quot;COOLPIX L810&quot;,&quot;caption&quot;:&quot;&quot;,&quot;created_timestamp&quot;:&quot;1380897548&quot;,&quot;copyright&quot;:&quot;&quot;,&quot;focal_length&quot;:&quot;13.9&quot;,&quot;iso&quot;:&quot;400&quot;,&quot;shutter_speed&quot;:&quot;0.076923076923077&quot;,&quot;title&quot;:&quot;&quot;}\" data-image-title=\"\" data-image-description=\"\" data-medium-file=\"https:\/\/i0.wp.com\/www1.unicap.br\/assecom1\/wp-content\/uploads\/2013\/10\/DSCN5323.jpg?fit=300%2C225&amp;ssl=1\" data-large-file=\"https:\/\/i0.wp.com\/www1.unicap.br\/assecom1\/wp-content\/uploads\/2013\/10\/DSCN5323.jpg?fit=640%2C480&amp;ssl=1\" loading=\"lazy\" class=\" wp-image-42539 \" alt=\"Padre Pedro \" src=\"https:\/\/i0.wp.com\/www1.unicap.br\/assecom1\/wp-content\/uploads\/2013\/10\/DSCN5323.jpg?resize=640%2C479&#038;ssl=1\" srcset=\"https:\/\/i0.wp.com\/www1.unicap.br\/assecom1\/wp-content\/uploads\/2013\/10\/DSCN5323.jpg?resize=1024%2C768&amp;ssl=1 1024w, https:\/\/i0.wp.com\/www1.unicap.br\/assecom1\/wp-content\/uploads\/2013\/10\/DSCN5323.jpg?resize=300%2C225&amp;ssl=1 300w, https:\/\/i0.wp.com\/www1.unicap.br\/assecom1\/wp-content\/uploads\/2013\/10\/DSCN5323.jpg?w=1280&amp;ssl=1 1280w, https:\/\/i0.wp.com\/www1.unicap.br\/assecom1\/wp-content\/uploads\/2013\/10\/DSCN5323.jpg?w=1920&amp;ssl=1 1920w\" sizes=\"(max-width: 640px) 100vw, 640px\" data-recalc-dims=\"1\" \/><\/a><figcaption id=\"caption-attachment-42539\" class=\"wp-caption-text\">Padre Roberto Barros Dias<\/figcaption><\/figure>\n<p>Para celebrar os 200 anos do retorno da Companhia de Jesus, a Universidade Cat\u00f3lica de Pernambuco, promoveu palestra para debater \u00a0o assunto. A data, que est\u00e1 sendo comemorada mundialmente, \u00a0fala da atua\u00e7\u00e3o da Ordem religiosa.<\/p>\n<p><a href=\"https:\/\/i2.wp.com\/www1.unicap.br\/assecom1\/wp-content\/uploads\/2013\/10\/DSCN5324.jpg?ssl=1\"><img data-attachment-id=\"42540\" data-permalink=\"https:\/\/www1.unicap.br\/assecom1\/os-200-anos-da-restauracao-jesuita-foi-tema-de-palestra-na-unicap\/dscn5324\/\" data-orig-file=\"https:\/\/i2.wp.com\/www1.unicap.br\/assecom1\/wp-content\/uploads\/2013\/10\/DSCN5324.jpg?fit=4608%2C3456&amp;ssl=1\" data-orig-size=\"4608,3456\" data-comments-opened=\"1\" data-image-meta=\"{&quot;aperture&quot;:&quot;3.3&quot;,&quot;credit&quot;:&quot;&quot;,&quot;camera&quot;:&quot;COOLPIX L810&quot;,&quot;caption&quot;:&quot;&quot;,&quot;created_timestamp&quot;:&quot;1380897790&quot;,&quot;copyright&quot;:&quot;&quot;,&quot;focal_length&quot;:&quot;5.3&quot;,&quot;iso&quot;:&quot;400&quot;,&quot;shutter_speed&quot;:&quot;0.1&quot;,&quot;title&quot;:&quot;&quot;}\" data-image-title=\"DSCN5324\" data-image-description=\"\" data-medium-file=\"https:\/\/i2.wp.com\/www1.unicap.br\/assecom1\/wp-content\/uploads\/2013\/10\/DSCN5324.jpg?fit=300%2C225&amp;ssl=1\" data-large-file=\"https:\/\/i2.wp.com\/www1.unicap.br\/assecom1\/wp-content\/uploads\/2013\/10\/DSCN5324.jpg?fit=640%2C480&amp;ssl=1\" loading=\"lazy\" class=\"alignleft size-thumbnail wp-image-42540\" alt=\"DSCN5324\" src=\"https:\/\/i2.wp.com\/www1.unicap.br\/assecom1\/wp-content\/uploads\/2013\/10\/DSCN5324.jpg?resize=150%2C150&#038;ssl=1\" srcset=\"https:\/\/i2.wp.com\/www1.unicap.br\/assecom1\/wp-content\/uploads\/2013\/10\/DSCN5324.jpg?resize=150%2C150&amp;ssl=1 150w, https:\/\/i2.wp.com\/www1.unicap.br\/assecom1\/wp-content\/uploads\/2013\/10\/DSCN5324.jpg?zoom=2&amp;resize=150%2C150&amp;ssl=1 300w, https:\/\/i2.wp.com\/www1.unicap.br\/assecom1\/wp-content\/uploads\/2013\/10\/DSCN5324.jpg?zoom=3&amp;resize=150%2C150&amp;ssl=1 450w\" sizes=\"(max-width: 150px) 100vw, 150px\" data-recalc-dims=\"1\" \/><\/a><\/p>\n<p>O evento, que aconteceu no Centro de Teologia e Ci\u00eancias Humanas (CTCH), foi comandado pelo Padre Roberto Barros Dias, nos turnos da tarde e da noite, desta sexta-feira (04). Nos dois momentos, Padre Roberto, que \u00e9 professor de Hist\u00f3ria da Unicap, fez uma linha cronol\u00f3gica da hist\u00f3ria dos Jesu\u00edtas. A contextualiza\u00e7\u00e3o da funda\u00e7\u00e3o do Companhia Jesu\u00edta, o per\u00edodo de extin\u00e7\u00e3o, a necessidade de restaura\u00e7\u00e3o e a reorganiza\u00e7\u00e3o atual, foram os pontos debatidos.<\/p>\n<p>\u201cA Companhia de Jesus foi criada em 1773 e extinta em 1814. A supress\u00e3o da Ordem durou at\u00e9 o momento em que a Igreja e a sociedade perceberam a import\u00e2ncia dela, tanto para evangelho, quanto para educa\u00e7\u00e3o\u201d, explicou o palestrante.<\/p>\n<figure id=\"attachment_42536\" aria-describedby=\"caption-attachment-42536\" style=\"width: 150px\" class=\"wp-caption alignright\"><a href=\"https:\/\/i2.wp.com\/www1.unicap.br\/assecom1\/wp-content\/uploads\/2013\/10\/DSCN5320.jpg?ssl=1\"><img data-attachment-id=\"42536\" data-permalink=\"https:\/\/www1.unicap.br\/assecom1\/os-200-anos-da-restauracao-jesuita-foi-tema-de-palestra-na-unicap\/dscn5320\/\" data-orig-file=\"https:\/\/i2.wp.com\/www1.unicap.br\/assecom1\/wp-content\/uploads\/2013\/10\/DSCN5320.jpg?fit=4608%2C3456&amp;ssl=1\" data-orig-size=\"4608,3456\" data-comments-opened=\"1\" data-image-meta=\"{&quot;aperture&quot;:&quot;4.1&quot;,&quot;credit&quot;:&quot;&quot;,&quot;camera&quot;:&quot;COOLPIX L810&quot;,&quot;caption&quot;:&quot;&quot;,&quot;created_timestamp&quot;:&quot;1380897324&quot;,&quot;copyright&quot;:&quot;&quot;,&quot;focal_length&quot;:&quot;11.5&quot;,&quot;iso&quot;:&quot;400&quot;,&quot;shutter_speed&quot;:&quot;0.125&quot;,&quot;title&quot;:&quot;&quot;}\" data-image-title=\"\" data-image-description=\"\" data-medium-file=\"https:\/\/i2.wp.com\/www1.unicap.br\/assecom1\/wp-content\/uploads\/2013\/10\/DSCN5320.jpg?fit=300%2C225&amp;ssl=1\" data-large-file=\"https:\/\/i2.wp.com\/www1.unicap.br\/assecom1\/wp-content\/uploads\/2013\/10\/DSCN5320.jpg?fit=640%2C480&amp;ssl=1\" loading=\"lazy\" class=\"size-thumbnail wp-image-42536\" alt=\"Luiz Carlos \" src=\"https:\/\/i2.wp.com\/www1.unicap.br\/assecom1\/wp-content\/uploads\/2013\/10\/DSCN5320.jpg?resize=150%2C150&#038;ssl=1\" srcset=\"https:\/\/i2.wp.com\/www1.unicap.br\/assecom1\/wp-content\/uploads\/2013\/10\/DSCN5320.jpg?resize=150%2C150&amp;ssl=1 150w, https:\/\/i2.wp.com\/www1.unicap.br\/assecom1\/wp-content\/uploads\/2013\/10\/DSCN5320.jpg?zoom=2&amp;resize=150%2C150&amp;ssl=1 300w, https:\/\/i2.wp.com\/www1.unicap.br\/assecom1\/wp-content\/uploads\/2013\/10\/DSCN5320.jpg?zoom=3&amp;resize=150%2C150&amp;ssl=1 450w\" sizes=\"(max-width: 150px) 100vw, 150px\" data-recalc-dims=\"1\" \/><\/a><figcaption id=\"caption-attachment-42536\" class=\"wp-caption-text\">Professor Luiz Carlos<\/figcaption><\/figure>\n<p>O coordenador do curso de Hist\u00f3ria da Cat\u00f3lica, Luiz Carlos Marques, ressaltou a import\u00e2ncia de relembrar a data. \u201cA hist\u00f3ria da Companhia de Jesus se confunde com a hist\u00f3ria do Brasil. Outro aspecto, que faz com que a Ordem religiosa deva ser conhecida, \u00e9 fato dela sempre ter trabalhado para evolu\u00e7\u00e3o da educa\u00e7\u00e3o.\u201d<\/p>\n","protected":false},"excerpt":{"rendered":"<p>&nbsp; Para celebrar os 200 anos do retorno da Companhia de Jesus, a Universidade Cat\u00f3lica de Pernambuco, promoveu palestra para debater \u00a0o assunto. A data, que est\u00e1 sendo comemorada mundialmente, \u00a0fala da atua\u00e7\u00e3o da Ordem religiosa. O evento, que aconteceu no Centro de Teologia e Ci\u00eancias Humanas (CTCH), foi comandado pelo Padre Roberto Barros Dias, [&hellip;]<\/p>\n","protected":false},"author":54,"featured_media":0,"comment_status":"open","ping_status":"open","sticky":false,"template":"","format":"standard","meta":[],"categories":[4],"tags":[],"jetpack-related-posts":[],"_links":{"self":[{"href":"https:\/\/www1.unicap.br\/assecom1\/wp-json\/wp\/v2\/posts\/42534"}],"collection":[{"href":"https:\/\/www1.unicap.br\/assecom1\/wp-json\/wp\/v2\/posts"}],"about":[{"href":"https:\/\/www1.unicap.br\/assecom1\/wp-json\/wp\/v2\/types\/post"}],"author":[{"embeddable":true,"href":"https:\/\/www1.unicap.br\/assecom1\/wp-json\/wp\/v2\/users\/54"}],"replies":[{"embeddable":true,"href":"https:\/\/www1.unicap.br\/assecom1\/wp-json\/wp\/v2\/comments?post=42534"}],"version-history":[{"count":4,"href":"https:\/\/www1.unicap.br\/assecom1\/wp-json\/wp\/v2\/posts\/42534\/revisions"}],"predecessor-version":[{"id":42594,"href":"https:\/\/www1.unicap.br\/assecom1\/wp-json\/wp\/v2\/posts\/42534\/revisions\/42594"}],"wp:attachment":[{"href":"https:\/\/www1.unicap.br\/assecom1\/wp-json\/wp\/v2\/media?parent=42534"}],"wp:term":[{"taxonomy":"category","embeddable":true,"href":"https:\/\/www1.unicap.br\/assecom1\/wp-json\/wp\/v2\/categories?post=42534"},{"taxonomy":"post_tag","embeddable":true,"href":"https:\/\/www1.unicap.br\/assecom1\/wp-json\/wp\/v2\/tags?post=42534"}],"curies":[{"name":"wp","href":"https:\/\/api.w.org\/{rel}","templated":true}]}}