{"id":42365,"date":"2013-09-27T15:10:52","date_gmt":"2013-09-27T18:10:52","guid":{"rendered":"http:\/\/www.unicap.br\/assecom1\/?p=42365"},"modified":"2018-01-16T09:49:30","modified_gmt":"2018-01-16T12:49:30","slug":"debate-sobre-internet-encerra-a-34a-semana-de-filosofia-da-catolica","status":"publish","type":"post","link":"https:\/\/www1.unicap.br\/assecom1\/debate-sobre-internet-encerra-a-34a-semana-de-filosofia-da-catolica\/","title":{"rendered":"Debate sobre internet encerra a 34\u00aa Semana de Filosofia da Cat\u00f3lica"},"content":{"rendered":"<figure id=\"attachment_42366\" aria-describedby=\"caption-attachment-42366\" style=\"width: 645px\" class=\"wp-caption alignnone\"><img data-attachment-id=\"42366\" data-permalink=\"https:\/\/www1.unicap.br\/assecom1\/debate-sobre-internet-encerra-a-34a-semana-de-filosofia-da-catolica\/dscn5275\/\" data-orig-file=\"https:\/\/i2.wp.com\/www1.unicap.br\/assecom1\/wp-content\/uploads\/2013\/09\/DSCN5275.jpg?fit=4608%2C3456&amp;ssl=1\" data-orig-size=\"4608,3456\" data-comments-opened=\"1\" data-image-meta=\"{&quot;aperture&quot;:&quot;3.1&quot;,&quot;credit&quot;:&quot;&quot;,&quot;camera&quot;:&quot;COOLPIX L810&quot;,&quot;caption&quot;:&quot;&quot;,&quot;created_timestamp&quot;:&quot;1380310923&quot;,&quot;copyright&quot;:&quot;&quot;,&quot;focal_length&quot;:&quot;4&quot;,&quot;iso&quot;:&quot;200&quot;,&quot;shutter_speed&quot;:&quot;0.033333333333333&quot;,&quot;title&quot;:&quot;&quot;}\" data-image-title=\"DSCN5275\" data-image-description=\"\" data-medium-file=\"https:\/\/i2.wp.com\/www1.unicap.br\/assecom1\/wp-content\/uploads\/2013\/09\/DSCN5275.jpg?fit=300%2C225&amp;ssl=1\" data-large-file=\"https:\/\/i2.wp.com\/www1.unicap.br\/assecom1\/wp-content\/uploads\/2013\/09\/DSCN5275.jpg?fit=640%2C480&amp;ssl=1\" loading=\"lazy\" class=\"wp-image-42366 \" src=\"https:\/\/i2.wp.com\/www1.unicap.br\/assecom1\/wp-content\/uploads\/2013\/09\/DSCN5275.jpg?resize=640%2C479&#038;ssl=1\" alt=\"DSCN5275\" srcset=\"https:\/\/i2.wp.com\/www1.unicap.br\/assecom1\/wp-content\/uploads\/2013\/09\/DSCN5275.jpg?resize=1024%2C768&amp;ssl=1 1024w, https:\/\/i2.wp.com\/www1.unicap.br\/assecom1\/wp-content\/uploads\/2013\/09\/DSCN5275.jpg?resize=300%2C225&amp;ssl=1 300w, https:\/\/i2.wp.com\/www1.unicap.br\/assecom1\/wp-content\/uploads\/2013\/09\/DSCN5275.jpg?w=1280&amp;ssl=1 1280w, https:\/\/i2.wp.com\/www1.unicap.br\/assecom1\/wp-content\/uploads\/2013\/09\/DSCN5275.jpg?w=1920&amp;ssl=1 1920w\" sizes=\"(max-width: 640px) 100vw, 640px\" data-recalc-dims=\"1\" \/><figcaption id=\"caption-attachment-42366\" class=\"wp-caption-text\">Da esquerda para a direita: Jos\u00e9 Tadeu, Leandro Reis, Jo\u00e3o Evangelista, Roberto Markeson, Felipe Xavier e Rebeca Rabelo<\/figcaption><\/figure>\n<p>Com apresenta\u00e7\u00e3o da MPB Unicap, que tocou sucessos de Luiz Gonzaga, Jo\u00e3o do Vale e Alceu Valen\u00e7a, chegou ao fim, pelo menos a edi\u00e7\u00e3o deste ano, da 34\u00aa Semana de Filosofia. Com apoio do Instituto Humanitas e homenageando os 70 anos da Universidade Cat\u00f3lica de Pernambuco, o audit\u00f3rio do bloco B recebeu uma mesa-redonda, com debate sobre o meio de comunica\u00e7\u00e3o de massa do momento, a internet, e cr\u00edticas sobre as formula\u00e7\u00f5es antropol\u00f3gicas do pensamento ocidental. Na mesa, os professores da Unicap Jos\u00e9 Tadeu e Jo\u00e3o Evangelista, al\u00e9m do tamb\u00e9m professor e convidado, Roberto Markeson. Os alunos tamb\u00e9m se fizeram presente no debate, representados por Felipe Xavier, Rebeca Rabelo e Leandro Reis.<\/p>\n<p>Jo\u00e3o pensou a internet filosoficamente, a partir do livro <i>Dial\u00e9tica do Esclarecimento<\/i>, dos fil\u00f3sofos Theodor Adorno e Max Horkheimer, os primeiros a pensar na ind\u00fastria cultural, nos meios de comunica\u00e7\u00e3o de massa. \u201cO fundamento te\u00f3rico dos dois \u00e9 a teoria cr\u00edtica que se renova a cada momento, compreendendo a verdade como hist\u00f3ria e acompanhando o seu tempo. \u00c9 quase que uma exig\u00eancia ent\u00e3o, como renova\u00e7\u00e3o filos\u00f3fica, analisar esse novo meio de comunica\u00e7\u00e3o de massa\u201d, ressaltou. \u201cA quest\u00e3o central do meu debate vai ser esse car\u00e1ter d\u00fabio da internet. Ser\u00e1 que ela tamb\u00e9m \u00e9, como os outros meios, um instrumento de controle das massas ou ser\u00e1, ent\u00e3o, uma tentativa de emancipa\u00e7\u00e3o, onde o espectador tamb\u00e9m pode ser emissor?\u201d, indagou.<\/p>\n<figure id=\"attachment_42368\" aria-describedby=\"caption-attachment-42368\" style=\"width: 300px\" class=\"wp-caption alignright\"><img data-attachment-id=\"42368\" data-permalink=\"https:\/\/www1.unicap.br\/assecom1\/debate-sobre-internet-encerra-a-34a-semana-de-filosofia-da-catolica\/rscn5253\/\" data-orig-file=\"https:\/\/i2.wp.com\/www1.unicap.br\/assecom1\/wp-content\/uploads\/2013\/09\/RSCN5253.jpg?fit=1600%2C1200&amp;ssl=1\" data-orig-size=\"1600,1200\" data-comments-opened=\"1\" data-image-meta=\"{&quot;aperture&quot;:&quot;3.1&quot;,&quot;credit&quot;:&quot;&quot;,&quot;camera&quot;:&quot;COOLPIX L810&quot;,&quot;caption&quot;:&quot;&quot;,&quot;created_timestamp&quot;:&quot;1380308749&quot;,&quot;copyright&quot;:&quot;&quot;,&quot;focal_length&quot;:&quot;4&quot;,&quot;iso&quot;:&quot;400&quot;,&quot;shutter_speed&quot;:&quot;0.05&quot;,&quot;title&quot;:&quot;&quot;}\" data-image-title=\"RSCN5253\" data-image-description=\"\" data-medium-file=\"https:\/\/i2.wp.com\/www1.unicap.br\/assecom1\/wp-content\/uploads\/2013\/09\/RSCN5253.jpg?fit=300%2C225&amp;ssl=1\" data-large-file=\"https:\/\/i2.wp.com\/www1.unicap.br\/assecom1\/wp-content\/uploads\/2013\/09\/RSCN5253.jpg?fit=640%2C480&amp;ssl=1\" loading=\"lazy\" class=\"size-medium wp-image-42368 \" src=\"https:\/\/i2.wp.com\/www1.unicap.br\/assecom1\/wp-content\/uploads\/2013\/09\/RSCN5253.jpg?resize=300%2C225&#038;ssl=1\" alt=\"\" srcset=\"https:\/\/i2.wp.com\/www1.unicap.br\/assecom1\/wp-content\/uploads\/2013\/09\/RSCN5253.jpg?resize=300%2C225&amp;ssl=1 300w, https:\/\/i2.wp.com\/www1.unicap.br\/assecom1\/wp-content\/uploads\/2013\/09\/RSCN5253.jpg?resize=1024%2C768&amp;ssl=1 1024w, https:\/\/i2.wp.com\/www1.unicap.br\/assecom1\/wp-content\/uploads\/2013\/09\/RSCN5253.jpg?w=1600&amp;ssl=1 1600w, https:\/\/i2.wp.com\/www1.unicap.br\/assecom1\/wp-content\/uploads\/2013\/09\/RSCN5253.jpg?w=1280&amp;ssl=1 1280w\" sizes=\"(max-width: 300px) 100vw, 300px\" data-recalc-dims=\"1\" \/><figcaption id=\"caption-attachment-42368\" class=\"wp-caption-text\">MPB Unicap com Percy Marques e Surama Rheis<\/figcaption><\/figure>\n<p>Figura carimbada em praticamente todas as confer\u00eancias noturnas, Jos\u00e9 abordou a concep\u00e7\u00e3o levinasiana de antropologia. \u201cLevinais (Emmanuel Levinais, fil\u00f3sofo franc\u00eas) mostra que o humanismo, que vem desde o mundo grego, padece de um de mal radical, que \u00e9 n\u00e3o ter atentado para o fato de que as teorias elaboradas sobre o homem n\u00e3o garantem a efetividade do ser quanto humano\u201d, frisou. \u201cO humanismo ent\u00e3o passa a ser uma teoria sobre os homens, mas que n\u00e3o garante a afirma\u00e7\u00e3o, digamos assim, da humanidade do ser vivo e a sua express\u00e3o nas v\u00e1rias institui\u00e7\u00f5es, como na educa\u00e7\u00e3o, cultura e hist\u00f3ria\u201d, explicou. Tadeu ainda concluiu que \u201ca preocupa\u00e7\u00e3o do fil\u00f3sofo \u00e9 garantir que os serem humanos sejas o p\u00f3los articuladores dos sentidos poss\u00edveis e das teorias, n\u00e3o apenas um conceito abstrato ou uma formula\u00e7\u00e3o te\u00f3rica espec\u00edfica\u201d.<\/p>\n","protected":false},"excerpt":{"rendered":"<p>Com apresenta\u00e7\u00e3o da MPB Unicap, que tocou sucessos de Luiz Gonzaga, Jo\u00e3o do Vale e Alceu Valen\u00e7a, chegou ao fim, pelo menos a edi\u00e7\u00e3o deste ano, da 34\u00aa Semana de Filosofia. Com apoio do Instituto Humanitas e homenageando os 70 anos da Universidade Cat\u00f3lica de Pernambuco, o audit\u00f3rio do bloco B recebeu uma mesa-redonda, com [&hellip;]<\/p>\n","protected":false},"author":53,"featured_media":0,"comment_status":"open","ping_status":"open","sticky":false,"template":"","format":"standard","meta":[],"categories":[4],"tags":[],"jetpack-related-posts":[],"_links":{"self":[{"href":"https:\/\/www1.unicap.br\/assecom1\/wp-json\/wp\/v2\/posts\/42365"}],"collection":[{"href":"https:\/\/www1.unicap.br\/assecom1\/wp-json\/wp\/v2\/posts"}],"about":[{"href":"https:\/\/www1.unicap.br\/assecom1\/wp-json\/wp\/v2\/types\/post"}],"author":[{"embeddable":true,"href":"https:\/\/www1.unicap.br\/assecom1\/wp-json\/wp\/v2\/users\/53"}],"replies":[{"embeddable":true,"href":"https:\/\/www1.unicap.br\/assecom1\/wp-json\/wp\/v2\/comments?post=42365"}],"version-history":[{"count":6,"href":"https:\/\/www1.unicap.br\/assecom1\/wp-json\/wp\/v2\/posts\/42365\/revisions"}],"predecessor-version":[{"id":75958,"href":"https:\/\/www1.unicap.br\/assecom1\/wp-json\/wp\/v2\/posts\/42365\/revisions\/75958"}],"wp:attachment":[{"href":"https:\/\/www1.unicap.br\/assecom1\/wp-json\/wp\/v2\/media?parent=42365"}],"wp:term":[{"taxonomy":"category","embeddable":true,"href":"https:\/\/www1.unicap.br\/assecom1\/wp-json\/wp\/v2\/categories?post=42365"},{"taxonomy":"post_tag","embeddable":true,"href":"https:\/\/www1.unicap.br\/assecom1\/wp-json\/wp\/v2\/tags?post=42365"}],"curies":[{"name":"wp","href":"https:\/\/api.w.org\/{rel}","templated":true}]}}