{"id":42361,"date":"2013-09-27T23:34:11","date_gmt":"2013-09-28T02:34:11","guid":{"rendered":"http:\/\/www.unicap.br\/assecom1\/?p=42361"},"modified":"2013-09-27T23:34:11","modified_gmt":"2013-09-28T02:34:11","slug":"ex-aluno-do-curso-de-fotografia-da-unicap-vence-concurso-set-universitario","status":"publish","type":"post","link":"https:\/\/www1.unicap.br\/assecom1\/ex-aluno-do-curso-de-fotografia-da-unicap-vence-concurso-set-universitario\/","title":{"rendered":"Ex-aluno do curso de Fotografia da Unicap vence concurso Set Universit\u00e1rio"},"content":{"rendered":"<p>&nbsp;<\/p>\n<p>&nbsp;<\/p>\n<p><a href=\"https:\/\/i1.wp.com\/www1.unicap.br\/assecom1\/wp-content\/uploads\/2013\/09\/oo.jpg?ssl=1\"><img data-attachment-id=\"42362\" data-permalink=\"https:\/\/www1.unicap.br\/assecom1\/ex-aluno-do-curso-de-fotografia-da-unicap-vence-concurso-set-universitario\/oo\/\" data-orig-file=\"https:\/\/i1.wp.com\/www1.unicap.br\/assecom1\/wp-content\/uploads\/2013\/09\/oo.jpg?fit=541%2C714&amp;ssl=1\" data-orig-size=\"541,714\" data-comments-opened=\"1\" data-image-meta=\"{&quot;aperture&quot;:&quot;0&quot;,&quot;credit&quot;:&quot;&quot;,&quot;camera&quot;:&quot;&quot;,&quot;caption&quot;:&quot;&quot;,&quot;created_timestamp&quot;:&quot;0&quot;,&quot;copyright&quot;:&quot;&quot;,&quot;focal_length&quot;:&quot;0&quot;,&quot;iso&quot;:&quot;0&quot;,&quot;shutter_speed&quot;:&quot;0&quot;,&quot;title&quot;:&quot;&quot;}\" data-image-title=\"oo\" data-image-description=\"\" data-medium-file=\"https:\/\/i1.wp.com\/www1.unicap.br\/assecom1\/wp-content\/uploads\/2013\/09\/oo.jpg?fit=227%2C300&amp;ssl=1\" data-large-file=\"https:\/\/i1.wp.com\/www1.unicap.br\/assecom1\/wp-content\/uploads\/2013\/09\/oo.jpg?fit=541%2C714&amp;ssl=1\" loading=\"lazy\" class=\"aligncenter size-full wp-image-42362\" alt=\"oo\" src=\"https:\/\/i1.wp.com\/www1.unicap.br\/assecom1\/wp-content\/uploads\/2013\/09\/oo.jpg?resize=541%2C714&#038;ssl=1\" srcset=\"https:\/\/i1.wp.com\/www1.unicap.br\/assecom1\/wp-content\/uploads\/2013\/09\/oo.jpg?w=541&amp;ssl=1 541w, https:\/\/i1.wp.com\/www1.unicap.br\/assecom1\/wp-content\/uploads\/2013\/09\/oo.jpg?resize=227%2C300&amp;ssl=1 227w\" sizes=\"(max-width: 541px) 100vw, 541px\" data-recalc-dims=\"1\" \/><\/a><\/p>\n<p>O fot\u00f3grafo Miton Raulino de Souza, ex-aluno do curso de Fotografia da Cat\u00f3lica, foi o ganhador da Mostra Competitiva Set Universit\u00e1rio, na categoria fotografia jornal\u00edstica. O evento, que \u00e9 organizado pela PUC do Rio Grande do Sul, premia trabalhos realizados na \u00e1rea de comunica\u00e7\u00e3o.<\/p>\n<p><a href=\"https:\/\/i2.wp.com\/www1.unicap.br\/assecom1\/wp-content\/uploads\/2013\/09\/Sem-t\u00edtulo.jpg?ssl=1\"><img data-attachment-id=\"42363\" data-permalink=\"https:\/\/www1.unicap.br\/assecom1\/ex-aluno-do-curso-de-fotografia-da-unicap-vence-concurso-set-universitario\/sem-titulo-13\/\" data-orig-file=\"https:\/\/i2.wp.com\/www1.unicap.br\/assecom1\/wp-content\/uploads\/2013\/09\/Sem-t\u00edtulo.jpg?fit=544%2C674&amp;ssl=1\" data-orig-size=\"544,674\" data-comments-opened=\"1\" data-image-meta=\"{&quot;aperture&quot;:&quot;0&quot;,&quot;credit&quot;:&quot;&quot;,&quot;camera&quot;:&quot;&quot;,&quot;caption&quot;:&quot;&quot;,&quot;created_timestamp&quot;:&quot;0&quot;,&quot;copyright&quot;:&quot;&quot;,&quot;focal_length&quot;:&quot;0&quot;,&quot;iso&quot;:&quot;0&quot;,&quot;shutter_speed&quot;:&quot;0&quot;,&quot;title&quot;:&quot;&quot;}\" data-image-title=\"Sem t\u00edtulo\" data-image-description=\"\" data-medium-file=\"https:\/\/i2.wp.com\/www1.unicap.br\/assecom1\/wp-content\/uploads\/2013\/09\/Sem-t\u00edtulo.jpg?fit=242%2C300&amp;ssl=1\" data-large-file=\"https:\/\/i2.wp.com\/www1.unicap.br\/assecom1\/wp-content\/uploads\/2013\/09\/Sem-t\u00edtulo.jpg?fit=544%2C674&amp;ssl=1\" loading=\"lazy\" class=\"alignright size-thumbnail wp-image-42363\" alt=\"Sem t\u00edtulo\" src=\"https:\/\/i2.wp.com\/www1.unicap.br\/assecom1\/wp-content\/uploads\/2013\/09\/Sem-t\u00edtulo.jpg?resize=150%2C150&#038;ssl=1\" srcset=\"https:\/\/i2.wp.com\/www1.unicap.br\/assecom1\/wp-content\/uploads\/2013\/09\/Sem-t\u00edtulo.jpg?resize=150%2C150&amp;ssl=1 150w, https:\/\/i2.wp.com\/www1.unicap.br\/assecom1\/wp-content\/uploads\/2013\/09\/Sem-t\u00edtulo.jpg?zoom=2&amp;resize=150%2C150&amp;ssl=1 300w, https:\/\/i2.wp.com\/www1.unicap.br\/assecom1\/wp-content\/uploads\/2013\/09\/Sem-t\u00edtulo.jpg?zoom=3&amp;resize=150%2C150&amp;ssl=1 450w\" sizes=\"(max-width: 150px) 100vw, 150px\" data-recalc-dims=\"1\" \/><\/a><\/p>\n<p>O ensaio fotogr\u00e1fico feito por Milton, intitulado <i>O ber\u00e7o da m\u00fasica, <\/i>contempla o universo dos luthiers &#8211; artes\u00e3os de instrumentos musicais &#8211; da cidade do Recife. As fotografias tinham sido apresentadas como trabalho de conclus\u00e3o de curso, sendo depois expostas na Intercom. O que rendeu outro pr\u00eamio ao fot\u00f3grafo.<\/p>\n<p>&nbsp;<\/p>\n<p>Milton registrou em sua lente o trabalho de artes\u00e3os em seus ateli\u00eas, confeccionando e restaurando alguns instrumentos. \u201cA ideia era abordar tanto o cl\u00e1ssico como o popular, mostrando as diferentes fases da produ\u00e7\u00e3o de um instrumento at\u00e9 o momento em que ele \u00e9 tocado\u201d, explicou o fot\u00f3grafo.<\/p>\n<p>O tema foi escolhido pelo fato da lutheria ser uma profiss\u00e3o pouco valorizada, apesar de ser um trabalho com alto valor art\u00edstico. \u201cProduzir um instrumento artesanalmente \u00e9 como produzir um quadro: leva tempo, criatividade, empenho do artista, emprego de material de qualidade\u201d, completou Milton.<\/p>\n<p>Os alunos e ex-alunos da Universidade Cat\u00f3lica de Pernambuco j\u00e1 participam do Set Universit\u00e1rio h\u00e1 18 anos, sendo esta a 16\u00aa vez que os estudantes da Unicap levam o pr\u00eamio para casa.<\/p>\n<p>&nbsp;<\/p>\n","protected":false},"excerpt":{"rendered":"<p>&nbsp; &nbsp; O fot\u00f3grafo Miton Raulino de Souza, ex-aluno do curso de Fotografia da Cat\u00f3lica, foi o ganhador da Mostra Competitiva Set Universit\u00e1rio, na categoria fotografia jornal\u00edstica. O evento, que \u00e9 organizado pela PUC do Rio Grande do Sul, premia trabalhos realizados na \u00e1rea de comunica\u00e7\u00e3o. O ensaio fotogr\u00e1fico feito por Milton, intitulado O ber\u00e7o [&hellip;]<\/p>\n","protected":false},"author":54,"featured_media":0,"comment_status":"open","ping_status":"open","sticky":false,"template":"","format":"standard","meta":[],"categories":[4],"tags":[],"jetpack-related-posts":[],"_links":{"self":[{"href":"https:\/\/www1.unicap.br\/assecom1\/wp-json\/wp\/v2\/posts\/42361"}],"collection":[{"href":"https:\/\/www1.unicap.br\/assecom1\/wp-json\/wp\/v2\/posts"}],"about":[{"href":"https:\/\/www1.unicap.br\/assecom1\/wp-json\/wp\/v2\/types\/post"}],"author":[{"embeddable":true,"href":"https:\/\/www1.unicap.br\/assecom1\/wp-json\/wp\/v2\/users\/54"}],"replies":[{"embeddable":true,"href":"https:\/\/www1.unicap.br\/assecom1\/wp-json\/wp\/v2\/comments?post=42361"}],"version-history":[{"count":3,"href":"https:\/\/www1.unicap.br\/assecom1\/wp-json\/wp\/v2\/posts\/42361\/revisions"}],"predecessor-version":[{"id":42374,"href":"https:\/\/www1.unicap.br\/assecom1\/wp-json\/wp\/v2\/posts\/42361\/revisions\/42374"}],"wp:attachment":[{"href":"https:\/\/www1.unicap.br\/assecom1\/wp-json\/wp\/v2\/media?parent=42361"}],"wp:term":[{"taxonomy":"category","embeddable":true,"href":"https:\/\/www1.unicap.br\/assecom1\/wp-json\/wp\/v2\/categories?post=42361"},{"taxonomy":"post_tag","embeddable":true,"href":"https:\/\/www1.unicap.br\/assecom1\/wp-json\/wp\/v2\/tags?post=42361"}],"curies":[{"name":"wp","href":"https:\/\/api.w.org\/{rel}","templated":true}]}}